{"id":77364,"date":"2021-04-13T19:39:44","date_gmt":"2021-04-13T22:39:44","guid":{"rendered":"http:\/\/pdt-rj.org.br\/?p=77364"},"modified":"2021-04-16T02:23:40","modified_gmt":"2021-04-16T05:23:40","slug":"ciro-a-antena-do-pensamento-progressista-brasileiro-esta-envelhecida","status":"publish","type":"post","link":"https:\/\/pdt-rj.org.br\/index.php\/ciro-a-antena-do-pensamento-progressista-brasileiro-esta-envelhecida\/","title":{"rendered":"Ciro: A antena do pensamento progressista brasileiro est\u00e1 envelhecida"},"content":{"rendered":"<p><span style=\"color: #000000; font-family: times new roman, serif;\">Por estes dias de ang\u00fastia e revolta, estava conversando com um bom amigo e dele ouvi um palpite que me encheu o cora\u00e7\u00e3o como uma forte profecia: a humanidade est\u00e1 \u00e0s v\u00e9speras de uma revolucion\u00e1ria onda de alegria. \u00c9 muito prov\u00e1vel que estejamos mesmo na imin\u00eancia de uma dessas viradas hist\u00f3ricas que a vida constr\u00f3i depois de vencer ciclos de morte e viol\u00eancia. Sem compromisso com a data\u00e7\u00e3o, penso na<em>\u00a0Belle \u00c9poque<\/em>, no Renascimento, na explos\u00e3o de progresso t\u00e9cnico do p\u00f3s-Segunda Guerra Mundial, na insurg\u00eancia juvenil contra o autoritarismo e a guerra na Fran\u00e7a e na Am\u00e9rica do Norte. Imposs\u00edvel n\u00e3o citar Caetano Veloso, que foi perseguido por anunciar \u201cAlegria, Alegria\u201d no confronto aos ditados cru\u00e9is e covardes da ditadura brasileira.<\/span><\/p>\n<p><span style=\"color: #000000; font-family: times new roman, serif;\">Em cada momento dessa fuga para o futuro, me sinto cobrado pelo meu realismo experiente e pelo meu luto. Como profetizar uma explos\u00e3o de alegria em meio a tantos cad\u00e1veres, muitos deles com rostos familiares, outros tantos que s\u00f3 morreram porque falhamos na pol\u00edtica e deixamos um genocida tomar o poder pela m\u00e3o de uma gente t\u00e3o amada quanto o povo brasileiro. Mas vou insistir. Preciso insistir. N\u00e3o \u00e9 s\u00f3 a cren\u00e7a supersticiosa do ditado popular que diz que depois da tempestade vem a bonan\u00e7a. N\u00e3o, \u00e9 muito mais.<\/span><\/p>\n<p><span style=\"color: #000000; font-family: times new roman, serif;\">N\u00e3o ser\u00e1 un\u00e2nime, nem se distribuir\u00e1 no tempo e entre as na\u00e7\u00f5es do mundo de forma homog\u00eanea ou simult\u00e2nea. A necropol\u00edtica tem militantes, tem quem lucre com ela. Mas eles existiam na Idade M\u00e9dia e na execr\u00e1vel Inquisi\u00e7\u00e3o, mas a peste negra cuidou de desmoralizar a supersti\u00e7\u00e3o, valorizar a ci\u00eancia e inaugurar um generoso per\u00edodo de progresso.<\/span><\/p>\n<p><span style=\"color: #000000; font-family: times new roman, serif;\">Podermos voltar a confraternizar sem medo ou remorso no bar, na praia, nas pra\u00e7as, nos templos ou com\u00edcios, depois de quase dois anos de restri\u00e7\u00e3o nos far\u00e1 voltar a dar valor ao que temos. E o que tem valor \u00e9 a comunh\u00e3o de nossas almas e c\u00e9rebros para construir uma nova ordem, na qual a enfermeira e o profissional de sa\u00fade ter\u00e3o mais valor, sem desmerecimento de ningu\u00e9m, do que um astro do futebol ou um cantor sertanejo.<\/span><\/p>\n<p><span style=\"color: #000000; font-family: times new roman, serif;\">Podermos de novo viajar mundo afora, real ou virtualmente, nos far\u00e1 ver que o que estava posto antes da Covid-19, em mat\u00e9ria de organiza\u00e7\u00e3o dos Estados nacionais e suas rela\u00e7\u00f5es com a economia, era ideologia de quinta categoria que nos venderam como ci\u00eancia boa, aproveitando-se de nossa vulnerabilidade ao consumismo materialista e destruidor da sanidade de nosso planeta, esta bolinha azul t\u00e3o fr\u00e1gil e delicada.<\/span><\/p>\n<p><span style=\"color: #000000; font-family: times new roman, serif;\">A lembran\u00e7a de que cientistas do mundo inteiro, de pa\u00edses os mais diversos, de ideologias as mais d\u00edspares, se entregaram ao esfor\u00e7o de salvar vidas e o fizeram num espa\u00e7o de tempo recorde, a tempo suficiente para imunizar toda a humanidade no lapso de pouco mais de um ano ser\u00e1 li\u00e7\u00e3o preciosa para que a nossa juventude fa\u00e7a uma aposta nos estudos, na ci\u00eancia, na tecnologia. E o espa\u00e7o do obscurantismo, da supersti\u00e7\u00e3o, da manipula\u00e7\u00e3o cretina de nossa f\u00e9 na transcend\u00eancia da alma humana e no divino ser\u00e1 muito diminu\u00eddo.<\/span><\/p>\n<p><span style=\"color: #000000; font-family: times new roman, serif;\">As sequelas econ\u00f4micas de nosso esfor\u00e7o por salvar vidas impor\u00e3o aos tomadores de decis\u00e3o que se libertem de quatro d\u00e9cadas de prostra\u00e7\u00e3o a uma ideia \u00fanica, promessa falsa de uma efici\u00eancia jamais entregue, mas que nos deixou t\u00e3o fr\u00e1geis e vulner\u00e1veis ao v\u00edrus e aos milh\u00f5es de mortes e generalizada debacle econ\u00f4mica. A pol\u00edtica voltar\u00e1 a ter signific\u00e2ncia porque s\u00f3 ela \u00e9 capaz de despertar uma imagina\u00e7\u00e3o institucional rebelde que substitua a supersti\u00e7\u00e3o ideol\u00f3gica interesseira por racionalidade, intelig\u00eancia, pluralismo de ideias, uma resposta \u00e0 altura ao colapso em que vivemos.<\/span><\/p>\n<p><span style=\"color: #000000; font-family: times new roman, serif;\">Voc\u00ea pode dizer que sou um sonhador, mas eu n\u00e3o sou o \u00fanico, diz John Lennon. N\u00e3o sendo poeta, eu lhes digo, a revolu\u00e7\u00e3o come\u00e7ou: na Nova Zel\u00e2ndia, os primeiros shows em est\u00e1dios voltaram a acontecer e a juventude veio em massa anunciar o novo tempo. Em Londres, um governo conservador anuncia a cria\u00e7\u00e3o de um banco p\u00fablico para financiar a infraestrutura. Nos EUA, Joe Biden anuncia valores in\u00e9ditos para educa\u00e7\u00e3o, energia limpa, tecnologia, infraestrutura, o bem-estar, enfim. E diz que os dinheiros para pagar a conta vir\u00e3o dos ricos. Ora, que obviedade que a pandemia, final, a custo amargo, nos fez ver.<\/span><\/p>\n<p><span style=\"color: #000000; font-family: times new roman, serif;\">No Brasil, bem, no Brasil vai ser assim tamb\u00e9m, mas com muito atraso e muita contradi\u00e7\u00e3o. Entre n\u00f3s, a vacina\u00e7\u00e3o que deflagra a onda de alegria e renascen\u00e7a est\u00e1 muito lenta. Mas tamb\u00e9m por aqui aquilo que sempre foi a antena do pensamento progressista est\u00e1 envelhecido, sem ideias, tomado de sentimento de vingan\u00e7a ou de uma gratid\u00e3o a um passado que, como diz Belchior, \u00e9 uma roupa que n\u00e3o nos serve mais. Mas a onda de alegria que vem por a\u00ed ser\u00e1 t\u00e3o arrebatadora e comovente que a todos (menos ao quase meio milh\u00e3o de mortos que choraremos para sempre) arrastar\u00e1. Saiam da frente velhacos, bruxos, charlat\u00e3es, eg\u00f3latras.<\/span><\/p>\n<p class=\"yiv5180962971MsoNormal\"><em><b><span style=\"color: #000000; font-family: times new roman, serif;\">* Ciro Gomes \u00e9 vice-presidente nacional do PDT, pr\u00e9-candidato a presidente da Rep\u00fablica, ex-governador do Cear\u00e1 e ex-ministro da Fazenda<\/span><\/b><\/em><\/p>\n<!-- AddThis Advanced Settings generic via filter on the_content --><!-- AddThis Share Buttons generic via filter on the_content -->","protected":false},"excerpt":{"rendered":"<p>Por estes dias de ang\u00fastia e revolta, estava conversando com um bom amigo e dele ouvi um palpite que me encheu o cora\u00e7\u00e3o como uma forte profecia: a humanidade est\u00e1 \u00e0s v\u00e9speras de uma revolucion\u00e1ria onda de alegria. \u00c9 muito prov\u00e1vel que estejamos mesmo na imin\u00eancia de uma dessas viradas hist\u00f3ricas que a vida constr\u00f3i&#8230;<!-- AddThis Advanced Settings generic via filter on wp_trim_excerpt --><!-- AddThis Share Buttons generic via filter on wp_trim_excerpt --><\/p>\n","protected":false},"author":17,"featured_media":77368,"comment_status":"closed","ping_status":"closed","sticky":false,"template":"","format":"standard","meta":{"_monsterinsights_skip_tracking":false,"_monsterinsights_sitenote_active":false,"_monsterinsights_sitenote_note":"","_monsterinsights_sitenote_category":0,"_uf_show_specific_survey":0,"_uf_disable_surveys":false,"footnotes":""},"categories":[1584,1390,976],"tags":[2061,220,3348,4684,4683],"class_list":["post-77364","post","type-post","status-publish","format-standard","has-post-thumbnail","hentry","category-artigos","category-editorias","category-noticias-em-destaque","tag-caetano-veloso","tag-ciro-gomes","tag-covid-19","tag-necropolitica","tag-pensamento-progressista"],"acf":[],"_links":{"self":[{"href":"https:\/\/pdt-rj.org.br\/index.php\/wp-json\/wp\/v2\/posts\/77364","targetHints":{"allow":["GET"]}}],"collection":[{"href":"https:\/\/pdt-rj.org.br\/index.php\/wp-json\/wp\/v2\/posts"}],"about":[{"href":"https:\/\/pdt-rj.org.br\/index.php\/wp-json\/wp\/v2\/types\/post"}],"author":[{"embeddable":true,"href":"https:\/\/pdt-rj.org.br\/index.php\/wp-json\/wp\/v2\/users\/17"}],"replies":[{"embeddable":true,"href":"https:\/\/pdt-rj.org.br\/index.php\/wp-json\/wp\/v2\/comments?post=77364"}],"version-history":[{"count":2,"href":"https:\/\/pdt-rj.org.br\/index.php\/wp-json\/wp\/v2\/posts\/77364\/revisions"}],"predecessor-version":[{"id":77382,"href":"https:\/\/pdt-rj.org.br\/index.php\/wp-json\/wp\/v2\/posts\/77364\/revisions\/77382"}],"wp:featuredmedia":[{"embeddable":true,"href":"https:\/\/pdt-rj.org.br\/index.php\/wp-json\/wp\/v2\/media\/77368"}],"wp:attachment":[{"href":"https:\/\/pdt-rj.org.br\/index.php\/wp-json\/wp\/v2\/media?parent=77364"}],"wp:term":[{"taxonomy":"category","embeddable":true,"href":"https:\/\/pdt-rj.org.br\/index.php\/wp-json\/wp\/v2\/categories?post=77364"},{"taxonomy":"post_tag","embeddable":true,"href":"https:\/\/pdt-rj.org.br\/index.php\/wp-json\/wp\/v2\/tags?post=77364"}],"curies":[{"name":"wp","href":"https:\/\/api.w.org\/{rel}","templated":true}]}}