{"id":77357,"date":"2021-04-13T20:45:00","date_gmt":"2021-04-13T23:45:00","guid":{"rendered":"http:\/\/pdt-rj.org.br\/?p=77357"},"modified":"2021-04-17T15:19:37","modified_gmt":"2021-04-17T18:19:37","slug":"lupi-projeta-que-cpi-comprovara-crimes-do-governo-bolsonaro-na-pandemia","status":"publish","type":"post","link":"https:\/\/pdt-rj.org.br\/index.php\/lupi-projeta-que-cpi-comprovara-crimes-do-governo-bolsonaro-na-pandemia\/","title":{"rendered":"Lupi projeta que CPI comprovar\u00e1 crimes do governo Bolsonaro na pandemia\u00a0"},"content":{"rendered":"<p><em><b>\u00a0<\/b><b>Debate abordou ainda representatividade da pr\u00e9-candidatura de Ciro Gomes, ao Planalto, pelo PDT<\/b><\/em><\/p>\n<p>O presidente nacional do PDT, Carlos Lupi, defendeu a plena atua\u00e7\u00e3o do Senado Federal para investigar, atrav\u00e9s de Comiss\u00e3o Parlamentar de Inqu\u00e9rito (CPI), as a\u00e7\u00f5es do governo de Jair Bolsonaro na pandemia da Covid-19, bem como a pr\u00e9-candidatura de Ciro Gomes, ao Planalto, pelo PDT. As manifesta\u00e7\u00f5es ocorreram, nessa segunda-feira (12), durante entrevista para Guga Noblat e Carlito Neto no canal \u2018Sem Politiqu\u00eas\u2019.<\/p>\n<p>Ao listar a s\u00e9rie de medidas promovidas pelo partido, principalmente no \u00e2mbito do Superior Tribunal Federal (STF), para resguardar o estado democr\u00e1tico de direito, Lupi ratificou a necessidade de atestar, de forma ampla e profunda, os crimes de responsabilidade do presidente da Rep\u00fablica. Na sua opini\u00e3o, ele \u00e9 o respons\u00e1vel direto pelas mais de 350 mil mortes em decorr\u00eancia do coronav\u00edrus no Brasil.<\/p>\n<p class=\"yiv0974040061MsoNormal\">\u201cTem que come\u00e7ar a investigar por quem tem o dinheiro, \u00e9 negacionista, vira as costas para ci\u00eancia, dizia que a pandemia era uma gripezinha e a vacina chinesa transformava as pessoas em jacar\u00e9\u201d, pontuou, em conson\u00e2ncia com a bancada de senadores da sigla, que \u00e9 formada por Weverton Rocha, Cid Gomes e Acir Gurgacz.<\/p>\n<p class=\"yiv0974040061MsoNormal\">\u201cVai ter que ser instalado a CPI e doa a quem doer. Se apure quem cometeu erro, quem fez corrup\u00e7\u00e3o e que v\u00e1 para a cadeia\u201d, acrescentou, ao exaltar a decis\u00e3o do ministro do STF Lu\u00eds Roberto Barroso.<\/p>\n<p class=\"yiv0974040061MsoNormal\"><strong>Premeditado<\/strong><\/p>\n<p class=\"yiv0974040061MsoNormal\">Sobre o vazamento da conversa entre Bolsonaro e o senador Jorge Kajuru ao longo do dia de ontem (12), Lupi avaliou que \u00e9 mais uma tentativa de tirar a crise da pandemia do centro do debate nacional, pois o presidente \u00e9 \u201cgenocida\u201d por ser \u201cs\u00f3cio direto da mortandade de milhares de brasileiros.\u201d<\/p>\n<p class=\"yiv0974040061MsoNormal\">\u201cEles precisam desviar o assunto. Isso \u00e9 uma t\u00e1tica antiga que come\u00e7ou l\u00e1 com o Trump, nos Estados Unidos. Eles usam as m\u00eddias sociais para, a cada momento, criar um fato, um foco diferenciado para a gente esquecer do n\u00famero de mortes da Covid, do desastre do governo, do desemprego que est\u00e1 batendo recorde, da infla\u00e7\u00e3o\u201d, explicou.<\/p>\n<p class=\"yiv0974040061MsoNormal\">\u201c\u00c9 uma falsidade s\u00f3. Tudo \u00e9 mentira, tudo \u00e9 falso. A palavra \u00e9 falsa, o comportamento \u00e9 falso e os seguidores s\u00e3o falsos\u201d, completou.<\/p>\n<p class=\"yiv0974040061MsoNormal\"><strong>Alternativa<\/strong><\/p>\n<p class=\"yiv0974040061MsoNormal\">A partir da solidez e do potencial de Ciro Gomes na corrida at\u00e9 o Pal\u00e1cio do Planalto, o presidente pedetista ratificou a decis\u00e3o nacional da sigla em prol da sua pr\u00e9-candidatura e relembrou os quase 13% acumulados na elei\u00e7\u00e3o de 2018.<\/p>\n<p class=\"yiv0974040061MsoNormal\">\u201cCiro Gomes \u00e9 o [pr\u00e9] candidato do PDT nas elei\u00e7\u00f5es de 2022. Isso j\u00e1 est\u00e1 decidido pelo partido. O que eu coloco, e \u00e9 natural, que voc\u00ea n\u00e3o pode buscar uma alian\u00e7a impondo quem voc\u00ea quer aos demais partidos. O PDT apresenta o nome dele\u201d, explica.<\/p>\n<p class=\"yiv0974040061MsoNormal\">\u201cEnt\u00e3o para mim faz uma diferen\u00e7a [Ciro] e \u00e9 nisso que eu estou apostando. Isso que n\u00f3s estamos trabalhando\u201d, salientou, acreditando na chegada ao segundo turno sem Bolsonaro.<\/p>\n<p class=\"yiv0974040061MsoNormal\">Lupi valorizou ainda a import\u00e2ncia do Projeto Nacional de Desenvolvimento (PND) em um momento considerado primordial para resgate do protagonismo nacionalista sustentado pelo trabalhismo.<\/p>\n<p class=\"yiv0974040061MsoNormal\">\u201cO Ciro \u00e9 quem tem o projeto para o Brasil do amanh\u00e3, pro futuro. Projeto que tem come\u00e7o, meio e fim. N\u00f3s vamos ampliar a nossa na\u00e7\u00e3o, desenvolver o nosso Brasil, como em ci\u00eancia e tecnologia\u201d, afirmou, lembrando do legado de Leonel Brizola e da import\u00e2ncia da uni\u00e3o das for\u00e7as democr\u00e1ticas.<\/p>\n<p class=\"yiv0974040061MsoNormal\">\u201cNenhum projeto \u00e9 mais eficiente, mais preparado e mais competente do que o do Ciro. Ele fez um livro, estuda e se dedica a isso. Ent\u00e3o eu acredito porque eu acho que far\u00e1 a diferen\u00e7a\u201d, assegurou.<\/p>\n<p class=\"yiv0974040061MsoNormal\">Ao citar o enfrentamento ao sistema financeiro, o l\u00edder pedetista considera a necessidade rediscutir a carga tribut\u00e1ria e direcionar a maior incid\u00eancia de impostos sobre os mais ricos. Para isso, somente um governo alinhado com as causas populares.<\/p>\n<p class=\"yiv0974040061MsoNormal\">\u201cO sistema financeiro \u00e9 o c\u00e2ncer da sociedade moderna. Meia d\u00fazia ganhando dinheiro. Nunca se ganhou tanto dinheiro, at\u00e9 mesmo na pandemia. Aumentou o n\u00famero de bilion\u00e1rios no Brasil\u201d, alertou.<\/p>\n<p class=\"yiv0974040061MsoNormal\">A \u00edntegra da entrevista pode ser acessada\u00a0<a href=\"https:\/\/www.youtube.com\/watch?v=2Cnr8ONR4pU\" target=\"_blank\" rel=\"nofollow noopener noreferrer\">aqui<\/a>.<\/p>\n<!-- AddThis Advanced Settings generic via filter on the_content --><!-- AddThis Share Buttons generic via filter on the_content -->","protected":false},"excerpt":{"rendered":"<p>\u00a0Debate abordou ainda representatividade da pr\u00e9-candidatura de Ciro Gomes, ao Planalto, pelo PDT O presidente nacional do PDT, Carlos Lupi, defendeu a plena atua\u00e7\u00e3o do Senado Federal para investigar, atrav\u00e9s de Comiss\u00e3o Parlamentar de Inqu\u00e9rito (CPI), as a\u00e7\u00f5es do governo de Jair Bolsonaro na pandemia da Covid-19, bem como a pr\u00e9-candidatura de Ciro Gomes, ao&#8230;<!-- AddThis Advanced Settings generic via filter on wp_trim_excerpt --><!-- AddThis Share Buttons generic via filter on wp_trim_excerpt --><\/p>\n","protected":false},"author":17,"featured_media":77359,"comment_status":"closed","ping_status":"closed","sticky":false,"template":"","format":"standard","meta":{"_monsterinsights_skip_tracking":false,"_monsterinsights_sitenote_active":false,"_monsterinsights_sitenote_note":"","_monsterinsights_sitenote_category":0,"_uf_show_specific_survey":0,"_uf_disable_surveys":false,"footnotes":""},"categories":[1390],"tags":[],"class_list":["post-77357","post","type-post","status-publish","format-standard","has-post-thumbnail","hentry","category-editorias"],"acf":[],"_links":{"self":[{"href":"https:\/\/pdt-rj.org.br\/index.php\/wp-json\/wp\/v2\/posts\/77357","targetHints":{"allow":["GET"]}}],"collection":[{"href":"https:\/\/pdt-rj.org.br\/index.php\/wp-json\/wp\/v2\/posts"}],"about":[{"href":"https:\/\/pdt-rj.org.br\/index.php\/wp-json\/wp\/v2\/types\/post"}],"author":[{"embeddable":true,"href":"https:\/\/pdt-rj.org.br\/index.php\/wp-json\/wp\/v2\/users\/17"}],"replies":[{"embeddable":true,"href":"https:\/\/pdt-rj.org.br\/index.php\/wp-json\/wp\/v2\/comments?post=77357"}],"version-history":[{"count":3,"href":"https:\/\/pdt-rj.org.br\/index.php\/wp-json\/wp\/v2\/posts\/77357\/revisions"}],"predecessor-version":[{"id":77439,"href":"https:\/\/pdt-rj.org.br\/index.php\/wp-json\/wp\/v2\/posts\/77357\/revisions\/77439"}],"wp:featuredmedia":[{"embeddable":true,"href":"https:\/\/pdt-rj.org.br\/index.php\/wp-json\/wp\/v2\/media\/77359"}],"wp:attachment":[{"href":"https:\/\/pdt-rj.org.br\/index.php\/wp-json\/wp\/v2\/media?parent=77357"}],"wp:term":[{"taxonomy":"category","embeddable":true,"href":"https:\/\/pdt-rj.org.br\/index.php\/wp-json\/wp\/v2\/categories?post=77357"},{"taxonomy":"post_tag","embeddable":true,"href":"https:\/\/pdt-rj.org.br\/index.php\/wp-json\/wp\/v2\/tags?post=77357"}],"curies":[{"name":"wp","href":"https:\/\/api.w.org\/{rel}","templated":true}]}}