{"id":77354,"date":"2021-04-13T20:21:18","date_gmt":"2021-04-13T23:21:18","guid":{"rendered":"http:\/\/pdt-rj.org.br\/?p=77354"},"modified":"2021-04-15T01:28:01","modified_gmt":"2021-04-15T04:28:01","slug":"cid-gomes-comemora-instalacao-da-cpi-da-covid-no-senado","status":"publish","type":"post","link":"https:\/\/pdt-rj.org.br\/index.php\/cid-gomes-comemora-instalacao-da-cpi-da-covid-no-senado\/","title":{"rendered":"Cid Gomes comemora instala\u00e7\u00e3o da CPI da Covid no Senado"},"content":{"rendered":"<p><em><strong>Senador enalteceu a decis\u00e3o e voltou a defender investiga\u00e7\u00e3o sobre as omiss\u00f5es do Governo Federal relacionadas ao enfrentamento da pandemia<\/strong><\/em><\/p>\n<p>O senador Cid Gomes (PDT-CE) comemorou, durante a sess\u00e3o do Senado Federal desta ter\u00e7a-feira (13), a instala\u00e7\u00e3o da CPI da Covid pelo presidente da Casa, Rodrigo Pacheco (DEM-MG). Decis\u00e3o do Supremo Tribunal Federal (STF) havia determinado a imediata instala\u00e7\u00e3o da CPI. Para Cid, Pacheco agiu com equil\u00edbrio, ouviu o plen\u00e1rio e cumpriu a decis\u00e3o judicial. \u201cO Senado sai engrandecido pela decis\u00e3o de Vossa Excel\u00eancia\u201d, disse.<\/p>\n<p>O presidente do Senado acatou ainda requerimentos que solicitaram a amplia\u00e7\u00e3o do objeto determinado da CPI, para incluir os recursos federais encaminhados pela Uni\u00e3o a estados e munic\u00edpios. Cid Gomes enalteceu a decis\u00e3o e voltou a defender investiga\u00e7\u00e3o sobre as omiss\u00f5es do Governo Federal relacionadas ao enfrentamento da pandemia. \u201cA CPI \u00e9 mais do que necess\u00e1ria. N\u00e3o podemos ficar sem respostas, sem investiga\u00e7\u00e3o sobre as responsabilidades se houverem, e tenho certeza de que h\u00e1, em rela\u00e7\u00e3o ao Governo Federal e tamb\u00e9m naquilo que toca aos recursos federais destinados a estados e munic\u00edpios\u201d, defendeu.<\/p>\n<p>Em rela\u00e7\u00e3o \u00e0 decis\u00e3o do STF, que foi tomada ap\u00f3s provoca\u00e7\u00e3o dos senadores Alessandro Vieira e Jorge Kajuru, Cid Gomes lembrou que, \u201cem tempos dif\u00edceis que o Brasil est\u00e1 vivendo, quem tem salvado nosso Pa\u00eds \u00e9 o Poder Judici\u00e1rio\u201d.<\/p>\n<!-- AddThis Advanced Settings generic via filter on the_content --><!-- AddThis Share Buttons generic via filter on the_content -->","protected":false},"excerpt":{"rendered":"<p>Senador enalteceu a decis\u00e3o e voltou a defender investiga\u00e7\u00e3o sobre as omiss\u00f5es do Governo Federal relacionadas ao enfrentamento da pandemia O senador Cid Gomes (PDT-CE) comemorou, durante a sess\u00e3o do Senado Federal desta ter\u00e7a-feira (13), a instala\u00e7\u00e3o da CPI da Covid pelo presidente da Casa, Rodrigo Pacheco (DEM-MG). Decis\u00e3o do Supremo Tribunal Federal (STF) havia&#8230;<!-- AddThis Advanced Settings generic via filter on wp_trim_excerpt --><!-- AddThis Share Buttons generic via filter on wp_trim_excerpt --><\/p>\n","protected":false},"author":17,"featured_media":77355,"comment_status":"closed","ping_status":"closed","sticky":false,"template":"","format":"standard","meta":{"_monsterinsights_skip_tracking":false,"_monsterinsights_sitenote_active":false,"_monsterinsights_sitenote_note":"","_monsterinsights_sitenote_category":0,"_uf_show_specific_survey":0,"_uf_disable_surveys":false,"footnotes":""},"categories":[1390,1401],"tags":[],"class_list":["post-77354","post","type-post","status-publish","format-standard","has-post-thumbnail","hentry","category-editorias","category-nacional"],"acf":[],"_links":{"self":[{"href":"https:\/\/pdt-rj.org.br\/index.php\/wp-json\/wp\/v2\/posts\/77354","targetHints":{"allow":["GET"]}}],"collection":[{"href":"https:\/\/pdt-rj.org.br\/index.php\/wp-json\/wp\/v2\/posts"}],"about":[{"href":"https:\/\/pdt-rj.org.br\/index.php\/wp-json\/wp\/v2\/types\/post"}],"author":[{"embeddable":true,"href":"https:\/\/pdt-rj.org.br\/index.php\/wp-json\/wp\/v2\/users\/17"}],"replies":[{"embeddable":true,"href":"https:\/\/pdt-rj.org.br\/index.php\/wp-json\/wp\/v2\/comments?post=77354"}],"version-history":[{"count":1,"href":"https:\/\/pdt-rj.org.br\/index.php\/wp-json\/wp\/v2\/posts\/77354\/revisions"}],"predecessor-version":[{"id":77356,"href":"https:\/\/pdt-rj.org.br\/index.php\/wp-json\/wp\/v2\/posts\/77354\/revisions\/77356"}],"wp:featuredmedia":[{"embeddable":true,"href":"https:\/\/pdt-rj.org.br\/index.php\/wp-json\/wp\/v2\/media\/77355"}],"wp:attachment":[{"href":"https:\/\/pdt-rj.org.br\/index.php\/wp-json\/wp\/v2\/media?parent=77354"}],"wp:term":[{"taxonomy":"category","embeddable":true,"href":"https:\/\/pdt-rj.org.br\/index.php\/wp-json\/wp\/v2\/categories?post=77354"},{"taxonomy":"post_tag","embeddable":true,"href":"https:\/\/pdt-rj.org.br\/index.php\/wp-json\/wp\/v2\/tags?post=77354"}],"curies":[{"name":"wp","href":"https:\/\/api.w.org\/{rel}","templated":true}]}}