{"id":77348,"date":"2021-04-13T16:42:01","date_gmt":"2021-04-13T19:42:01","guid":{"rendered":"http:\/\/pdt-rj.org.br\/?p=77348"},"modified":"2021-04-13T16:42:01","modified_gmt":"2021-04-13T19:42:01","slug":"jose-bonifacio-faz-balanco-dos-100-dias-de-governo-em-cabo-frio-rj","status":"publish","type":"post","link":"https:\/\/pdt-rj.org.br\/index.php\/jose-bonifacio-faz-balanco-dos-100-dias-de-governo-em-cabo-frio-rj\/","title":{"rendered":"Jos\u00e9 Bonif\u00e1cio faz balan\u00e7o dos 100 dias de governo em Cabo Frio (RJ)"},"content":{"rendered":"<p>O governo do prefeito Jos\u00e9 Bonif\u00e1cio (PDT), em Cabo Frio (RJ), alcan\u00e7ou nesse s\u00e1bado (10) a marca de 100 dias de mandato. Para avaliar e apresentar os trabalhos j\u00e1 realizados, o pedetista realizou uma reuni\u00e3o com os secret\u00e1rios do governo, na manh\u00e3 de s\u00e1bado transmitida ao vivo pelas redes sociais da prefeitura. Na ocasi\u00e3o, cada gestor apresentou um balan\u00e7o dos avan\u00e7os que geraram benef\u00edcios \u00e0 popula\u00e7\u00e3o neste per\u00edodo.<\/p>\n<p>O prefeito agradeceu o empenho dos secret\u00e1rios e de toda equipe do governo pelo trabalho prestado de forma incans\u00e1vel para conter o avan\u00e7o da Covid-19 em Cabo Frio. Na ocasi\u00e3o, refor\u00e7ou, ainda, a necessidade de seguir com as medidas de preven\u00e7\u00e3o e seguran\u00e7a.<\/p>\n<p>\u201cCabo Frio sempre foi uma cidade conhecida por gostar de ser \u2018invadida por turistas\u2019, mas diante dos dados, precisamos manter os cuidados\u201d, alertou o pedetista.<\/p>\n<p>Bonif\u00e1cio ainda mencionou o cumprimento de promessas de campanha, como o pagamento de d\u00edvidas hist\u00f3ricas com o servidor e a manuten\u00e7\u00e3o dos sal\u00e1rios em dia.<\/p>\n<p>\u201cAinda temos algumas quest\u00f5es a serem sanadas, como as d\u00edvidas herdadas com as concession\u00e1rias de \u00e1gua e luz, e institui\u00e7\u00f5es banc\u00e1rias. S\u00e3o cerca de R$ 14 milh\u00f5es em pagamentos a serem regularizados\u201d, explicou.<\/p>\n<p>Na ocasi\u00e3o, a vice-prefeita Magdala Furtado agradeceu pela atua\u00e7\u00e3o das equipes e o comprometimento com o avan\u00e7o das demandas no primeiro e no segundo distritos.<\/p>\n<p><strong>Destaque no combate \u00e0 Covid-19<\/strong><\/p>\n<p>O secret\u00e1rio de Sa\u00fade de Cabo Frio, Felipe Fernandes, mencionou as a\u00e7\u00f5es da pasta no combate \u00e0 Covid-19. Ele destacou a implanta\u00e7\u00e3o de nova estrutura para acompanhar a evolu\u00e7\u00e3o epidemiol\u00f3gica no munic\u00edpio, com foco no diagn\u00f3stico e tratamento da doen\u00e7a. Contou ainda que o munic\u00edpio recebeu tr\u00eas mil testes r\u00e1pidos do Governo do Estado, comprou outros 10 mil, e tem previs\u00e3o de aquisi\u00e7\u00e3o de mais 30 mil.<\/p>\n<p>Ainda como a\u00e7\u00e3o de preven\u00e7\u00e3o ao coronav\u00edrus, Felipe lembrou que, em m\u00e9dia, cerca de 100 pr\u00e9dios municipais passam por desinfec\u00e7\u00e3o mensalmente, entre eles asilos, Centro de Refer\u00eancia de Assist\u00eancia Social (CRAS), hospitais e demais locais de maior circula\u00e7\u00e3o de pessoas, incluindo secretarias municipais e pr\u00e9dio da prefeitura.<\/p>\n<p>Lembrou tamb\u00e9m a assinatura de um Termo de Coopera\u00e7\u00e3o com o prefeito de Maric\u00e1, Fabiano Horta, que permite a disponibiliza\u00e7\u00e3o de leitos de Unidade de Terapia Intensiva (UTI) e de enfermaria para atendimento a pacientes de Cabo Frio que necessitem de transfer\u00eancia por complica\u00e7\u00f5es da Covid-19.<\/p>\n<p>Sobre a imuniza\u00e7\u00e3o, o secret\u00e1rio de Sa\u00fade anunciou que em quase tr\u00eas meses de Campanha Nacional contra a Covid-19, Cabo Frio atingiu 14.966 pessoas vacinadas dentro do grupo priorit\u00e1rio somente com a primeira dose.<\/p>\n<p><strong>Fazenda: A\u00e7\u00f5es j\u00e1 geraram economia de<\/strong> <strong>R$ 2 milh\u00f5es aos cofres p\u00fablicos<\/strong><\/p>\n<p>Durante a reuni\u00e3o, a secret\u00e1ria de Fazenda, Daniella Mendes, mencionou um levantamento realizado em rela\u00e7\u00e3o ao endividamento do munic\u00edpio, incluindo an\u00e1lise de contratos. Revelou que alguns foram encontrados em duplicidade, onerando os cofres p\u00fablicos.<\/p>\n<p>Com o resultado do levantamento em m\u00e3os, Daniella contou que foi poss\u00edvel organizar o setor, gerando ao governo municipal uma economia de cerca de R$ 2 milh\u00f5es. Tamb\u00e9m citou o pagamento dos servidores com os devidos encargos sociais, o que n\u00e3o vinha sendo feito no governo anterior, al\u00e9m de repasses de consignados banc\u00e1rios e parcelas atrasadas de gest\u00f5es anteriores, al\u00e9m de outros valores quitados que, somados, contabilizam cerca de R$ 22 milh\u00f5es.<\/p>\n<p><strong>Governo: Zona especial de neg\u00f3cio e moeda social\u00a0<\/strong><\/p>\n<p>A reuni\u00e3o foi finalizada com balan\u00e7o apresentado pelo secret\u00e1rio de governo, Aquiles Barreto, que destacou a resolu\u00e7\u00e3o de demandas importantes para a gest\u00e3o municipal. Ele tamb\u00e9m anunciou que j\u00e1 est\u00e1 trabalhando para tornar realidade um dos principais compromissos de campanha do prefeito Jos\u00e9 Bonif\u00e1cio: a cria\u00e7\u00e3o da Zona Especial de Neg\u00f3cios e da moeda social, j\u00e1 denominada como Itajuru, que deve come\u00e7ar a ser implantada pelo bairro Manoel Corr\u00eaa.<\/p>\n<p>Al\u00e9m dos secret\u00e1rios j\u00e1 citados, estiveram presentes na reuni\u00e3o o presidente do Instituto de Benef\u00edcios e Assist\u00eancia aos Servidores Municipais de Cabo Frio (Ibascaf), Carlos Alberto Cardozo, os secret\u00e1rios de Obras e Servi\u00e7os P\u00fablicos, Tita Calvet, de Educa\u00e7\u00e3o, Fl\u00e1vio Guimar\u00e3es, de Assist\u00eancia Social, Nilza Miquelloti, de Administra\u00e7\u00e3o, Ruy Fran\u00e7a, da Crian\u00e7a e do Adolescente, Bet\u00e2nia Batista, da Melhor Idade, Delamar Sant\u2019Anna, de Agricultura, Luciene Lima, de Meio Ambiente, Juarez Lopes, de Direitos Humanos e Seguran\u00e7a P\u00fablica, Aglaia Oleg\u00e1rio, de Mobilidade Urbana, Jefferson Buitrago e de Planejamento e Desenvolvimento Urbano, Dhanyelle Garcia.<\/p>\n<p>Tamb\u00e9m marcaram presen\u00e7a a chefe de gabinete, Tainara Oliveira, o Procurador Geral, Vitor Martim e o Controlador Geral, Luiz Claudio Gama.<\/p>\n<!-- AddThis Advanced Settings generic via filter on the_content --><!-- AddThis Share Buttons generic via filter on the_content -->","protected":false},"excerpt":{"rendered":"<p>O governo do prefeito Jos\u00e9 Bonif\u00e1cio (PDT), em Cabo Frio (RJ), alcan\u00e7ou nesse s\u00e1bado (10) a marca de 100 dias de mandato. Para avaliar e apresentar os trabalhos j\u00e1 realizados, o pedetista realizou uma reuni\u00e3o com os secret\u00e1rios do governo, na manh\u00e3 de s\u00e1bado transmitida ao vivo pelas redes sociais da prefeitura. Na ocasi\u00e3o, cada&#8230;<!-- AddThis Advanced Settings generic via filter on wp_trim_excerpt --><!-- AddThis Share Buttons generic via filter on wp_trim_excerpt --><\/p>\n","protected":false},"author":17,"featured_media":77350,"comment_status":"closed","ping_status":"closed","sticky":false,"template":"","format":"standard","meta":{"_monsterinsights_skip_tracking":false,"_monsterinsights_sitenote_active":false,"_monsterinsights_sitenote_note":"","_monsterinsights_sitenote_category":0,"_uf_show_specific_survey":0,"_uf_disable_surveys":false,"footnotes":""},"categories":[1390,1402],"tags":[3348,3068,4680],"class_list":["post-77348","post","type-post","status-publish","format-standard","has-post-thumbnail","hentry","category-editorias","category-cidades","tag-covid-19","tag-jose-bonifacio","tag-medidas-de-prevencao-e-seguranca"],"acf":[],"_links":{"self":[{"href":"https:\/\/pdt-rj.org.br\/index.php\/wp-json\/wp\/v2\/posts\/77348","targetHints":{"allow":["GET"]}}],"collection":[{"href":"https:\/\/pdt-rj.org.br\/index.php\/wp-json\/wp\/v2\/posts"}],"about":[{"href":"https:\/\/pdt-rj.org.br\/index.php\/wp-json\/wp\/v2\/types\/post"}],"author":[{"embeddable":true,"href":"https:\/\/pdt-rj.org.br\/index.php\/wp-json\/wp\/v2\/users\/17"}],"replies":[{"embeddable":true,"href":"https:\/\/pdt-rj.org.br\/index.php\/wp-json\/wp\/v2\/comments?post=77348"}],"version-history":[{"count":2,"href":"https:\/\/pdt-rj.org.br\/index.php\/wp-json\/wp\/v2\/posts\/77348\/revisions"}],"predecessor-version":[{"id":77351,"href":"https:\/\/pdt-rj.org.br\/index.php\/wp-json\/wp\/v2\/posts\/77348\/revisions\/77351"}],"wp:featuredmedia":[{"embeddable":true,"href":"https:\/\/pdt-rj.org.br\/index.php\/wp-json\/wp\/v2\/media\/77350"}],"wp:attachment":[{"href":"https:\/\/pdt-rj.org.br\/index.php\/wp-json\/wp\/v2\/media?parent=77348"}],"wp:term":[{"taxonomy":"category","embeddable":true,"href":"https:\/\/pdt-rj.org.br\/index.php\/wp-json\/wp\/v2\/categories?post=77348"},{"taxonomy":"post_tag","embeddable":true,"href":"https:\/\/pdt-rj.org.br\/index.php\/wp-json\/wp\/v2\/tags?post=77348"}],"curies":[{"name":"wp","href":"https:\/\/api.w.org\/{rel}","templated":true}]}}