{"id":77306,"date":"2021-04-09T16:48:59","date_gmt":"2021-04-09T19:48:59","guid":{"rendered":"http:\/\/pdt-rj.org.br\/?p=77306"},"modified":"2021-04-14T02:19:42","modified_gmt":"2021-04-14T05:19:42","slug":"cpi-da-covid-19-resgata-dignidade-diz-deputado-federal-dr-mario-heringer","status":"publish","type":"post","link":"https:\/\/pdt-rj.org.br\/index.php\/cpi-da-covid-19-resgata-dignidade-diz-deputado-federal-dr-mario-heringer\/","title":{"rendered":"CPI da Covid-19 resgata dignidade, diz deputado federal Dr. M\u00e1rio Heringer"},"content":{"rendered":"<p><em><strong>\u201cNa hora que as pessoas com mais recurso come\u00e7am a competir com o Estado, eles v\u00e3o provocar um aumento substancial no valor das compras&#8221;<\/strong><\/em><\/p>\n<p>\u201cMotivo para CPI sempre teve. Eu espero que a gente comece a passar a limpo esse monte de besteira feita por esses ministros e pelo presidente da Rep\u00fablica, e que eles comecem a pagar essa conta. Se Deus quiser n\u00f3s teremos ao final da CPI um resultado que resgata para o povo brasileiro a sua dignidade\u201d, assinala o deputado federal Dr. M\u00e1rio Heringer (PDT\/MG).<\/p>\n<p>A avalia\u00e7\u00e3o do pedetista sobre Comiss\u00e3o Parlamentar de Inqu\u00e9rito \u00e9 feita durante participa\u00e7\u00e3o no Podcast \u201cOra, Francamente\u201d, apresentado pelas ativistas Thais Maschio e Diana Tabarelli. Durante 20 minutos s\u00e3o tratados assuntos referentes \u00e0 CPI da Covid-19, sobre a proposta de venda de vacinas aprovada pela C\u00e2mara dos Deputados e a respeito da necessidade de um <em>lockdowm<\/em> severo.<\/p>\n<p>PL (Projeto de Lei) do Ego\u00edsta. Dessa forma Dr. M\u00e1rio nomeia a proposta que concede a permiss\u00e3o para a iniciativa privada comprar vacinas sem obrigatoriedade de doa\u00e7\u00e3o ao Sistema \u00danico de Sa\u00fade (SUS). Para o deputado do PDT, a vacina\u00e7\u00e3o que privilegia grupos cria castas e amplia ainda mais as desigualdades. A alega\u00e7\u00e3o de que votar contra o projeto \u00e9 votar contra a vacina n\u00e3o se justifica, \u00e9 uma \u201cnarrativa covarde\u201d. Dr, M\u00e1rio, m\u00e9dico e gestor hospitalar defende uma vacina\u00e7\u00e3o de massa. \u201cO grande problema \u00e9 o ritmo da vacina\u00e7\u00e3o\u201d, destaca.<\/p>\n<p>Ainda sobre o PL do Ego\u00edsta, o dirigente do PDT de Minas Gerais alerta sobre a possibilidade de reajuste de pre\u00e7os das vacinas, dificultando ainda mais o acesso a todos brasileiros.<\/p>\n<p>\u201cNa hora que as pessoas com mais recurso come\u00e7am a competir com o Estado, eles v\u00e3o provocar um aumento substancial no valor das compras. Vai criar castas e n\u00e3o faz o trabalho que tem que ser feito que \u00e9 da vacina\u00e7\u00e3o de massa. A vacina\u00e7\u00e3o serve e ajuda quando \u00e9 em massa\u201d, explica o deputado pedetista.<\/p>\n<p>O PL 948\/2020 segue para aprecia\u00e7\u00e3o no Senado e Dr. M\u00e1rio considera vi\u00e1vel a possibilidade de revers\u00e3o, pois n\u00e3o devem dar seguimento a essa \u201cvergonha internacional\u201d. O projeto foi aprovado pelos deputados federais por 317 votos a favor e 120 contra (dentre os quais o do Dr. M\u00e1rio Heringer).<\/p>\n<p>\u201cEu tenho muita preocupa\u00e7\u00e3o com a continuidade e com o ciclo que os v\u00edrus t\u00eam. N\u00f3s podemos estar a\u00ed, construindo um meteoro que vai destruir a esp\u00e9cie humana. Se n\u00f3s virarmos o epicentro dessa pandemia e come\u00e7armos a produzir variantes, as cepas, n\u00f3s poderemos ser o maior contaminador do mundo\u201d, avisa.<\/p>\n<p>Dr. M\u00e1rio ressalta que vivemos em um pa\u00eds extremamente desigual e que mais de 80% da popula\u00e7\u00e3o brasileira n\u00e3o est\u00e1 ligada a nenhuma empresa. \u201cTenta dar \u00e0s pessoas que t\u00eam recurso legitimidade para ser casta. Se ele pode comprar, ele pode comprar para sua fam\u00edlia, para os seus empregados. N\u00e3o s\u00e3o todas empresas que comprar\u00e3o, s\u00e3o algumas pessoas que pensam que podem ser melhores que as outras\u201d.<\/p>\n<p>Os pr\u00f3prios laborat\u00f3rios decidiram n\u00e3o vender para a iniciativa privada. Produtores de vacinas, inclusive, n\u00e3o vacinaram nem os pr\u00f3prios funcion\u00e1rios, com exce\u00e7\u00e3o dos que trabalham na linha de frente da elabora\u00e7\u00e3o do produto para n\u00e3o causar atrasos.<\/p>\n<p><em><strong>Lockdown<\/strong><\/em><\/p>\n<p>\u201cO lockdown \u00e9 nossa \u00fanica sa\u00edda\u201d, defende o parlamentar pedetista, falando em um lockdown severo, com interrup\u00e7\u00e3o de viagens de \u00f4nibus municipais e interestaduais. Sobre esse assunto, as apresentadoras do Podcast \u201cOra, Francamente\u201d divulgam o movimento Abril pela Vida <a href=\"https:\/\/abrilpelavida.org\/\">https:\/\/abrilpelavida.org\/<\/a> , que procura apoio de todos brasileiros, entre outras medidas, por um <em>lockdown<\/em> mais longo, de 21 dias, para salvar vidas e tamb\u00e9m a economia.<\/p>\n<p>Ou\u00e7a na \u00edntegra o epis\u00f3dio do Podcast \u201cOra, Francamente\u201d com participa\u00e7\u00e3o do deputado federal Dr. M\u00e1rio Heringer: Ele pode ser acessado no Spotify, <a href=\"https:\/\/open.spotify.com\/episode\/0WUkenGWW8vQ9KnZkOvB2X?si=I8ZxKi-7Sn-AEP9w1sRZKg&amp;utm_source=copy-link&amp;nd=1\">aqui<\/a>.<\/p>\n<!-- AddThis Advanced Settings generic via filter on the_content --><!-- AddThis Share Buttons generic via filter on the_content -->","protected":false},"excerpt":{"rendered":"<p>\u201cNa hora que as pessoas com mais recurso come\u00e7am a competir com o Estado, eles v\u00e3o provocar um aumento substancial no valor das compras&#8221; \u201cMotivo para CPI sempre teve. Eu espero que a gente comece a passar a limpo esse monte de besteira feita por esses ministros e pelo presidente da Rep\u00fablica, e que eles&#8230;<!-- AddThis Advanced Settings generic via filter on wp_trim_excerpt --><!-- AddThis Share Buttons generic via filter on wp_trim_excerpt --><\/p>\n","protected":false},"author":17,"featured_media":77310,"comment_status":"closed","ping_status":"closed","sticky":false,"template":"","format":"standard","meta":{"_monsterinsights_skip_tracking":false,"_monsterinsights_sitenote_active":false,"_monsterinsights_sitenote_note":"","_monsterinsights_sitenote_category":0,"_uf_show_specific_survey":0,"_uf_disable_surveys":false,"footnotes":""},"categories":[1390,1459,976],"tags":[3207,1340,900],"class_list":["post-77306","post","type-post","status-publish","format-standard","has-post-thumbnail","hentry","category-editorias","category-congresso","category-noticias-em-destaque","tag-dr-mario-heringer","tag-sistema-unico-de-saude","tag-sus"],"acf":[],"_links":{"self":[{"href":"https:\/\/pdt-rj.org.br\/index.php\/wp-json\/wp\/v2\/posts\/77306","targetHints":{"allow":["GET"]}}],"collection":[{"href":"https:\/\/pdt-rj.org.br\/index.php\/wp-json\/wp\/v2\/posts"}],"about":[{"href":"https:\/\/pdt-rj.org.br\/index.php\/wp-json\/wp\/v2\/types\/post"}],"author":[{"embeddable":true,"href":"https:\/\/pdt-rj.org.br\/index.php\/wp-json\/wp\/v2\/users\/17"}],"replies":[{"embeddable":true,"href":"https:\/\/pdt-rj.org.br\/index.php\/wp-json\/wp\/v2\/comments?post=77306"}],"version-history":[{"count":7,"href":"https:\/\/pdt-rj.org.br\/index.php\/wp-json\/wp\/v2\/posts\/77306\/revisions"}],"predecessor-version":[{"id":77318,"href":"https:\/\/pdt-rj.org.br\/index.php\/wp-json\/wp\/v2\/posts\/77306\/revisions\/77318"}],"wp:featuredmedia":[{"embeddable":true,"href":"https:\/\/pdt-rj.org.br\/index.php\/wp-json\/wp\/v2\/media\/77310"}],"wp:attachment":[{"href":"https:\/\/pdt-rj.org.br\/index.php\/wp-json\/wp\/v2\/media?parent=77306"}],"wp:term":[{"taxonomy":"category","embeddable":true,"href":"https:\/\/pdt-rj.org.br\/index.php\/wp-json\/wp\/v2\/categories?post=77306"},{"taxonomy":"post_tag","embeddable":true,"href":"https:\/\/pdt-rj.org.br\/index.php\/wp-json\/wp\/v2\/tags?post=77306"}],"curies":[{"name":"wp","href":"https:\/\/api.w.org\/{rel}","templated":true}]}}