{"id":77298,"date":"2021-04-08T23:14:21","date_gmt":"2021-04-09T02:14:21","guid":{"rendered":"http:\/\/pdt-rj.org.br\/?p=77298"},"modified":"2021-04-08T23:15:02","modified_gmt":"2021-04-09T02:15:02","slug":"combate-a-covid-19-dr-mario-heringer-defende-planejamento-para-quebra-de-patentes-das-vacinas","status":"publish","type":"post","link":"https:\/\/pdt-rj.org.br\/index.php\/combate-a-covid-19-dr-mario-heringer-defende-planejamento-para-quebra-de-patentes-das-vacinas\/","title":{"rendered":"Combate \u00e0 Covid-19: Dr. M\u00e1rio Heringer defende planejamento para quebra de patentes das vacinas"},"content":{"rendered":"<div class=\"I_52qC D_FY W_6D6F\" data-test-id=\"message-view-body\">\n<div class=\"msg-body P_wpofO mq_AS\" data-test-id=\"message-view-body-content\">\n<div class=\"jb_0 X_6MGW N_6Fd5\">\n<div id=\"yiv2528875795\">\n<div><strong><em>&#8220;N\u00f3s temos que saber exatamente de quem, com quem que n\u00f3s vamos, para onde n\u00f3s vamos nessa quest\u00e3o da quebra de patentes\u201d, ressalta o parlamentar\u00a0<\/em><\/strong><\/div>\n<div><\/div>\n<div><\/div>\n<div>O deputado federal M\u00e1rio Heringer (PDT-MG) trata em discurso na C\u00e2mara dos Deputados sobre quebra de patentes no Brasil e no mundo. Favor\u00e1vel \u00e0 quebra de patentes, segundo ele, \u00e9 necess\u00e1rio planejamento. \u201cA quebra da patente s\u00f3 e simplesmente por quebrar, por dar ao Brasil a impress\u00e3o de que est\u00e1 fazendo alguma coisa, mas n\u00e3o est\u00e1 resolvendo, \u00e9 muito complicado. Ent\u00e3o, n\u00f3s temos que saber exatamente de quem, com quem que n\u00f3s vamos, para onde n\u00f3s vamos nessa quest\u00e3o da quebra de patentes\u201d, ressalta.<\/div>\n<div><\/div>\n<div>O parlamentar ainda lembra que rela\u00e7\u00f5es diplom\u00e1ticas de atrito com outros pa\u00edses prejudica todo povo brasileiro. \u201cAgora, de dois anos e pouco para c\u00e1, com a gest\u00e3o do atual governo, com o nosso ministro das Rela\u00e7\u00f5es Exteriores, n\u00f3s conseguimos brigar com a China, conseguimos brigar com todo o mundo. A quantas anda essa rela\u00e7\u00e3o? Ser\u00e1 que uma quebra de patente, atingindo um desses j\u00e1 atingidos por essa atua\u00e7\u00e3o do nosso Minist\u00e9rio das Rela\u00e7\u00f5es Exteriores, n\u00e3o seria mais um agravante, n\u00e3o seria mais uma dificuldade que se imporia ao povo brasileiro?\u201d, questiona Dr. M\u00e1rio em pronunciamento durante debate de comiss\u00e3o geral sobre \u201cA quebra de patentes das vacinas para o combate ao v\u00edrus Covid-19\u201d.<\/div>\n<div><\/div>\n<div>A quebra de patentes para tratamento da Aids, durante a gest\u00e3o do senador Jos\u00e9 Serra como ministro da Sa\u00fade, entre 1998 e 2002, foi citada como exemplo positivo pelo presidente do PDT de Minas Gerais. Manifestando-se favoravelmente \u00e0 quebra de patente, Dr. M\u00e1rio ressalta ser necess\u00e1ria a quebra de patente, \u201cem nome da sa\u00fade nacional e do bem-estar das pessoas\u201d.<\/div>\n<div><\/div>\n<div><strong>Patentes<\/strong><\/div>\n<div><\/div>\n<div>As patentes servem para proteger determinado servi\u00e7o ou produto e s\u00e3o utilizadas pela ind\u00fastria farmac\u00eautica. Com sua \u201cquebra\u201d, \u00e9 poss\u00edvel que laborat\u00f3rios possam, por exemplo, produzir determinados medicamentos e vacinas desenvolvidos em outros pa\u00edses. O Brasil pode \u201cquebrar\u201d suas patentes para permitir que outros pa\u00edses produzam rem\u00e9dios desenvolvidos por brasileiros. Com a pandemia, estima-se que milhares de patentes, envolvendo tratamento da Covid-19, estejam em desenvolvimento e tamb\u00e9m conclu\u00eddas, em todo mundo.<\/div>\n<\/div>\n<\/div>\n<\/div>\n<div class=\"jb_0 X_6MGW N_6Fd5\"><\/div>\n<\/div>\n<div class=\"H_7jIs D_F ab_C Q_69H5 E_36RhU\" data-test-id=\"toolbar-hover-area\">\n<div class=\"D_F W_6D6F r_BN gl_C\" data-test-id=\"card-toolbar\"><\/div>\n<\/div>\n<!-- AddThis Advanced Settings generic via filter on the_content --><!-- AddThis Share Buttons generic via filter on the_content -->","protected":false},"excerpt":{"rendered":"<p>&#8220;N\u00f3s temos que saber exatamente de quem, com quem que n\u00f3s vamos, para onde n\u00f3s vamos nessa quest\u00e3o da quebra de patentes\u201d, ressalta o parlamentar\u00a0 O deputado federal M\u00e1rio Heringer (PDT-MG) trata em discurso na C\u00e2mara dos Deputados sobre quebra de patentes no Brasil e no mundo. Favor\u00e1vel \u00e0 quebra de patentes, segundo ele, \u00e9&#8230;<!-- AddThis Advanced Settings generic via filter on wp_trim_excerpt --><!-- AddThis Share Buttons generic via filter on wp_trim_excerpt --><\/p>\n","protected":false},"author":17,"featured_media":77299,"comment_status":"closed","ping_status":"closed","sticky":false,"template":"","format":"standard","meta":{"_monsterinsights_skip_tracking":false,"_monsterinsights_sitenote_active":false,"_monsterinsights_sitenote_note":"","_monsterinsights_sitenote_category":0,"_uf_show_specific_survey":0,"_uf_disable_surveys":false,"footnotes":""},"categories":[1390],"tags":[3348,3207,4631],"class_list":["post-77298","post","type-post","status-publish","format-standard","has-post-thumbnail","hentry","category-editorias","tag-covid-19","tag-dr-mario-heringer","tag-quebra-de-patentes"],"acf":[],"_links":{"self":[{"href":"https:\/\/pdt-rj.org.br\/index.php\/wp-json\/wp\/v2\/posts\/77298","targetHints":{"allow":["GET"]}}],"collection":[{"href":"https:\/\/pdt-rj.org.br\/index.php\/wp-json\/wp\/v2\/posts"}],"about":[{"href":"https:\/\/pdt-rj.org.br\/index.php\/wp-json\/wp\/v2\/types\/post"}],"author":[{"embeddable":true,"href":"https:\/\/pdt-rj.org.br\/index.php\/wp-json\/wp\/v2\/users\/17"}],"replies":[{"embeddable":true,"href":"https:\/\/pdt-rj.org.br\/index.php\/wp-json\/wp\/v2\/comments?post=77298"}],"version-history":[{"count":2,"href":"https:\/\/pdt-rj.org.br\/index.php\/wp-json\/wp\/v2\/posts\/77298\/revisions"}],"predecessor-version":[{"id":77301,"href":"https:\/\/pdt-rj.org.br\/index.php\/wp-json\/wp\/v2\/posts\/77298\/revisions\/77301"}],"wp:featuredmedia":[{"embeddable":true,"href":"https:\/\/pdt-rj.org.br\/index.php\/wp-json\/wp\/v2\/media\/77299"}],"wp:attachment":[{"href":"https:\/\/pdt-rj.org.br\/index.php\/wp-json\/wp\/v2\/media?parent=77298"}],"wp:term":[{"taxonomy":"category","embeddable":true,"href":"https:\/\/pdt-rj.org.br\/index.php\/wp-json\/wp\/v2\/categories?post=77298"},{"taxonomy":"post_tag","embeddable":true,"href":"https:\/\/pdt-rj.org.br\/index.php\/wp-json\/wp\/v2\/tags?post=77298"}],"curies":[{"name":"wp","href":"https:\/\/api.w.org\/{rel}","templated":true}]}}