{"id":77279,"date":"2021-04-08T21:49:49","date_gmt":"2021-04-09T00:49:49","guid":{"rendered":"http:\/\/pdt-rj.org.br\/?p=77279"},"modified":"2022-04-18T15:58:47","modified_gmt":"2022-04-18T18:58:47","slug":"carlos-lupi-fomenta-integracao-e-qualificacao-do-pdt-do-rio-de-janeiro-a-partir-da-flb-ap","status":"publish","type":"post","link":"https:\/\/pdt-rj.org.br\/index.php\/carlos-lupi-fomenta-integracao-e-qualificacao-do-pdt-do-rio-de-janeiro-a-partir-da-flb-ap\/","title":{"rendered":"Carlos Lupi fomenta integra\u00e7\u00e3o e qualifica\u00e7\u00e3o do PDT do Rio de Janeiro a partir da FLB-AP"},"content":{"rendered":"<p class=\"yiv7191236998MsoNormal\"><em><b>Projetos-piloto ser\u00e3o executados em n\u00edvel regional para servir de base aos demais estados<\/b><\/em><\/p>\n<p class=\"yiv7191236998MsoNormal\">\u201cCom qualifica\u00e7\u00e3o e integra\u00e7\u00e3o, vamos crescer de forma inovadora e consistente\u201d, projetou o presidente nacional do PDT e do Conselho Curador da Funda\u00e7\u00e3o Leonel Brizola \u2013 Alberto Pasqualini (FLB-AP), Carlos Lupi, durante encontro virtual, nesta quinta-feira (8), com representantes do \u00f3rg\u00e3o de coopera\u00e7\u00e3o do partido.<\/p>\n<p class=\"yiv7191236998MsoNormal\">Como prioridade, o in\u00edcio de novos projetos-piloto que ser\u00e3o focados em eixos centrais: conquista de novos filiados, forma\u00e7\u00e3o cont\u00ednua de quadros e promo\u00e7\u00e3o das bandeiras trabalhistas. Em destaque, a implanta\u00e7\u00e3o de cursos personalizados para a realidade fluminense, de ciclos de debates tem\u00e1ticos e de plataformas interativas para mobiliza\u00e7\u00e3o.<\/p>\n<p class=\"yiv7191236998MsoNormal\">Ao valorizar o trabalho j\u00e1 realizado pela dire\u00e7\u00e3o local da Funda\u00e7\u00e3o, a partir do vice-presidente Everton Gomes, Lupi, que tamb\u00e9m \u00e9 presidente do partido no estado, acredita que o fomento de inova\u00e7\u00f5es, principalmente pela internet, estimular\u00e1 o protagonismo pedetista em mais conquistas.<\/p>\n<p class=\"yiv7191236998MsoNormal\">\u201cN\u00e3o \u00e9 quantidade, mas qualidade na milit\u00e2ncia. Buscamos um partido organizado, preparado e com conte\u00fado para fortalecer os projetos estaduais e a pr\u00e9-candidatura do Ciro Gomes a presidente da Rep\u00fablica. Assim, conseguiremos executar a justi\u00e7a social para o nosso povo\u201d, comentou.<\/p>\n<p class=\"yiv7191236998MsoNormal\">\u201cEstamos desenvolvendo novas iniciativas, inclusive no digital, com intuito de protagonizar mais conquistas. Que essa experi\u00eancia d\u00ea certo e crie um volume modelar para o Brasil\u201d, completou.<\/p>\n<!-- AddThis Advanced Settings generic via filter on the_content --><!-- AddThis Share Buttons generic via filter on the_content -->","protected":false},"excerpt":{"rendered":"<p>Projetos-piloto ser\u00e3o executados em n\u00edvel regional para servir de base aos demais estados \u201cCom qualifica\u00e7\u00e3o e integra\u00e7\u00e3o, vamos crescer de forma inovadora e consistente\u201d, projetou o presidente nacional do PDT e do Conselho Curador da Funda\u00e7\u00e3o Leonel Brizola \u2013 Alberto Pasqualini (FLB-AP), Carlos Lupi, durante encontro virtual, nesta quinta-feira (8), com representantes do \u00f3rg\u00e3o de&#8230;<!-- AddThis Advanced Settings generic via filter on wp_trim_excerpt --><!-- AddThis Share Buttons generic via filter on wp_trim_excerpt --><\/p>\n","protected":false},"author":17,"featured_media":77280,"comment_status":"closed","ping_status":"closed","sticky":false,"template":"","format":"standard","meta":{"_monsterinsights_skip_tracking":false,"_monsterinsights_sitenote_active":false,"_monsterinsights_sitenote_note":"","_monsterinsights_sitenote_category":0,"_uf_show_specific_survey":0,"_uf_disable_surveys":false,"footnotes":""},"categories":[1390,5417,1401],"tags":[],"class_list":["post-77279","post","type-post","status-publish","format-standard","has-post-thumbnail","hentry","category-editorias","category-carlos-lupi","category-nacional"],"acf":[],"_links":{"self":[{"href":"https:\/\/pdt-rj.org.br\/index.php\/wp-json\/wp\/v2\/posts\/77279","targetHints":{"allow":["GET"]}}],"collection":[{"href":"https:\/\/pdt-rj.org.br\/index.php\/wp-json\/wp\/v2\/posts"}],"about":[{"href":"https:\/\/pdt-rj.org.br\/index.php\/wp-json\/wp\/v2\/types\/post"}],"author":[{"embeddable":true,"href":"https:\/\/pdt-rj.org.br\/index.php\/wp-json\/wp\/v2\/users\/17"}],"replies":[{"embeddable":true,"href":"https:\/\/pdt-rj.org.br\/index.php\/wp-json\/wp\/v2\/comments?post=77279"}],"version-history":[{"count":4,"href":"https:\/\/pdt-rj.org.br\/index.php\/wp-json\/wp\/v2\/posts\/77279\/revisions"}],"predecessor-version":[{"id":77284,"href":"https:\/\/pdt-rj.org.br\/index.php\/wp-json\/wp\/v2\/posts\/77279\/revisions\/77284"}],"wp:featuredmedia":[{"embeddable":true,"href":"https:\/\/pdt-rj.org.br\/index.php\/wp-json\/wp\/v2\/media\/77280"}],"wp:attachment":[{"href":"https:\/\/pdt-rj.org.br\/index.php\/wp-json\/wp\/v2\/media?parent=77279"}],"wp:term":[{"taxonomy":"category","embeddable":true,"href":"https:\/\/pdt-rj.org.br\/index.php\/wp-json\/wp\/v2\/categories?post=77279"},{"taxonomy":"post_tag","embeddable":true,"href":"https:\/\/pdt-rj.org.br\/index.php\/wp-json\/wp\/v2\/tags?post=77279"}],"curies":[{"name":"wp","href":"https:\/\/api.w.org\/{rel}","templated":true}]}}