{"id":77268,"date":"2021-04-07T23:08:59","date_gmt":"2021-04-08T02:08:59","guid":{"rendered":"http:\/\/pdt-rj.org.br\/?p=77268"},"modified":"2021-04-08T17:18:27","modified_gmt":"2021-04-08T20:18:27","slug":"o-trabalhismo-na-construcao-do-sus","status":"publish","type":"post","link":"https:\/\/pdt-rj.org.br\/index.php\/o-trabalhismo-na-construcao-do-sus\/","title":{"rendered":"O Trabalhismo na constru\u00e7\u00e3o do SUS"},"content":{"rendered":"<p class=\"yiv1703242112p1\"><span class=\"yiv1703242112s1\">Hoje \u00e9 dia 7 de abril, data em que todo o planeta comemora o Dia da Sa\u00fade, institu\u00eddo pela OMS (Organiza\u00e7\u00e3o Mundial da Sa\u00fade) em 1948. Mais que uma marca comemorativa, serve, para aqui no Brasil, ressaltarmos a import\u00e2ncia do SUS (Sistema \u00danico de Sa\u00fade) para todas e todos, brasileiras e brasileiros.<\/span><\/p>\n<p class=\"yiv1703242112p1\"><span class=\"yiv1703242112s1\">A nossa Constitui\u00e7\u00e3o de 1998, em seu artigo 196, \u00e9 clara: \u201cSa\u00fade \u00e9 um direito de todos e dever do Estado\u201d.\u00a0<\/span><\/p>\n<p class=\"yiv1703242112p1\"><span class=\"yiv1703242112s1\">Em fun\u00e7\u00e3o deste direito, em 1990, o Congresso Nacional aprovou a Lei Org\u00e2nica da Sa\u00fade, detalhando o funcionamento do sistema e instituindo princ\u00edpios e diretrizes que percorremos at\u00e9 hoje. A partir de ent\u00e3o, passamos a ter acesso integral, universal e gratuito aos servi\u00e7os de sa\u00fade.<\/span><\/p>\n<p class=\"yiv1703242112p1\"><span class=\"yiv1703242112s1\">Comemoramos os 31 anos de promulga\u00e7\u00e3o da cria\u00e7\u00e3o desse que \u00e9 considerado um dos maiores sistemas p\u00fablicos de sa\u00fade do mundo, chegando a atender cerca de 150 milh\u00f5es de pessoas.\u00a0<\/span><\/p>\n<p class=\"yiv1703242112p1\"><span class=\"yiv1703242112s1\">Desenvolvemos, em nosso pa\u00eds, alguns dos maiores programas de sa\u00fade institu\u00eddos no mundo: o Programa de Sa\u00fade da Fam\u00edlia, que atinge 90 milh\u00f5es de pessoas, bem como\u00a0<span class=\"yiv1703242112Apple-converted-space\">\u00a0<\/span>os 110 milh\u00f5es atendidos por Agentes Comunit\u00e1rios de Sa\u00fade.<\/span><\/p>\n<p class=\"yiv1703242112p1\"><span class=\"yiv1703242112s1\">Desde 1996, o pa\u00eds garante acesso universal e gratuito aos antirretrovirais a todos os portadores de HIV\/AIDS, assim como aos portadores hepatite C. S\u00e3o bilh\u00f5es de atendimentos ambulatoriais, milh\u00f5es de consultas e de partos. Em torno de 80 mil transplantes e mais de 100 mil cirurgias card\u00edacas.<\/span><\/p>\n<p class=\"yiv1703242112p1\"><span class=\"yiv1703242112s1\">Nesse momento de trag\u00e9dia causada pela pandemia da Covid 19, fica demostrado que o SUS est\u00e1 sendo a base para seu enfrentamento, atrav\u00e9s de toda a sua rede ambulatorial, de pronto atendimento e hospitalar instalada no pa\u00eds. Sua hist\u00f3ria \u00e9 constru\u00edda com muita luta, quer de seus gestores, quer de profissionais que dia a dia trabalham pela garantia de direitos de um povo.<\/span><\/p>\n<p class=\"yiv1703242112p1\"><span class=\"yiv1703242112s1\">A hist\u00f3ria recente nos mostra a sua constru\u00e7\u00e3o a partir do chamado \u201cMovimento Sanit\u00e1rio\u201d criado nos anos 1970, especialmente a partir Escola Nacional de Sa\u00fade P\u00fablica da Fiocruz, da UNICAMP, da UERJ <span class=\"yiv1703242112Apple-converted-space\">\u00a0<\/span>e de movimentos organizados como o CEBES (Centro Brasileiro de Estudos da Sa\u00fade) e de Associa\u00e7\u00f5es como a ABRASCO \u2013 de Sa\u00fade Coletiva, que culminaram, a partir da redemocratiza\u00e7\u00e3o do pa\u00eds em 1985, com a consolida\u00e7\u00e3o de seus princ\u00edpios e a promulga\u00e7\u00e3o da Carta Constituinte de 1988, consagrando a sa\u00fade como direito cidad\u00e3o.<\/span><\/p>\n<p class=\"yiv1703242112p1\"><span class=\"yiv1703242112s1\">Mas n\u00e3o podemos pensar no SUS sem voltarmos h\u00e1 58 anos, quando nosso companheiro trabalhista, Wilson Fadul, assume o cargo de Ministro da Sa\u00fade do governo Jo\u00e3o Goulart.<\/span><\/p>\n<p class=\"yiv1703242112p1\"><span class=\"yiv1703242112s1\">Fadul era m\u00e9dico, formado na UFF (Universidade Federal Fluminense), em Niter\u00f3i (RJ). Mas foi na cidade de Campo Grande (MS) que iniciou sua hist\u00f3ria como trabalhista e militante da sa\u00fade p\u00fablica. Elegeu-se vereador em 1950, prefeito da cidade em 1953 e deputado federal, no ano seguinte, pelo PTB original.<\/span><\/p>\n<p class=\"yiv1703242112p1\"><span class=\"yiv1703242112s1\">Como ministro da Sa\u00fade se atentou para o alto \u00edndice de desnacionaliza\u00e7\u00e3o de nossa ind\u00fastria farmac\u00eautica &#8211; de cerca de\u00a0<span class=\"yiv1703242112Apple-converted-space\">\u00a0<\/span>95% &#8211; e criou o Grupo Executivo da Ind\u00fastria Farmac\u00eautica Nacional com o objetivo de defender os interesses dos mais empobrecidos. Assim, facilitar o acesso a medicamentos mais baratos.<\/span><\/p>\n<p class=\"yiv1703242112p1\"><span class=\"yiv1703242112s1\">Na III\u00aa Confer\u00eancia Nacional de Sa\u00fade, realizada \u00e0s v\u00e9speras do golpe militar, Wilson Fadul j\u00e1 levantava a bandeira da municipaliza\u00e7\u00e3o dos servi\u00e7os de sa\u00fade.\u00a0<\/span><\/p>\n<p class=\"yiv1703242112p1\"><span class=\"yiv1703242112s1\">Os anais desta confer\u00eancia s\u00f3 vieram a ser publicados em 1992 por iniciativa do Movimento Socialista de Sa\u00fade do Partido Democr\u00e1tico Trabalhista (PDT) e publicado pela prefeitura de Niter\u00f3i, comandada por Jorge Roberto Silveira, tamb\u00e9m companheiro de partido.<\/span><\/p>\n<p class=\"yiv1703242112p1\"><span class=\"yiv1703242112s1\">Neste dia de comemora\u00e7\u00e3o, reflex\u00e3o e luta contra a maior trag\u00e9dia que assola este pa\u00eds, saudamos a mem\u00f3ria de nosso companheiro trabalhista, ministro Wilson Fadul. \u00c9 uma refer\u00eancia para a constru\u00e7\u00e3o do SUS e do trabalhismo.<\/span><\/p>\n<p>&nbsp;<\/p>\n<p class=\"yiv1703242112p1\"><em><strong><span class=\"yiv1703242112s1\">*Marcio Aurelio Soares \u00e9 m\u00e9dico e militante do PDT de Santos (SP)<\/span><\/strong><\/em><\/p>\n<!-- AddThis Advanced Settings generic via filter on the_content --><!-- AddThis Share Buttons generic via filter on the_content -->","protected":false},"excerpt":{"rendered":"<p>Hoje \u00e9 dia 7 de abril, data em que todo o planeta comemora o Dia da Sa\u00fade, institu\u00eddo pela OMS (Organiza\u00e7\u00e3o Mundial da Sa\u00fade) em 1948. Mais que uma marca comemorativa, serve, para aqui no Brasil, ressaltarmos a import\u00e2ncia do SUS (Sistema \u00danico de Sa\u00fade) para todas e todos, brasileiras e brasileiros. A nossa Constitui\u00e7\u00e3o&#8230;<!-- AddThis Advanced Settings generic via filter on wp_trim_excerpt --><!-- AddThis Share Buttons generic via filter on wp_trim_excerpt --><\/p>\n","protected":false},"author":17,"featured_media":77269,"comment_status":"closed","ping_status":"closed","sticky":false,"template":"","format":"standard","meta":{"_monsterinsights_skip_tracking":false,"_monsterinsights_sitenote_active":false,"_monsterinsights_sitenote_note":"","_monsterinsights_sitenote_category":0,"_uf_show_specific_survey":0,"_uf_disable_surveys":false,"footnotes":""},"categories":[1584,1390],"tags":[3715,4674,2463,3317,38,1340,900,46],"class_list":["post-77268","post","type-post","status-publish","format-standard","has-post-thumbnail","hentry","category-artigos","category-editorias","tag-fiocruz","tag-movimento-socialista-de-saude","tag-niteroi-rj","tag-organizacao-mundial-da-saude","tag-pdt","tag-sistema-unico-de-saude","tag-sus","tag-trabalhismo"],"acf":[],"_links":{"self":[{"href":"https:\/\/pdt-rj.org.br\/index.php\/wp-json\/wp\/v2\/posts\/77268","targetHints":{"allow":["GET"]}}],"collection":[{"href":"https:\/\/pdt-rj.org.br\/index.php\/wp-json\/wp\/v2\/posts"}],"about":[{"href":"https:\/\/pdt-rj.org.br\/index.php\/wp-json\/wp\/v2\/types\/post"}],"author":[{"embeddable":true,"href":"https:\/\/pdt-rj.org.br\/index.php\/wp-json\/wp\/v2\/users\/17"}],"replies":[{"embeddable":true,"href":"https:\/\/pdt-rj.org.br\/index.php\/wp-json\/wp\/v2\/comments?post=77268"}],"version-history":[{"count":4,"href":"https:\/\/pdt-rj.org.br\/index.php\/wp-json\/wp\/v2\/posts\/77268\/revisions"}],"predecessor-version":[{"id":77273,"href":"https:\/\/pdt-rj.org.br\/index.php\/wp-json\/wp\/v2\/posts\/77268\/revisions\/77273"}],"wp:featuredmedia":[{"embeddable":true,"href":"https:\/\/pdt-rj.org.br\/index.php\/wp-json\/wp\/v2\/media\/77269"}],"wp:attachment":[{"href":"https:\/\/pdt-rj.org.br\/index.php\/wp-json\/wp\/v2\/media?parent=77268"}],"wp:term":[{"taxonomy":"category","embeddable":true,"href":"https:\/\/pdt-rj.org.br\/index.php\/wp-json\/wp\/v2\/categories?post=77268"},{"taxonomy":"post_tag","embeddable":true,"href":"https:\/\/pdt-rj.org.br\/index.php\/wp-json\/wp\/v2\/tags?post=77268"}],"curies":[{"name":"wp","href":"https:\/\/api.w.org\/{rel}","templated":true}]}}