{"id":77262,"date":"2021-04-08T15:21:34","date_gmt":"2021-04-08T18:21:34","guid":{"rendered":"http:\/\/pdt-rj.org.br\/?p=77262"},"modified":"2021-04-08T15:22:40","modified_gmt":"2021-04-08T18:22:40","slug":"pdt-lamenta-falecimento-da-trabalhista-e-fundadora-do-partido-ionne-groff","status":"publish","type":"post","link":"https:\/\/pdt-rj.org.br\/index.php\/pdt-lamenta-falecimento-da-trabalhista-e-fundadora-do-partido-ionne-groff\/","title":{"rendered":"PDT lamenta falecimento da trabalhista e fundadora do partido, Ionne Groff"},"content":{"rendered":"<p class=\"yiv5146423744MsoNormal\"><em><b>Ao lado do marido, Danilo Groff, a lideran\u00e7a\u00a0construiu uma trajet\u00f3ria nacional em defesa dos direitos sociais<\/b><\/em><\/p>\n<p class=\"yiv5146423744MsoNormal\">O PDT registrou, com pesar, a morte de Ionne Groff, 84 anos, nesta quinta-feira (8). A trabalhista e fundadora do partido construiu uma representatividade nacional \u2013 junto com seu marido, Danilo Groff \u2013 na defesa da democracia e dos direitos sociais.<\/p>\n<p class=\"yiv5146423744MsoNormal\">Em manifesta\u00e7\u00e3o nas suas redes sociais, o presidente nacional do PDT, Carlos Lupi, lamentou a perda e valorizou a import\u00e2ncia da pedetista, que tamb\u00e9m \u00e9 m\u00e3e da presidente do movimento Ecotrabalhismo, Ivana Groff.<\/p>\n<p class=\"yiv5146423744MsoNormal\">\u201cAcabamos de perder uma estimada e querida companheira de funda\u00e7\u00e3o do nosso PDT, Ione Groff, esposa do falecido amigo e companheiro Danilo Groff. O casal sempre lutou por uma sociedade mais justa e fraterna\u201d, afirmou.<\/p>\n<p class=\"yiv5146423744MsoNormal\">\u201cA companheira Ione est\u00e1 na constela\u00e7\u00e3o de estrelas trabalhistas a nos guiar do infinito c\u00e9u. Meus profundos sentimentos de pesar e conforto a seus filhos, netos e familiares. Siga em paz\u201d, acrescentou, ao tamb\u00e9m prestar uma homenagem durante debate na C\u00e2mara dos Deputados.<\/p>\n<p class=\"yiv5146423744MsoNormal\">Na foto, Ionne aparece ao lado de Lupi e Ivana. Feito na sede da Funda\u00e7\u00e3o Leonel Brizola \u2013 Alberto Pasqualini (FLB-AP), no Centro do Rio de Janeiro, o registro tamb\u00e9m conta com as presen\u00e7as do secret\u00e1rio-geral nacional do partido e presidente da Funda\u00e7\u00e3o, Manoel Dias, e do vice-presidente da Funda\u00e7\u00e3o no estado fluminense, Everton Gomes.<\/p>\n<!-- AddThis Advanced Settings generic via filter on the_content --><!-- AddThis Share Buttons generic via filter on the_content -->","protected":false},"excerpt":{"rendered":"<p>Ao lado do marido, Danilo Groff, a lideran\u00e7a\u00a0construiu uma trajet\u00f3ria nacional em defesa dos direitos sociais O PDT registrou, com pesar, a morte de Ionne Groff, 84 anos, nesta quinta-feira (8). A trabalhista e fundadora do partido construiu uma representatividade nacional \u2013 junto com seu marido, Danilo Groff \u2013 na defesa da democracia e dos&#8230;<!-- AddThis Advanced Settings generic via filter on wp_trim_excerpt --><!-- AddThis Share Buttons generic via filter on wp_trim_excerpt --><\/p>\n","protected":false},"author":17,"featured_media":77264,"comment_status":"closed","ping_status":"closed","sticky":false,"template":"","format":"standard","meta":{"_monsterinsights_skip_tracking":false,"_monsterinsights_sitenote_active":false,"_monsterinsights_sitenote_note":"","_monsterinsights_sitenote_category":0,"_uf_show_specific_survey":0,"_uf_disable_surveys":false,"footnotes":""},"categories":[1390],"tags":[196,4673,54,3584,408,426,4672],"class_list":["post-77262","post","type-post","status-publish","format-standard","has-post-thumbnail","hentry","category-editorias","tag-carlos-lupi","tag-danilo-groff","tag-direitos-humanos","tag-ecotrabalhismo","tag-flb-ap","tag-fundacao-leonel-brizola-alberto-pasqualini","tag-ionne-groff"],"acf":[],"_links":{"self":[{"href":"https:\/\/pdt-rj.org.br\/index.php\/wp-json\/wp\/v2\/posts\/77262","targetHints":{"allow":["GET"]}}],"collection":[{"href":"https:\/\/pdt-rj.org.br\/index.php\/wp-json\/wp\/v2\/posts"}],"about":[{"href":"https:\/\/pdt-rj.org.br\/index.php\/wp-json\/wp\/v2\/types\/post"}],"author":[{"embeddable":true,"href":"https:\/\/pdt-rj.org.br\/index.php\/wp-json\/wp\/v2\/users\/17"}],"replies":[{"embeddable":true,"href":"https:\/\/pdt-rj.org.br\/index.php\/wp-json\/wp\/v2\/comments?post=77262"}],"version-history":[{"count":2,"href":"https:\/\/pdt-rj.org.br\/index.php\/wp-json\/wp\/v2\/posts\/77262\/revisions"}],"predecessor-version":[{"id":77265,"href":"https:\/\/pdt-rj.org.br\/index.php\/wp-json\/wp\/v2\/posts\/77262\/revisions\/77265"}],"wp:featuredmedia":[{"embeddable":true,"href":"https:\/\/pdt-rj.org.br\/index.php\/wp-json\/wp\/v2\/media\/77264"}],"wp:attachment":[{"href":"https:\/\/pdt-rj.org.br\/index.php\/wp-json\/wp\/v2\/media?parent=77262"}],"wp:term":[{"taxonomy":"category","embeddable":true,"href":"https:\/\/pdt-rj.org.br\/index.php\/wp-json\/wp\/v2\/categories?post=77262"},{"taxonomy":"post_tag","embeddable":true,"href":"https:\/\/pdt-rj.org.br\/index.php\/wp-json\/wp\/v2\/tags?post=77262"}],"curies":[{"name":"wp","href":"https:\/\/api.w.org\/{rel}","templated":true}]}}