{"id":77258,"date":"2021-04-08T13:48:12","date_gmt":"2021-04-08T16:48:12","guid":{"rendered":"http:\/\/pdt-rj.org.br\/?p=77258"},"modified":"2021-04-14T02:22:00","modified_gmt":"2021-04-14T05:22:00","slug":"cid-gomes-quer-explicacoes-de-guedes-sobre-tentativa-de-privatizacao-da-cef","status":"publish","type":"post","link":"https:\/\/pdt-rj.org.br\/index.php\/cid-gomes-quer-explicacoes-de-guedes-sobre-tentativa-de-privatizacao-da-cef\/","title":{"rendered":"Cid Gomes quer explica\u00e7\u00f5es de Guedes sobre tentativa de privatiza\u00e7\u00e3o da CEF"},"content":{"rendered":"<p>O senador Cid Gomes (PDT-CE) apresentou requerimento \u00e0 Comiss\u00e3o de Assuntos Econ\u00f4micos (CAE) do Senado Federal pedindo informa\u00e7\u00f5es ao ministro da Economia, Paulo Guedes, sobre a cria\u00e7\u00e3o do Banco Digital da Caixa Econ\u00f4mica Federal (CEF). No documento, Cid cita mat\u00e9rias jornal\u00edsticas que apontam essa medida como \u201cmais um passo para a privatiza\u00e7\u00e3o das melhores fatias de mercado da Caixa Econ\u00f4mica, restando-lhe as partes menos lucrativas e at\u00e9 deficit\u00e1rias\u201d.<\/p>\n<p>O senador lembrou que, com a pandemia, a Caixa criou um aplicativo para celular, o Caixa Tem, proporcionando a inclus\u00e3o de milh\u00f5es de brasileiros que n\u00e3o tinham acesso ao sistema banc\u00e1rio, o que possibilita a gera\u00e7\u00e3o de novos neg\u00f3cios e fortalece a CEF. \u201cO Caixa Tem agrega valor ao conglomerado Caixa, que angaria maior fatia potencial do mercado do cr\u00e9dito banc\u00e1rio\u201d, avaliou.<\/p>\n<p>Al\u00e9m disso, Cid Gomes lembrou que a Medida Provis\u00f3ria 995\/2020 j\u00e1 abriu o caminho para a privatiza\u00e7\u00e3o da Caixa Seguridade, uma parte altamente rent\u00e1vel do conglomerado Caixa, que det\u00e9m fatia relevante do mercado de seguros do pa\u00eds. \u201cTamb\u00e9m j\u00e1 est\u00e1 em curso a venda de sua participa\u00e7\u00e3o ordin\u00e1ria no Banco Pan, com a venda das a\u00e7\u00f5es ordin\u00e1rias naquele banco de titularidade da Caixapar, bra\u00e7o de participa\u00e7\u00f5es da Caixa Econ\u00f4mica Federal\u201d, apontou.<\/p>\n<p>De acordo com o senador, todas essas a\u00e7\u00f5es s\u00e3o preocupantes porque enfraquecem a Caixa e est\u00e3o sendo efetivadas sem nenhuma discuss\u00e3o com a sociedade brasileira e com o Congresso. \u201cQuais os benef\u00edcios disso tudo para a sociedade brasileira? \u00c9 imprescind\u00edvel que o Senado assuma sua posi\u00e7\u00e3o de fiscaliza\u00e7\u00e3o da coisa p\u00fablica, e exponha \u00e0 sociedade brasileira o desmonte da Caixa\u201d, defendeu Cid.<\/p>\n<p>No requerimento, Cid Gomes quer saber se j\u00e1 h\u00e1 solicita\u00e7\u00e3o para a cria\u00e7\u00e3o do Banco Digital junto ao Banco Central, requisitando, inclusive, a \u00edntegra do processo junto ao BC; se seria criado por meio de uma nova empresa; quais os benef\u00edcios esperados para a CEF e se h\u00e1 tentativa de privatiza\u00e7\u00e3o ou participa\u00e7\u00e3o do capital privado em parte do objeto social da CEF que seria apartado em novo CNPJ. O requerimento ser\u00e1 apreciado pela CAE e, caso seja aprovado, ser\u00e1 enviado ao Minist\u00e9rio da Economia.<\/p>\n<!-- AddThis Advanced Settings generic via filter on the_content --><!-- AddThis Share Buttons generic via filter on the_content -->","protected":false},"excerpt":{"rendered":"<p>O senador Cid Gomes (PDT-CE) apresentou requerimento \u00e0 Comiss\u00e3o de Assuntos Econ\u00f4micos (CAE) do Senado Federal pedindo informa\u00e7\u00f5es ao ministro da Economia, Paulo Guedes, sobre a cria\u00e7\u00e3o do Banco Digital da Caixa Econ\u00f4mica Federal (CEF). No documento, Cid cita mat\u00e9rias jornal\u00edsticas que apontam essa medida como \u201cmais um passo para a privatiza\u00e7\u00e3o das melhores fatias&#8230;<!-- AddThis Advanced Settings generic via filter on wp_trim_excerpt --><!-- AddThis Share Buttons generic via filter on wp_trim_excerpt --><\/p>\n","protected":false},"author":17,"featured_media":77259,"comment_status":"closed","ping_status":"closed","sticky":false,"template":"","format":"standard","meta":{"_monsterinsights_skip_tracking":false,"_monsterinsights_sitenote_active":false,"_monsterinsights_sitenote_note":"","_monsterinsights_sitenote_category":0,"_uf_show_specific_survey":0,"_uf_disable_surveys":false,"footnotes":""},"categories":[1390,1459,976],"tags":[4671,211,4670],"class_list":["post-77258","post","type-post","status-publish","format-standard","has-post-thumbnail","hentry","category-editorias","category-congresso","category-noticias-em-destaque","tag-banco-digital-da-caixa-economica-federal","tag-cid-gomes","tag-privatizacao-da-caixa-economica-federal"],"acf":[],"_links":{"self":[{"href":"https:\/\/pdt-rj.org.br\/index.php\/wp-json\/wp\/v2\/posts\/77258","targetHints":{"allow":["GET"]}}],"collection":[{"href":"https:\/\/pdt-rj.org.br\/index.php\/wp-json\/wp\/v2\/posts"}],"about":[{"href":"https:\/\/pdt-rj.org.br\/index.php\/wp-json\/wp\/v2\/types\/post"}],"author":[{"embeddable":true,"href":"https:\/\/pdt-rj.org.br\/index.php\/wp-json\/wp\/v2\/users\/17"}],"replies":[{"embeddable":true,"href":"https:\/\/pdt-rj.org.br\/index.php\/wp-json\/wp\/v2\/comments?post=77258"}],"version-history":[{"count":2,"href":"https:\/\/pdt-rj.org.br\/index.php\/wp-json\/wp\/v2\/posts\/77258\/revisions"}],"predecessor-version":[{"id":77261,"href":"https:\/\/pdt-rj.org.br\/index.php\/wp-json\/wp\/v2\/posts\/77258\/revisions\/77261"}],"wp:featuredmedia":[{"embeddable":true,"href":"https:\/\/pdt-rj.org.br\/index.php\/wp-json\/wp\/v2\/media\/77259"}],"wp:attachment":[{"href":"https:\/\/pdt-rj.org.br\/index.php\/wp-json\/wp\/v2\/media?parent=77258"}],"wp:term":[{"taxonomy":"category","embeddable":true,"href":"https:\/\/pdt-rj.org.br\/index.php\/wp-json\/wp\/v2\/categories?post=77258"},{"taxonomy":"post_tag","embeddable":true,"href":"https:\/\/pdt-rj.org.br\/index.php\/wp-json\/wp\/v2\/tags?post=77258"}],"curies":[{"name":"wp","href":"https:\/\/api.w.org\/{rel}","templated":true}]}}