{"id":77248,"date":"2021-04-08T12:03:04","date_gmt":"2021-04-08T15:03:04","guid":{"rendered":"http:\/\/pdt-rj.org.br\/?p=77248"},"modified":"2021-04-08T17:33:07","modified_gmt":"2021-04-08T20:33:07","slug":"movimento-cultural-darcy-ribeiro-lanca-o-programa-despolarizando","status":"publish","type":"post","link":"https:\/\/pdt-rj.org.br\/index.php\/movimento-cultural-darcy-ribeiro-lanca-o-programa-despolarizando\/","title":{"rendered":"Movimento Cultural Darcy Ribeiro lan\u00e7a o programa &#8220;Despolarizando&#8221;"},"content":{"rendered":"<p>Na pr\u00f3xima sexta-feira (09), a partir das 11h, o Movimento Cultural Darcy Ribeiro (MCDR) em parceria com a Funda\u00e7\u00e3o Leonel Brizola &#8211; Alberto Pasqualini (FLB-AP) e O Cafezinho, dar\u00e1 in\u00edcio a um novo projeto, o programa &#8220;Despolarizando&#8221;.<\/p>\n<p>Em formato de podcasts semanais e com temas da atualidade, o programa tem o objetivo de levar informa\u00e7\u00e3o com\u00a0 debates inteligentes sobre a ess\u00eancia e a import\u00e2ncia do Trabalhismo, sempre com um convidado especial.<\/p>\n<p>&#8220;A nossa ideia \u00e9 sair dos polos de ignor\u00e2ncia. Sair dessas discurs\u00f5es odientas e trazer uma luz sobre a pol\u00edtica e cultura sempre com o vi\u00e9s trabalhista e com muita intelig\u00eancia em nossos debates&#8221;, afirma o presidente nacional do MCDR, Roberto Viana.<\/p>\n<p>Nesta primeira edi\u00e7\u00e3o, o programa ter\u00e1 como convidado o m\u00fasico Tico Santa Cruz. Na media\u00e7\u00e3o do debate, estar\u00e1\u00a0 Roberto Viana, o jornalista Miguel do Ros\u00e1rio e o ex-ministro e ex-deputado federal, Brizola Neto.<\/p>\n<p>Na pr\u00f3xima sexta-feira (16), o Despolarizando ter\u00e1 a presen\u00e7a, j\u00e1 confirmada, do presidente Nacional do PDT, Carlos Lupi.<\/p>\n<p>O programa ser\u00e1 transmitido todas as sextas-feiras, \u00e0s 11h, pela Central de M\u00eddias do PDT, Facebook do MCDR, e pelo canal do Youtube do O Cafezinho.<\/p>\n<p>&nbsp;<\/p>\n<!-- AddThis Advanced Settings generic via filter on the_content --><!-- AddThis Share Buttons generic via filter on the_content -->","protected":false},"excerpt":{"rendered":"<p>Na pr\u00f3xima sexta-feira (09), a partir das 11h, o Movimento Cultural Darcy Ribeiro (MCDR) em parceria com a Funda\u00e7\u00e3o Leonel Brizola &#8211; Alberto Pasqualini (FLB-AP) e O Cafezinho, dar\u00e1 in\u00edcio a um novo projeto, o programa &#8220;Despolarizando&#8221;. Em formato de podcasts semanais e com temas da atualidade, o programa tem o objetivo de levar informa\u00e7\u00e3o&#8230;<!-- AddThis Advanced Settings generic via filter on wp_trim_excerpt --><!-- AddThis Share Buttons generic via filter on wp_trim_excerpt --><\/p>\n","protected":false},"author":17,"featured_media":77249,"comment_status":"closed","ping_status":"closed","sticky":false,"template":"","format":"standard","meta":{"_monsterinsights_skip_tracking":false,"_monsterinsights_sitenote_active":false,"_monsterinsights_sitenote_note":"","_monsterinsights_sitenote_category":0,"_uf_show_specific_survey":0,"_uf_disable_surveys":false,"footnotes":""},"categories":[1390,2606,1397],"tags":[4668,4667,426,2450,46],"class_list":["post-77248","post","type-post","status-publish","format-standard","has-post-thumbnail","hentry","category-editorias","category-movimento-cultural-darcy-ribeiro","category-movimentos","tag-central-de-midias-do-pdt","tag-despolarizando","tag-fundacao-leonel-brizola-alberto-pasqualini","tag-movimento-cultural-darcy-ribeiro","tag-trabalhismo"],"acf":[],"_links":{"self":[{"href":"https:\/\/pdt-rj.org.br\/index.php\/wp-json\/wp\/v2\/posts\/77248","targetHints":{"allow":["GET"]}}],"collection":[{"href":"https:\/\/pdt-rj.org.br\/index.php\/wp-json\/wp\/v2\/posts"}],"about":[{"href":"https:\/\/pdt-rj.org.br\/index.php\/wp-json\/wp\/v2\/types\/post"}],"author":[{"embeddable":true,"href":"https:\/\/pdt-rj.org.br\/index.php\/wp-json\/wp\/v2\/users\/17"}],"replies":[{"embeddable":true,"href":"https:\/\/pdt-rj.org.br\/index.php\/wp-json\/wp\/v2\/comments?post=77248"}],"version-history":[{"count":6,"href":"https:\/\/pdt-rj.org.br\/index.php\/wp-json\/wp\/v2\/posts\/77248\/revisions"}],"predecessor-version":[{"id":77278,"href":"https:\/\/pdt-rj.org.br\/index.php\/wp-json\/wp\/v2\/posts\/77248\/revisions\/77278"}],"wp:featuredmedia":[{"embeddable":true,"href":"https:\/\/pdt-rj.org.br\/index.php\/wp-json\/wp\/v2\/media\/77249"}],"wp:attachment":[{"href":"https:\/\/pdt-rj.org.br\/index.php\/wp-json\/wp\/v2\/media?parent=77248"}],"wp:term":[{"taxonomy":"category","embeddable":true,"href":"https:\/\/pdt-rj.org.br\/index.php\/wp-json\/wp\/v2\/categories?post=77248"},{"taxonomy":"post_tag","embeddable":true,"href":"https:\/\/pdt-rj.org.br\/index.php\/wp-json\/wp\/v2\/tags?post=77248"}],"curies":[{"name":"wp","href":"https:\/\/api.w.org\/{rel}","templated":true}]}}