{"id":77216,"date":"2021-04-06T15:02:16","date_gmt":"2021-04-06T18:02:16","guid":{"rendered":"http:\/\/pdt-rj.org.br\/?p=77216"},"modified":"2021-04-06T15:03:07","modified_gmt":"2021-04-06T18:03:07","slug":"jose-bonifacio-aprova-criacao-do-projeto-cidadao-em-construcao-em-cabo-frio-rj","status":"publish","type":"post","link":"https:\/\/pdt-rj.org.br\/index.php\/jose-bonifacio-aprova-criacao-do-projeto-cidadao-em-construcao-em-cabo-frio-rj\/","title":{"rendered":"Jos\u00e9 Bonif\u00e1cio aprova cria\u00e7\u00e3o do projeto &#8220;Cidad\u00e3o em Constru\u00e7\u00e3o&#8221; em Cabo Frio (RJ)"},"content":{"rendered":"<p>Sob a lideran\u00e7a do prefeito de Cabo Frio, Jos\u00e9 Bonif\u00e1cio (PDT), a prefeitura do munic\u00edpio lan\u00e7ou, nessa segunda-feira (05), durante uma transmiss\u00e3o ao vivo, o projeto &#8220;Cidad\u00e3o em Constru\u00e7\u00e3o&#8221; que vai gerar oportunidade de trabalho e renda para 100 jovens cabo-frienses com idade entre 14 e 24 anos incompletos. Ato foi marcado com a assinatura do conv\u00eanio entre a prefeitura e o Centro de Integra\u00e7\u00e3o Empresa \u2013 Escola (CIEE).<\/p>\n<p>A capta\u00e7\u00e3o vai acontecer ao longo deste m\u00eas de abril, e a previs\u00e3o de contrata\u00e7\u00e3o \u00e9 para o primeiro dia \u00fatil de maio. O conv\u00eanio entre a Prefeitura e o CIEE passou pela C\u00e2mara de Vereadores de Cabo Frio, que aprovou por unanimidade a dota\u00e7\u00e3o anual de pouco mais de R$ 1,6 milh\u00e3o referente a sal\u00e1rio, encargos trabalhistas e curso de capacita\u00e7\u00e3o para os jovens beneficiados.<\/p>\n<p>Uma das cl\u00e1usulas do contrato prev\u00ea que do total de 100 jovens, pelo menos a metade seja de negros. Tamb\u00e9m determina que 50% sejam meninas, e 50% meninos. Metade dos jovens devem ser do primeiro distrito de Cabo Frio e a outra metade, de Tamoios. Todos devem ser moradores de Cabo Frio cujas fam\u00edlias estejam em situa\u00e7\u00e3o de vulnerabilidade social. A sele\u00e7\u00e3o ser\u00e1 feita pelo CIEE com apoio dos Centros de Refer\u00eancia de Assist\u00eancia Social (CRAS) de Cabo Frio.<\/p>\n<p>Na ocasi\u00e3o, o prefeito Jos\u00e9 Bonif\u00e1cio destacou a import\u00e2ncia do projeto para os jovens conquistarem o primeiro emprego.<\/p>\n<p>\u201cO projeto que estamos assinando hoje \u00e9 suma import\u00e2ncia para jovens de Cabo Frio. \u00c9 a possibilidade que temos de dar a t\u00e3o sonhada primeira oportunidade de trabalho, e o melhor: de carteira assinada, com todos os encargos trabalhistas devidamente reconhecidos\u201d, afirmou o pedetista.<\/p>\n<p>O superintendente Executivo do CIEE lembrou que atualmente o Centro de Integra\u00e7\u00e3o possui 15 mil aprendizes em todo o pa\u00eds, al\u00e9m de 20 mil estagi\u00e1rios. Somente no Tribunal de Justi\u00e7a do Estado s\u00e3o 4.500 estagi\u00e1rios dentro do programa de aprendiz.<\/p>\n<p>\u201cCom esta primeira turma, a Prefeitura de Cabo Frio vai dar a 100 jovens a oportunidade de se tornarem cidad\u00e3os conscientes do seu papel na sociedade. Durante o per\u00edodo do contrato, eles ter\u00e3o quatro dias de trabalho como aprendiz atendendo a diversos setores do governo, onde ter\u00e3o o aprendizado na pr\u00e1tica, e um dia eles passar\u00e3o dentro do CIEE fazendo cursos de capacita\u00e7\u00e3o, absorvendo a teoria\u201d, explicou Paulo Pimenta.<\/p>\n<p>Humberto Lima lembrou que a Lei Federal N\u00ba 10.097\/2000, ampliada pelo Decreto Federal N\u00ba 5.598\/2005, regulamenta o programa de aprendizagem, e determina que todas as empresas de m\u00e9dio e grande porte (p\u00fablicas ou privadas) contratem um n\u00famero de aprendizes equivalente a um m\u00ednimo de 5% e um m\u00e1ximo de 15% do seu quadro de funcion\u00e1rios cujas fun\u00e7\u00f5es demandem forma\u00e7\u00e3o profissional.<\/p>\n<p>\u201cEsperamos que a Prefeitura de Cabo Frio sirva de exemplo para outras empresas e prefeituras da nossa regi\u00e3o, porque somente ela n\u00e3o tem condi\u00e7\u00f5es de absorver toda a demanda existente\u201d, comentou o supervisor Regional do CIEE.<\/p>\n<p>Presente na solenidade, o vereador Davi Sousa, l\u00edder do governo na C\u00e2mara, lembrou que a cria\u00e7\u00e3o desta oportunidade aos jovens em situa\u00e7\u00e3o de vulnerabilidade social em Cabo Frio \u00e9 mais uma promessa de campanha que o prefeito Jos\u00e9 Bonif\u00e1cio est\u00e1 cumprindo com menos de 100 dias de governo. J\u00e1 a vice-prefeita Magdala Furtado disse estar feliz em fazer parte deste momento importante para os jovens cabo-frienses.<\/p>\n<p>Estiveram presente no evento o Paulo Pimenta Gomes e Humberto Lima, respectivamente superintendente Executivo e supervisor Regional do CIEE, al\u00e9m da vice-prefeita Magdala Furtado, da secret\u00e1ria da Crian\u00e7a e do Adolescente, Bet\u00e2nia Batista, o secret\u00e1rio-adjunto de Ci\u00eancia e Tecnologia, Rafael Pe\u00e7anha, o Procurador Geral, Vitor Martim e o superintendente da Juventude, Marlon Barbosa. Tamb\u00e9m participaram os vereadores Davi Sousa, Josias da Swell, Oseias de Tamoios, Douglas Felizardo, Jean da Auto Escola, L\u00e9o Mendes e Alexandre da Col\u00f4nia.<\/p>\n<!-- AddThis Advanced Settings generic via filter on the_content --><!-- AddThis Share Buttons generic via filter on the_content -->","protected":false},"excerpt":{"rendered":"<p>Sob a lideran\u00e7a do prefeito de Cabo Frio, Jos\u00e9 Bonif\u00e1cio (PDT), a prefeitura do munic\u00edpio lan\u00e7ou, nessa segunda-feira (05), durante uma transmiss\u00e3o ao vivo, o projeto &#8220;Cidad\u00e3o em Constru\u00e7\u00e3o&#8221; que vai gerar oportunidade de trabalho e renda para 100 jovens cabo-frienses com idade entre 14 e 24 anos incompletos. Ato foi marcado com a assinatura&#8230;<!-- AddThis Advanced Settings generic via filter on wp_trim_excerpt --><!-- AddThis Share Buttons generic via filter on wp_trim_excerpt --><\/p>\n","protected":false},"author":17,"featured_media":77219,"comment_status":"closed","ping_status":"closed","sticky":false,"template":"","format":"standard","meta":{"_monsterinsights_skip_tracking":false,"_monsterinsights_sitenote_active":false,"_monsterinsights_sitenote_note":"","_monsterinsights_sitenote_category":0,"_uf_show_specific_survey":0,"_uf_disable_surveys":false,"footnotes":""},"categories":[1390,1402],"tags":[4660,3068,4662,4659,4270,4661,4658],"class_list":["post-77216","post","type-post","status-publish","format-standard","has-post-thumbnail","hentry","category-editorias","category-cidades","tag-ciee","tag-jose-bonifacio","tag-jovens-de-cabo-frio","tag-oportunidade-de-trabalho","tag-prefeitura-de-cabo-frio-rj","tag-primeiro-emprego","tag-projeto-cidadao-em-construcao"],"acf":[],"_links":{"self":[{"href":"https:\/\/pdt-rj.org.br\/index.php\/wp-json\/wp\/v2\/posts\/77216","targetHints":{"allow":["GET"]}}],"collection":[{"href":"https:\/\/pdt-rj.org.br\/index.php\/wp-json\/wp\/v2\/posts"}],"about":[{"href":"https:\/\/pdt-rj.org.br\/index.php\/wp-json\/wp\/v2\/types\/post"}],"author":[{"embeddable":true,"href":"https:\/\/pdt-rj.org.br\/index.php\/wp-json\/wp\/v2\/users\/17"}],"replies":[{"embeddable":true,"href":"https:\/\/pdt-rj.org.br\/index.php\/wp-json\/wp\/v2\/comments?post=77216"}],"version-history":[{"count":4,"href":"https:\/\/pdt-rj.org.br\/index.php\/wp-json\/wp\/v2\/posts\/77216\/revisions"}],"predecessor-version":[{"id":77221,"href":"https:\/\/pdt-rj.org.br\/index.php\/wp-json\/wp\/v2\/posts\/77216\/revisions\/77221"}],"wp:featuredmedia":[{"embeddable":true,"href":"https:\/\/pdt-rj.org.br\/index.php\/wp-json\/wp\/v2\/media\/77219"}],"wp:attachment":[{"href":"https:\/\/pdt-rj.org.br\/index.php\/wp-json\/wp\/v2\/media?parent=77216"}],"wp:term":[{"taxonomy":"category","embeddable":true,"href":"https:\/\/pdt-rj.org.br\/index.php\/wp-json\/wp\/v2\/categories?post=77216"},{"taxonomy":"post_tag","embeddable":true,"href":"https:\/\/pdt-rj.org.br\/index.php\/wp-json\/wp\/v2\/tags?post=77216"}],"curies":[{"name":"wp","href":"https:\/\/api.w.org\/{rel}","templated":true}]}}