{"id":77181,"date":"2021-04-02T11:32:40","date_gmt":"2021-04-02T14:32:40","guid":{"rendered":"http:\/\/pdt-rj.org.br\/?p=77181"},"modified":"2021-04-05T14:08:18","modified_gmt":"2021-04-05T17:08:18","slug":"a-candidatura-de-ciro-e-decisao-tomada-diz-o-presidente-do-pdt","status":"publish","type":"post","link":"https:\/\/pdt-rj.org.br\/index.php\/a-candidatura-de-ciro-e-decisao-tomada-diz-o-presidente-do-pdt\/","title":{"rendered":"\u2018A candidatura de Ciro \u00e9 decis\u00e3o tomada\u2019, afirma o presidente nacional do PDT"},"content":{"rendered":"<h3><em>A CartaCapital, Carlos Lupi nega que o partido possa abrir m\u00e3o da candidatura; o desafio, pondera, \u00e9 &#8216;conquistar aliados&#8217;<\/em><\/h3>\n<p>&nbsp;<\/p>\n<p>O PDT n\u00e3o considera a possibilidade de abrir m\u00e3o da candidatura de Ciro Gomes \u00e0 Presid\u00eancia da Rep\u00fablica em 2022. A declara\u00e7\u00e3o foi feita a CartaCapital pelo presidente nacional da sigla, Carlos Lupi, nesta quinta-feira 1.<\/p>\n<p>\u201cA candidatura do Ciro \u00e9 decis\u00e3o tomada, queremos conquistar aliados para nosso projeto nacional de desenvolvimento que \u00e9 personalizado pelo Ciro\u201d, disse Lupi.<\/p>\n<p>Na v\u00e9spera, Ciro assinou um manifesto com outros cinco presidenci\u00e1veis em que recha\u00e7ou o \u201cautoritarismo\u201d e defendeu a \u201cliberdade\u201d. O texto foi divulgado na data que marcou o 57\u00ba anivers\u00e1rio do golpe militar de 1964.<\/p>\n<p>Al\u00e9m de Ciro, assinaram o texto\u00a0Jo\u00e3o Doria\u00a0(PSDB),\u00a0Eduardo Leite\u00a0(PSDB),\u00a0Luiz Henrique Mandetta\u00a0(DEM),\u00a0Jo\u00e3o Amo\u00eado\u00a0(Novo) e\u00a0Luciano Huck.<\/p>\n<p>Na esteira do manifesto, o jornal Valor Econ\u00f4mico informou nesta quinta que o PDT admite a possibilidade de n\u00e3o lan\u00e7ar Ciro ao Planalto, caso isso seja necess\u00e1rio para construir uma candidatura de consenso contra o presidente Jair Bolsonaro.<\/p>\n<!-- AddThis Advanced Settings generic via filter on the_content --><!-- AddThis Share Buttons generic via filter on the_content -->","protected":false},"excerpt":{"rendered":"<p>A CartaCapital, Carlos Lupi nega que o partido possa abrir m\u00e3o da candidatura; o desafio, pondera, \u00e9 &#8216;conquistar aliados&#8217; &nbsp; O PDT n\u00e3o considera a possibilidade de abrir m\u00e3o da candidatura de Ciro Gomes \u00e0 Presid\u00eancia da Rep\u00fablica em 2022. A declara\u00e7\u00e3o foi feita a CartaCapital pelo presidente nacional da sigla, Carlos Lupi, nesta quinta-feira&#8230;<!-- AddThis Advanced Settings generic via filter on wp_trim_excerpt --><!-- AddThis Share Buttons generic via filter on wp_trim_excerpt --><\/p>\n","protected":false},"author":17,"featured_media":77182,"comment_status":"closed","ping_status":"closed","sticky":false,"template":"","format":"standard","meta":{"_monsterinsights_skip_tracking":false,"_monsterinsights_sitenote_active":false,"_monsterinsights_sitenote_note":"","_monsterinsights_sitenote_category":0,"_uf_show_specific_survey":0,"_uf_disable_surveys":false,"footnotes":""},"categories":[1401,976],"tags":[196,4423,3181,3048,38],"class_list":["post-77181","post","type-post","status-publish","format-standard","has-post-thumbnail","hentry","category-nacional","category-noticias-em-destaque","tag-carlos-lupi","tag-carta-capital","tag-ciro-2022","tag-ciro-gome","tag-pdt"],"acf":[],"_links":{"self":[{"href":"https:\/\/pdt-rj.org.br\/index.php\/wp-json\/wp\/v2\/posts\/77181","targetHints":{"allow":["GET"]}}],"collection":[{"href":"https:\/\/pdt-rj.org.br\/index.php\/wp-json\/wp\/v2\/posts"}],"about":[{"href":"https:\/\/pdt-rj.org.br\/index.php\/wp-json\/wp\/v2\/types\/post"}],"author":[{"embeddable":true,"href":"https:\/\/pdt-rj.org.br\/index.php\/wp-json\/wp\/v2\/users\/17"}],"replies":[{"embeddable":true,"href":"https:\/\/pdt-rj.org.br\/index.php\/wp-json\/wp\/v2\/comments?post=77181"}],"version-history":[{"count":4,"href":"https:\/\/pdt-rj.org.br\/index.php\/wp-json\/wp\/v2\/posts\/77181\/revisions"}],"predecessor-version":[{"id":77194,"href":"https:\/\/pdt-rj.org.br\/index.php\/wp-json\/wp\/v2\/posts\/77181\/revisions\/77194"}],"wp:featuredmedia":[{"embeddable":true,"href":"https:\/\/pdt-rj.org.br\/index.php\/wp-json\/wp\/v2\/media\/77182"}],"wp:attachment":[{"href":"https:\/\/pdt-rj.org.br\/index.php\/wp-json\/wp\/v2\/media?parent=77181"}],"wp:term":[{"taxonomy":"category","embeddable":true,"href":"https:\/\/pdt-rj.org.br\/index.php\/wp-json\/wp\/v2\/categories?post=77181"},{"taxonomy":"post_tag","embeddable":true,"href":"https:\/\/pdt-rj.org.br\/index.php\/wp-json\/wp\/v2\/tags?post=77181"}],"curies":[{"name":"wp","href":"https:\/\/api.w.org\/{rel}","templated":true}]}}