{"id":77171,"date":"2021-04-01T19:09:49","date_gmt":"2021-04-01T22:09:49","guid":{"rendered":"http:\/\/pdt-rj.org.br\/?p=77171"},"modified":"2021-04-01T19:15:30","modified_gmt":"2021-04-01T22:15:30","slug":"nota-de-pesar-6","status":"publish","type":"post","link":"https:\/\/pdt-rj.org.br\/index.php\/nota-de-pesar-6\/","title":{"rendered":"Nota de pesar"},"content":{"rendered":"<p>\u00c9 com grande pesar que comunicamos o falecimento da senhora Dirce de Quevedo dos Santos (94), m\u00e3e do presidente do diret\u00f3rio de S\u00e3o Paulo, Antonio Neto. Dona Dirce \u00e9 mais uma v\u00edtima da pandemia do Covid-19.<\/p>\n<p>O falecimento ocorreu no in\u00edcio da tarde desta quinta-feira, em Sorocaba, interior de S\u00e3o Paulo, onde encontrava-se hospitalizada em decorr\u00eancia de complica\u00e7\u00f5es da Covid.<\/p>\n<p>Com 94 anos, Dona Dirce teve seis filhos. Sofreu e enfrentou junto com seu marido, Guarino Fernandes dos Santos, e seus filhos, as viol\u00eancias da ditadura militar, tornando-se refer\u00eancia de for\u00e7a e dedica\u00e7\u00e3o para todos, em especial para seus filhos, filhas, genros, noras, netos e bisnetos. Sua falta ser\u00e1 sentida por todos n\u00f3s.<\/p>\n<p>A toda fam\u00edlia transmitimos nossos sentimentos de pesar e conforto nesse momento.<\/p>\n<!-- AddThis Advanced Settings generic via filter on the_content --><!-- AddThis Share Buttons generic via filter on the_content -->","protected":false},"excerpt":{"rendered":"<p>\u00c9 com grande pesar que comunicamos o falecimento da senhora Dirce de Quevedo dos Santos (94), m\u00e3e do presidente do diret\u00f3rio de S\u00e3o Paulo, Antonio Neto. Dona Dirce \u00e9 mais uma v\u00edtima da pandemia do Covid-19. O falecimento ocorreu no in\u00edcio da tarde desta quinta-feira, em Sorocaba, interior de S\u00e3o Paulo, onde encontrava-se hospitalizada em&#8230;<!-- AddThis Advanced Settings generic via filter on wp_trim_excerpt --><!-- AddThis Share Buttons generic via filter on wp_trim_excerpt --><\/p>\n","protected":false},"author":17,"featured_media":77176,"comment_status":"closed","ping_status":"closed","sticky":false,"template":"","format":"standard","meta":{"_monsterinsights_skip_tracking":false,"_monsterinsights_sitenote_active":false,"_monsterinsights_sitenote_note":"","_monsterinsights_sitenote_category":0,"_uf_show_specific_survey":0,"_uf_disable_surveys":false,"footnotes":""},"categories":[1390,1401],"tags":[],"class_list":["post-77171","post","type-post","status-publish","format-standard","has-post-thumbnail","hentry","category-editorias","category-nacional"],"acf":[],"_links":{"self":[{"href":"https:\/\/pdt-rj.org.br\/index.php\/wp-json\/wp\/v2\/posts\/77171","targetHints":{"allow":["GET"]}}],"collection":[{"href":"https:\/\/pdt-rj.org.br\/index.php\/wp-json\/wp\/v2\/posts"}],"about":[{"href":"https:\/\/pdt-rj.org.br\/index.php\/wp-json\/wp\/v2\/types\/post"}],"author":[{"embeddable":true,"href":"https:\/\/pdt-rj.org.br\/index.php\/wp-json\/wp\/v2\/users\/17"}],"replies":[{"embeddable":true,"href":"https:\/\/pdt-rj.org.br\/index.php\/wp-json\/wp\/v2\/comments?post=77171"}],"version-history":[{"count":5,"href":"https:\/\/pdt-rj.org.br\/index.php\/wp-json\/wp\/v2\/posts\/77171\/revisions"}],"predecessor-version":[{"id":77177,"href":"https:\/\/pdt-rj.org.br\/index.php\/wp-json\/wp\/v2\/posts\/77171\/revisions\/77177"}],"wp:featuredmedia":[{"embeddable":true,"href":"https:\/\/pdt-rj.org.br\/index.php\/wp-json\/wp\/v2\/media\/77176"}],"wp:attachment":[{"href":"https:\/\/pdt-rj.org.br\/index.php\/wp-json\/wp\/v2\/media?parent=77171"}],"wp:term":[{"taxonomy":"category","embeddable":true,"href":"https:\/\/pdt-rj.org.br\/index.php\/wp-json\/wp\/v2\/categories?post=77171"},{"taxonomy":"post_tag","embeddable":true,"href":"https:\/\/pdt-rj.org.br\/index.php\/wp-json\/wp\/v2\/tags?post=77171"}],"curies":[{"name":"wp","href":"https:\/\/api.w.org\/{rel}","templated":true}]}}