{"id":77167,"date":"2021-04-01T14:02:20","date_gmt":"2021-04-01T17:02:20","guid":{"rendered":"http:\/\/pdt-rj.org.br\/?p=77167"},"modified":"2021-04-08T13:23:44","modified_gmt":"2021-04-08T16:23:44","slug":"e-possivel-mudar-o-brasil-diz-bruno-goncalves-da-juventude-socialista-de-portugal","status":"publish","type":"post","link":"https:\/\/pdt-rj.org.br\/index.php\/e-possivel-mudar-o-brasil-diz-bruno-goncalves-da-juventude-socialista-de-portugal\/","title":{"rendered":"&#8220;\u00c9 poss\u00edvel mudar o Brasil\u201d, diz Bruno Gon\u00e7alves, da Juventude Socialista de Portugal"},"content":{"rendered":"<p class=\"yiv7879286335p1\"><em><strong><span class=\"yiv7879286335s1\">Em entrevista, a lideran\u00e7a do Partido Socialista destacou a integra\u00e7\u00e3o com o PDT e o Trabalhismo\u00a0<\/span><\/strong><\/em><\/p>\n<p class=\"yiv7879286335p1\"><span class=\"yiv7879286335s1\">Um di\u00e1logo aberto sobre a import\u00e2ncia da milit\u00e2ncia dos jovens para transformar o Brasil e o mundo a partir da contribui\u00e7\u00e3o do trabalhismo.\u00a0<\/span>Com esse foco, a Juventude Socialista (JS), vinculada ao PDT, entrevistou Bruno Gon\u00e7alves, dirigente da Juventude Socialista do Partido Socialista, de Portugal.<\/p>\n<p>&nbsp;<\/p>\n<p class=\"yiv7879286335p1\"><span class=\"yiv7879286335s1\"><b>Bruno Gon\u00e7alves, boas-vindas ao Brasil atrav\u00e9s das redes do PDT e da Juventude Socialista. Conte um pouco sobre a sua trajet\u00f3ria.<\/b><\/span><\/p>\n<p class=\"yiv7879286335p1\"><span class=\"yiv7879286335s1\"><strong>BG &#8211;<\/strong> Antes de mais, muito obrigado pelo vosso convite e pelo vosso trabalho em prol do socialismo e do movimento trabalhista no Brasil. \u00c9 uma alegria estar hoje convosco.<\/span><\/p>\n<p class=\"yiv7879286335p1\"><span class=\"yiv7879286335s1\">Quanto a mim, procurando sintetizar um pouco do meu percurso pol\u00edtico, devo dizer que sou militante da Juventude Socialista desde os 17 anos, tendo-me filiado na minha cidade natal: Braga. Fi-lo por entender que h\u00e1, na Juventude Socialista, uma plataforma capaz de dar voz \u00e0s solu\u00e7\u00f5es para os problemas sist\u00eamicos da juventude e de aproximar os representados dos representantes.\u00a0<\/span><\/p>\n<p class=\"yiv7879286335p1\"><span class=\"yiv7879286335s1\">Sou, al\u00e9m do mais, mestre em Engenharia Mec\u00e2nica, um apaixonado pelas tecnologias de produ\u00e7\u00e3o de energias limpas e um permanente otimista abalado pela realidade. N\u00e3o creio que exista, no tempo e no espa\u00e7o, nada t\u00e3o poderoso quanto uma ideia e nada t\u00e3o encorajador, para todas as gera\u00e7\u00f5es, como a capacidade que todos temos em aprender com os nossos insucessos.<\/span><span class=\"yiv7879286335s1\">\u00a0<\/span><\/p>\n<p class=\"yiv7879286335p1\"><span class=\"yiv7879286335s1\"><b>Por que o Partido Socialista?<\/b><\/span><\/p>\n<p class=\"yiv7879286335p1\"><span class=\"yiv7879286335s1\"><strong>BG &#8211;<\/strong> O Partido Socialista nasce para mim como o espa\u00e7o onde encontro a vis\u00e3o de sociedade, justa e plural com que me identifico. Um espa\u00e7o de pequenas e grandes conquistas permanentes que elevam a dignidade da vida e a liberdade de cada um.\u00a0<\/span><\/p>\n<p class=\"yiv7879286335p1\"><span class=\"yiv7879286335s1\">Cativou-me, desde logo, n\u00e3o s\u00f3 pelo papel que desempenhou, em Portugal, na luta pela liberdade e na constru\u00e7\u00e3o e manuten\u00e7\u00e3o de uma Rep\u00fablica verdadeiramente democr\u00e1tica, mas pelo projeto do partido: solid\u00e1rio, onde os problemas de uns s\u00e3o os problemas de todos; integrador, onde as solu\u00e7\u00f5es para determinados problemas se incluem na miss\u00e3o de sociedade e n\u00e3o na resposta a certos nichos desfasados do interesse comum ou maiorit\u00e1rio e de esperan\u00e7a, onde todas e todos partem em p\u00e9 de igualdade, com os seus sonhos e expetativas, na busca da sua felicidade.\u00a0<\/span><\/p>\n<p class=\"yiv7879286335p1\"><span class=\"yiv7879286335s1\">Ademais, o Partido Socialista \u00e9, foi e ser\u00e1, em Portugal, o \u00fanico projeto de social democracia que combate, simultaneamente, o modelo de sociedade individualista e a unicidade de pensamento, representa\u00e7\u00e3o e express\u00e3o. Diria, acima de tudo, que o partido tem sido, para os portugueses, um farol de liberdade &#8211; e esse \u00e9 um legado que devemos defender todos os dias com o refor\u00e7o das institui\u00e7\u00f5es democr\u00e1ticas.<\/span><\/p>\n<p class=\"yiv7879286335p1\"><span class=\"yiv7879286335s1\">\u00a0<\/span><\/p>\n<p class=\"yiv7879286335p1\"><b>Na sua vis\u00e3o de mundo, qual o papel e a import\u00e2ncia da integra\u00e7\u00e3o e da solidariedade internacional entre partidos e organiza\u00e7\u00f5es pol\u00edticas.<\/b><\/p>\n<p class=\"yiv7879286335p1\"><span class=\"yiv7879286335s1\"><strong>BG \u2013<\/strong>\u00a0A exist\u00eancia de um modelo global de coopera\u00e7\u00e3o, integra\u00e7\u00e3o e comunica\u00e7\u00e3o entre pa\u00edses, partidos e organiza\u00e7\u00f5es \u00e9 essencial \u00e0 manuten\u00e7\u00e3o da paz. \u00c9 atrav\u00e9s da partilha de experi\u00eancias e culturas distintas que podemos, enquanto seres pol\u00edticos, entender novas realidades e antecipar din\u00e2micas futuras. A historia ensina-nos que sempre que as fronteiras \u2013 f\u00edsicas ou n\u00e3o &#8211; se fecham, agudizam-se as diverg\u00eancias e estimulam-se os confrontos. E a sua causa recai, radicalmente, na falta de di\u00e1logo e comunica\u00e7\u00e3o.<br \/>\n<\/span><\/p>\n<p class=\"yiv7879286335p1\"><span class=\"yiv7879286335s1\">Se olharmos para os nossos movimentos pol\u00edticos e para os desafios atuais, ent\u00e3o, \u00e9 inevit\u00e1vel perceber o qu\u00e3o fulcrais s\u00e3o estas intera\u00e7\u00f5es intercomunit\u00e1rias. Se por mais n\u00e3o fosse, a pandemia que enfrentamos mostrou-nos, precisamente, o perigo do isolacionismo, do protecionismo e do individualismo na resposta aos desafios da humanidade e do planeta.\u00a0<\/span><\/p>\n<p class=\"yiv7879286335p1\"><span class=\"yiv7879286335s1\">S\u00f3 conseguiremos enfrentar os desafios das altera\u00e7\u00f5es clim\u00e1ticas, da revolu\u00e7\u00e3o digital, da promo\u00e7\u00e3o da democracia ou da defesa dos direitos humanos atrav\u00e9s da coopera\u00e7\u00e3o. N\u00e3o s\u00f3 pela incapacidade ou falta de recursos das comunidades a n\u00edvel local, mas pela escala dos pr\u00f3prios problemas.<\/span><\/p>\n<p class=\"yiv7879286335p1\"><span class=\"yiv7879286335s1\"><b>Como portugu\u00eas, falando para brasileiros, que papel a l\u00edngua portuguesa deveria ter nas rela\u00e7\u00f5es internacionais?<\/b><\/span><\/p>\n<p class=\"yiv7879286335p1\"><span class=\"yiv7879286335s1\"> <strong>BG \u2013 <\/strong><\/span><span class=\"yiv7879286335s1\">Acho que n\u00f3s, portugueses, temos uma tend\u00eancia autocr\u00edtica muito grande \u2013 o pessimismo foi sempre uma constante no \u2018fado\u2019 do pa\u00eds. Ainda assim, creio que a l\u00edngua, como elemento de coes\u00e3o e de partilha, \u00e9 um dos grandes orgulhos nacionais. Mia Couto disse que o portugu\u00eas \u00e9 \u201cuma l\u00edngua de uma grande plasticidade, que absorve e se deixa absorver\u201d. E eu n\u00e3o poderia estar mais de acordo. \u00c9 uma l\u00edngua bela que expressa emo\u00e7\u00f5es como nenhuma outra e que, at\u00e9 na gratid\u00e3o, como nos explica o professor Sampaio da N\u00f3voa, estabelece a diferen\u00e7a nos diferentes graus de comprometimento.<br \/>\n<\/span><\/p>\n<p class=\"yiv7879286335p1\"><span class=\"yiv7879286335s1\">Hoje, a l\u00edngua portuguesa \u00e9 falada por mais de 200 milh\u00f5es de pessoas e representa, acima de tudo, um patrim\u00f3nio imaterial que \u00e9 a liga\u00e7\u00e3o entre povos irm\u00e3os. A l\u00edngua portuguesa, pelo passado, presente e futuro, est\u00e1 cada vez mais presente a n\u00edvel global pela expans\u00e3o social e econ\u00f3mica de pa\u00edses como o Brasil. Tamb\u00e9m, por isso, \u00e9 importante que a continuemos a \u201cabsorver e deixar absorver\u201d. \u00c9, em portugu\u00eas, que pensamos e nos exprimimos. E \u00e9 tamb\u00e9m nesta l\u00edngua de Cam\u00f5es, de Machado de Assis e de Saramago que estabelecemos la\u00e7os entre comunidades.<br \/>\n<\/span><\/p>\n<p class=\"yiv7879286335p1\"><span class=\"yiv7879286335s1\">Preservar e promover a l\u00edngua portuguesa n\u00e3o \u00e9, assim, apenas salvaguardar a hist\u00f3ria. \u00c9, sobretudo no campo das rela\u00e7\u00f5es internacionais, olhar para o futuro e dinamizar novas sinergias e desenhar novos caminhos. Este \u00e9, consequentemente, o tempo certo para reivindicarmos o portugu\u00eas como l\u00edngua oficial do ONU e, obviamente, da Uni\u00e3o Internacional da Juventude Socialista (IUSY).<\/span><\/p>\n<p class=\"yiv7879286335p1\"><span class=\"yiv7879286335s1\">\u00a0<\/span><\/p>\n<p class=\"yiv7879286335p1\"><span class=\"yiv7879286335s1\"><b>No Brasil, assim como em outros pa\u00edses do mundo, vivemos h\u00e1 algum tempo uma crise de representatividade pol\u00edtica. H\u00e1 alguns anos, isso atingiu a esquerda europeia e o pr\u00f3prio PS em Portugal. Considerando que o PS foi um dos primeiros partidos de esquerda da Europa a se reinventar e retomar a confian\u00e7a do eleitorado, como acha que a esquerda latino-americana pode superar essa onda de descr\u00e9dito e ataques.<\/b><\/span><\/p>\n<p class=\"yiv7879286335p1\"><span class=\"yiv7879286335s1\"><strong>BG \u2013<\/strong>\u00a0Creio que essa crise de representatividade pol\u00edtica est\u00e1, primeiramente, relacionada com o descr\u00e9dito das institui\u00e7\u00f5es, do seu entendimento, da qualidade da informa\u00e7\u00e3o e da educa\u00e7\u00e3o para a cidadania ativa. S\u00f3 teremos democracias participativas e genuinamente est\u00e1veis quando todos os cidad\u00e3os, enquanto seres pol\u00edticos e simb\u00f3licos, forem verdadeiramente livres; tiverem educa\u00e7\u00e3o para a vida p\u00fablica; participarem nos processos como intervenientes ativos na propositura de ideias; <span class=\"yiv7879286335Apple-converted-space\">\u00a0<\/span>respeitarem os fundamentos da democracia e as institui\u00e7\u00f5es da sua pr\u00f3pria representa\u00e7\u00e3o pol\u00edtica e quando, mais do que nunca, tiverem acesso, livre e gratuito, a informa\u00e7\u00e3o de qualidade.<\/span><\/p>\n<p class=\"yiv7879286335p1\"><span class=\"yiv7879286335s1\">No que concerne ao Partido Socialista e a Portugal, em particular, creio que a \u00faltima d\u00e9cada provou a capacidade que o partido tem em reinventar-se e em progredir fielmente aos seus princ\u00edpios e \u00e0 sua miss\u00e3o. O PS \u00e9, antes de tudo, o partido da liberdade e essa \u00e9 uma conquista da qual poderemos, jamais, abdicar.\u00a0<\/span><\/p>\n<p class=\"yiv7879286335p1\"><span class=\"yiv7879286335s1\">E foi nesse mesmo sentido que se apresentou como alternativa, em 2015, ao projeto da coliga\u00e7\u00e3o de direita que, durante os anos de interven\u00e7\u00e3o externa e aux\u00edlio financeiro ao pa\u00eds, fomentou a austeridade e reduziu a esperan\u00e7a dos mais jovens, n\u00e3o s\u00f3 na pol\u00edtica, mas, essencialmente, no pa\u00eds.<\/span><\/p>\n<p class=\"yiv7879286335p1\"><span class=\"yiv7879286335s1\">Ultrapassando obst\u00e1culos hist\u00f3ricos que separavam o PS dos partidos \u00e0 sua esquerda, foi poss\u00edvel construir um projeto s\u00f3lido, de futuro e de esperan\u00e7a, que culminou na recupera\u00e7\u00e3o de rendimentos e na promo\u00e7\u00e3o de pol\u00edticas p\u00fablicas que defendem o papel do Estado e o er\u00e1rio p\u00fablico. E foi, precisamente por isso, que o partido venceu as \u00faltimas elei\u00e7\u00f5es legislativas de 2019, pois afirmou e executou uma vis\u00e3o de pa\u00eds diferente das amarras austerit\u00e1rias.<\/span><\/p>\n<p class=\"yiv7879286335p1\"><span class=\"yiv7879286335s1\">\u00a0<\/span><\/p>\n<p class=\"yiv7879286335p1\"><b>Gostar\u00edamos de ouvir um pouco das suas propostas e pensamentos gerais como candidato a secret\u00e1rio-geral da IUSY.<\/b><\/p>\n<p class=\"yiv7879286335p1\"><span class=\"yiv7879286335s1\"> <strong>BG \u2013<\/strong><\/span><span class=\"yiv7879286335s1\">\u00a0No meu entender, a IUSY precisa encarar os novos desafios trazidos pela pandemia COVID-19 como uma oportunidade de vincar a sua agenda e marcar o passo do progresso global. E deve faz\u00ea-lo, em m\u00faltiplas frentes, honrando o seu legado e a sua enorme milit\u00e2ncia que a faz ser a maior organiza\u00e7\u00e3o de juventudes pol\u00edticas do mundo.<\/span><\/p>\n<p class=\"yiv7879286335p1\"><span class=\"yiv7879286335s1\">Precisamos afirmar um novo futuro na permanente luta pela democracia e pelas liberdades individuais; na defesa de um modelo de economia digital que saiba defender os interesses dos trabalhadores e dos consumidores; no combate \u00e0s desigualdades, sob todas as formas poss\u00edveis, e na elimina\u00e7\u00e3o da pobreza. Precisamos de uma IUSY capaz de afirmar, a uma voz, a imperativa necessidade de organiza\u00e7\u00e3o de um sistema global de sa\u00fade p\u00fablica capaz de prevenir cat\u00e1strofes e alavancar novos desenvolvimentos capazes de conceder dignidade \u00e0 vida de todas as mulheres e homens.\u00a0<\/span><\/p>\n<p class=\"yiv7879286335p1\"><span class=\"yiv7879286335s1\">\u00c9 hora de abordarmos, de uma vez por todas, os problemas da sa\u00fade mental e do bem-estar na vida dos mais jovens que, mais uma vez, viram os seus sonhos hipotecados durante esta pandemia. Urge comprometermo-nos na defesa do planeta, no combate \u00e0s altera\u00e7\u00f5es clim\u00e1ticas, na redu\u00e7\u00e3o da nossa pegada ambiental e na salvaguarda dos ecossistemas. Apenas com uma voz global poderemos enfrentar problemas que s\u00e3o de todos, sem exce\u00e7\u00e3o.<\/span><\/p>\n<p class=\"yiv7879286335p1\"><span class=\"yiv7879286335s1\">E \u00e9 tamb\u00e9m por isso, pela voz que precisamos construir, que se assente no compromisso de cada militante e de cada simpatizante dos movimentos socialistas, trabalhistas e sociais democratas para inovar na comunica\u00e7\u00e3o. No di\u00e1logo entre os membros da nossa Uni\u00e3o Internacional e com todos os jovens que anseiam, de n\u00f3s, as respostas mais eficazes aos seus problemas.<\/span><\/p>\n<p class=\"yiv7879286335p1\"><span class=\"yiv7879286335s1\">\u00c9 com este sentido de miss\u00e3o, e com um programa que apresentarei ao Congresso da IUSY, que me sinto preparado e capaz para liderar aquela que \u00e9 a mais bela e mais nobre das ideias. Sei que, todos juntos, venceremos os dif\u00edceis desafios do presente e preservaremos a esperan\u00e7a de um futuro melhor onde ningu\u00e9m fica para tr\u00e1s.<\/span><\/p>\n<p class=\"yiv7879286335p1\"><span class=\"yiv7879286335s1\">\u00a0<\/span><\/p>\n<p class=\"yiv7879286335p1\"><span class=\"yiv7879286335s1\"><b>Uma mensagem final para os militantes do PDT e da JS, bem como ao povo brasileiro.<\/b><\/span><\/p>\n<p class=\"yiv7879286335p1\"><span class=\"yiv7879286335s1\">\u00a0<\/span><span class=\"yiv7879286335s1\"><strong>BG \u2013 <\/strong>Esperan\u00e7a! Uma mensagem de esperan\u00e7a e de sonho. \u00c9 muito importante, n\u00e3o s\u00f3 para o Brasil e os brasileiros mas para todo o mundo, que os militantes do PDT e da Juventude Socialista acreditem que \u00e9 poss\u00edvel mudar o Brasil e o mundo. N\u00f3s, militantes de todas as partes do globo, precisamos que a vossa for\u00e7a seja contagiante e que seja o farol da viragem de rumo que o Brasil precisa.\u00a0<\/span><\/p>\n<p class=\"yiv7879286335p1\"><span class=\"yiv7879286335s1\">Bem sei que os desafios que encaram s\u00e3o tremendos e requerem, mais do que tudo, uma enorme resili\u00eancia e um gigante esp\u00edrito de combatividade. \u00c9 precisamente por essa paix\u00e3o, alegria e esperan\u00e7a contagiante, bem carater\u00edstica do povo brasileiro, que estou certo que o PDT vencer\u00e1 os desafios do futuro, come\u00e7ando pelas pr\u00f3ximas elei\u00e7\u00f5es que acabar\u00e3o com as pol\u00edticas populistas e neoliberais que tanto t\u00eam prejudicado o pa\u00eds e o planeta. Contem comigo para essa luta por um Brasil mais justo, igual e pr\u00f3spero.<\/span><\/p>\n<!-- AddThis Advanced Settings generic via filter on the_content --><!-- AddThis Share Buttons generic via filter on the_content -->","protected":false},"excerpt":{"rendered":"<p>Em entrevista, a lideran\u00e7a do Partido Socialista destacou a integra\u00e7\u00e3o com o PDT e o Trabalhismo\u00a0 Um di\u00e1logo aberto sobre a import\u00e2ncia da milit\u00e2ncia dos jovens para transformar o Brasil e o mundo a partir da contribui\u00e7\u00e3o do trabalhismo.\u00a0Com esse foco, a Juventude Socialista (JS), vinculada ao PDT, entrevistou Bruno Gon\u00e7alves, dirigente da Juventude Socialista&#8230;<!-- AddThis Advanced Settings generic via filter on wp_trim_excerpt --><!-- AddThis Share Buttons generic via filter on wp_trim_excerpt --><\/p>\n","protected":false},"author":17,"featured_media":77168,"comment_status":"closed","ping_status":"closed","sticky":false,"template":"","format":"standard","meta":{"_monsterinsights_skip_tracking":false,"_monsterinsights_sitenote_active":false,"_monsterinsights_sitenote_note":"","_monsterinsights_sitenote_category":0,"_uf_show_specific_survey":0,"_uf_disable_surveys":false,"footnotes":""},"categories":[1390,3030,1586,1397,976],"tags":[],"class_list":["post-77167","post","type-post","status-publish","format-standard","has-post-thumbnail","hentry","category-editorias","category-internacional","category-juventude-socialista","category-movimentos","category-noticias-em-destaque"],"acf":[],"_links":{"self":[{"href":"https:\/\/pdt-rj.org.br\/index.php\/wp-json\/wp\/v2\/posts\/77167","targetHints":{"allow":["GET"]}}],"collection":[{"href":"https:\/\/pdt-rj.org.br\/index.php\/wp-json\/wp\/v2\/posts"}],"about":[{"href":"https:\/\/pdt-rj.org.br\/index.php\/wp-json\/wp\/v2\/types\/post"}],"author":[{"embeddable":true,"href":"https:\/\/pdt-rj.org.br\/index.php\/wp-json\/wp\/v2\/users\/17"}],"replies":[{"embeddable":true,"href":"https:\/\/pdt-rj.org.br\/index.php\/wp-json\/wp\/v2\/comments?post=77167"}],"version-history":[{"count":2,"href":"https:\/\/pdt-rj.org.br\/index.php\/wp-json\/wp\/v2\/posts\/77167\/revisions"}],"predecessor-version":[{"id":77170,"href":"https:\/\/pdt-rj.org.br\/index.php\/wp-json\/wp\/v2\/posts\/77167\/revisions\/77170"}],"wp:featuredmedia":[{"embeddable":true,"href":"https:\/\/pdt-rj.org.br\/index.php\/wp-json\/wp\/v2\/media\/77168"}],"wp:attachment":[{"href":"https:\/\/pdt-rj.org.br\/index.php\/wp-json\/wp\/v2\/media?parent=77167"}],"wp:term":[{"taxonomy":"category","embeddable":true,"href":"https:\/\/pdt-rj.org.br\/index.php\/wp-json\/wp\/v2\/categories?post=77167"},{"taxonomy":"post_tag","embeddable":true,"href":"https:\/\/pdt-rj.org.br\/index.php\/wp-json\/wp\/v2\/tags?post=77167"}],"curies":[{"name":"wp","href":"https:\/\/api.w.org\/{rel}","templated":true}]}}