{"id":77145,"date":"2021-03-31T18:17:42","date_gmt":"2021-03-31T21:17:42","guid":{"rendered":"http:\/\/pdt-rj.org.br\/?p=77145"},"modified":"2021-03-31T18:19:59","modified_gmt":"2021-03-31T21:19:59","slug":"data-do-golpe-que-instaurou-a-ditadura-civil-militar-deve-ser-repudiada-e-renegada-diz-goura-neste-31-de-marco","status":"publish","type":"post","link":"https:\/\/pdt-rj.org.br\/index.php\/data-do-golpe-que-instaurou-a-ditadura-civil-militar-deve-ser-repudiada-e-renegada-diz-goura-neste-31-de-marco\/","title":{"rendered":"Data do golpe que instaurou a ditadura civil-militar deve ser repudiada e renegada, diz Goura, neste 31 de mar\u00e7o"},"content":{"rendered":"<p><em><strong>O deputado lembrou que os crimes da ditadura no Paran\u00e1 foram investigados pela Comiss\u00e3o Estadual da Verdade &#8211; Teresa Urban<\/strong><\/em><\/p>\n<p>O deputado estadual Goura (PDT) criticou, neste 31 de mar\u00e7o, os 57 anos da instaura\u00e7\u00e3o, por meio de um golpe de estado, a ditadura civil-militar, que durou at\u00e9 1985. \u201cA data de hoje \u2013 o 31 de mar\u00e7o \u2013 n\u00e3o pode ser uma celebra\u00e7\u00e3o. \u00c9 uma data que deve ser renegada ao que ela verdadeiramente representa. O advento de um dos per\u00edodos hist\u00f3ricos mais sombrios e violentos vividos pela sociedade brasileira. \u00c9 uma data para ser repudiada, mas n\u00e3o exaltada, como querem alguns,\u201d destacou.<\/p>\n<p>Para o deputado a mem\u00f3ria dos horrores da ditadura civil-militar n\u00e3o pode ser apagada e \u00e9 muito importante que a sociedade saiba o que realmente aconteceu nesses 21 anos. \u201c\u00c9 preciso resgatar a verdade para que os erros n\u00e3o se repitam. Para que a nossa democracia seja valorizada e preservada. A ditadura prendeu, torturou e matou. Foram crimes de Estado que violaram os Diretos Humanos no Brasil\u201d, lembrou Goura.<\/p>\n<p>Ele apresentou dados da Comiss\u00e3o Nacional da Verdade (CNV), que foi criada em 2011 para investigar o per\u00edodo de 1964 a 1985. \u201cA comiss\u00e3o investigou e estabeleceu o n\u00famero de 434 v\u00edtimas do regime ditatorial brasileiro, sendo que 191 destes foram dados como mortos e 210 como desaparecidos. Estima-se ainda que 1.196 camponeses e 8.300 \u00edndios teriam sido v\u00edtimas da cruel e assassina ditadura brasileira\u201d, informou. \u201cO relat\u00f3rio final ainda aponta que \u00e9 urgente a continua\u00e7\u00e3o da investiga\u00e7\u00e3o dos crimes da ditadura.\u201d<\/p>\n<p><strong>A ditadura no Paran\u00e1<\/strong><br \/>\nGoura explicou que no Paran\u00e1 a investiga\u00e7\u00e3o foi feita pela Comiss\u00e3o Estadual da Verdade do Paran\u00e1 \u2013 Teresa Urban, criada em 2012 e institu\u00edda pela Lei Estadual n\u00ba 17.362, que foi sancionada pelo ent\u00e3o governador Beto Richa. Segundo ele, o relat\u00f3rio da comiss\u00e3o estadual revelou graves viola\u00e7\u00f5es de direitos humanos contra ind\u00edgenas, quilombolas, mulheres, camponeses, intelectuais, militantes e de agentes p\u00fablicos.<\/p>\n<p>S\u00e3o mais de 800 p\u00e1ginas, que compilam o material produzido a partir de 150 depoimentos e 73 audi\u00eancias p\u00fablicas realizadas em v\u00e1rias regi\u00f5es do Paran\u00e1. Segundo a comiss\u00e3o, \u00e9 importante desconstruir a ideia de que a ditadura transcorreu \u2018tranquilamente\u2019 no Paran\u00e1. \u201cApesar de n\u00e3o ter sido consolidado um n\u00famero final de mortos e desaparecidos no Paran\u00e1, os coordenadores da comiss\u00e3o afirmam que foram centenas as v\u00edtimas\u201d.<\/p>\n<p>\u201cForam mais de quatro mil pris\u00f5es e cerca de mil pessoas torturadas em nosso estado. Houve repress\u00e3o, persegui\u00e7\u00e3o e um genoc\u00eddio no Paran\u00e1, o dos \u00edndios Xet\u00e1s\u201d, denunciou Goura. O deputado lembrou que, durante a ditadura civil-militar, cerca de 44 mil paranaenses foram investigados de perto por agentes da repress\u00e3o do Departamento de Ordem Pol\u00edtica e Social (Dops) segundo levantamento da Comiss\u00e3o da Verdade.<\/p>\n<p><strong>Momento pol\u00edtico grave<\/strong><br \/>\nO deputado chamou a aten\u00e7\u00e3o para a gravidade do momento pol\u00edtico atual vivido no Brasil e no Paran\u00e1. \u201cTemos que desconstruir a ideia positiva que se tem da ditadura. Temos que dizer n\u00e3o \u00e0 apologia da ditadura civil-militar e ao golpe de estado de 1964. Por isso, n\u00e3o \u00e9 coincid\u00eancia que, neste momento de saudosismo da ditadura civil-militar, se promovam atos e discursos pautados na viol\u00eancia e no militarismo\u201d.<\/p>\n<p>Goura lembrou que o pr\u00f3prio novo ministro da Defesa, o general da reserva Walter Braga Netto, confessou o conluio que levou \u00e0 ditadura no Brasil, na Ordem do Dia Alusiva ao 31 de Mar\u00e7o de 1964, publicada nesta ter\u00e7a (30), no site do Minist\u00e9rio da Defesa. \u201cO ministro confessa que foi \u2018com amplo apoio da imprensa, de lideran\u00e7as pol\u00edticas, das igrejas, do segmento empresarial, de diversos setores da sociedade organizada e das For\u00e7as Armadas, resultando no chamado movimento de 31 de mar\u00e7o de 1964\u201d.<\/p>\n<p><strong>A ditadura n\u00e3o vai se repetir<\/strong><br \/>\n\u201cN\u00f3s n\u00e3o vamos permitir, a qualquer pretexto, que se atente contra a democracia no Brasil. E sabemos que as For\u00e7as Armadas n\u00e3o compactuam com as amea\u00e7as golpistas e os ataques \u00e0 democracia promovidas pelo presidente Bolsonaro\u201d, disse Goura. Ele destacou que o recado foi dado nesta ter\u00e7a-feira, dia 30, quando os comandantes das For\u00e7as Armadas pediram demiss\u00e3o em protesto contra Bolsonaro.<\/p>\n<p>\u201cFoi uma atitude in\u00e9dita vista ela primeira vez na hist\u00f3ria brasileira. Os tr\u00eas comandantes das For\u00e7as Armadas pediram ren\u00fancia conjunta por discordar do presidente da Rep\u00fablica. E todos reafirmaram que os militares n\u00e3o participar\u00e3o de nenhuma aventura golpista. Ficamos tranquilos com os militares respeitando a Constitui\u00e7\u00e3o e agindo conforme a lei, na defesa da democracia e da legalidade\u201d, destacou Goura.<\/p>\n<!-- AddThis Advanced Settings generic via filter on the_content --><!-- AddThis Share Buttons generic via filter on the_content -->","protected":false},"excerpt":{"rendered":"<p>O deputado lembrou que os crimes da ditadura no Paran\u00e1 foram investigados pela Comiss\u00e3o Estadual da Verdade &#8211; Teresa Urban O deputado estadual Goura (PDT) criticou, neste 31 de mar\u00e7o, os 57 anos da instaura\u00e7\u00e3o, por meio de um golpe de estado, a ditadura civil-militar, que durou at\u00e9 1985. \u201cA data de hoje \u2013 o&#8230;<!-- AddThis Advanced Settings generic via filter on wp_trim_excerpt --><!-- AddThis Share Buttons generic via filter on wp_trim_excerpt --><\/p>\n","protected":false},"author":17,"featured_media":77147,"comment_status":"closed","ping_status":"closed","sticky":false,"template":"","format":"standard","meta":{"_monsterinsights_skip_tracking":false,"_monsterinsights_sitenote_active":false,"_monsterinsights_sitenote_note":"","_monsterinsights_sitenote_category":0,"_uf_show_specific_survey":0,"_uf_disable_surveys":false,"footnotes":""},"categories":[1390],"tags":[],"class_list":["post-77145","post","type-post","status-publish","format-standard","has-post-thumbnail","hentry","category-editorias"],"acf":[],"_links":{"self":[{"href":"https:\/\/pdt-rj.org.br\/index.php\/wp-json\/wp\/v2\/posts\/77145","targetHints":{"allow":["GET"]}}],"collection":[{"href":"https:\/\/pdt-rj.org.br\/index.php\/wp-json\/wp\/v2\/posts"}],"about":[{"href":"https:\/\/pdt-rj.org.br\/index.php\/wp-json\/wp\/v2\/types\/post"}],"author":[{"embeddable":true,"href":"https:\/\/pdt-rj.org.br\/index.php\/wp-json\/wp\/v2\/users\/17"}],"replies":[{"embeddable":true,"href":"https:\/\/pdt-rj.org.br\/index.php\/wp-json\/wp\/v2\/comments?post=77145"}],"version-history":[{"count":2,"href":"https:\/\/pdt-rj.org.br\/index.php\/wp-json\/wp\/v2\/posts\/77145\/revisions"}],"predecessor-version":[{"id":77149,"href":"https:\/\/pdt-rj.org.br\/index.php\/wp-json\/wp\/v2\/posts\/77145\/revisions\/77149"}],"wp:featuredmedia":[{"embeddable":true,"href":"https:\/\/pdt-rj.org.br\/index.php\/wp-json\/wp\/v2\/media\/77147"}],"wp:attachment":[{"href":"https:\/\/pdt-rj.org.br\/index.php\/wp-json\/wp\/v2\/media?parent=77145"}],"wp:term":[{"taxonomy":"category","embeddable":true,"href":"https:\/\/pdt-rj.org.br\/index.php\/wp-json\/wp\/v2\/categories?post=77145"},{"taxonomy":"post_tag","embeddable":true,"href":"https:\/\/pdt-rj.org.br\/index.php\/wp-json\/wp\/v2\/tags?post=77145"}],"curies":[{"name":"wp","href":"https:\/\/api.w.org\/{rel}","templated":true}]}}