{"id":77131,"date":"2021-03-31T17:16:54","date_gmt":"2021-03-31T20:16:54","guid":{"rendered":"http:\/\/pdt-rj.org.br\/?p=77131"},"modified":"2021-03-31T18:32:51","modified_gmt":"2021-03-31T21:32:51","slug":"a-mentira-do-general","status":"publish","type":"post","link":"https:\/\/pdt-rj.org.br\/index.php\/a-mentira-do-general\/","title":{"rendered":"A mentira do General"},"content":{"rendered":"<p>O novo Ministro da Defesa acabou de ser empossado, e j\u00e1 mostra no primeiro dia de trabalho a linha golpista dos velhos saudosistas da Ditadura Militar.\u00a0Nada surpreendente, vindo de algu\u00e9m pr\u00f3ximo do Presidente da Rep\u00fablica que vai no rumo certo da lata do lixo da hist\u00f3ria brasileira.\u00a0Ambos s\u00e3o da estirpe dos apoiadores da tortura, dos que fazem homenagem ao Brilhante Ustra. Criminosos! Bandidos!<\/p>\n<p>Trata-se de sua primeira nota Oficial no novo cargo. E deveria ser a \u00faltima!\u00a0O vergonhoso infame, alega que em 64 \u201chavia amea\u00e7a \u00e0 paz e \u00e0 democracia\u201d.<\/p>\n<p>Ele fala na carta que \u201creorganizaram o pa\u00eds para garantir as liberdades democr\u00e1ticas que hoje tanto desfrutamos\u201d. Ser\u00e1 que ele ao menos se lembra do AI-5 de 1968 para escrever uma asneira t\u00e3o absurda!?<\/p>\n<p>Preciso respond\u00ea-lo com as palavras de meu av\u00f4 Jo\u00e3o Goulart, no discurso da Central do Brasil em 13 de mar\u00e7o de 64: \u201cN\u00e3o h\u00e1 amea\u00e7a mais s\u00e9ria \u00e0 democracia do que desconhecer os direitos do povo\u201d.<\/p>\n<p>General, Dobre a sua l\u00edngua para falar do projeto de Governo de Jo\u00e3o Goulart. Quem te fala \u00e9 a pr\u00f3pria hist\u00f3ria, expressada agora atrav\u00e9s de outra gera\u00e7\u00e3o, com o mesmo sangue de Jango correndo nas veias.<\/p>\n<p>Respeite o Comandante Supremo das For\u00e7as Armadas de 64, em homenagem \u00e0 mem\u00f3ria do ex-presidente Jo\u00e3o Goulart.<\/p>\n<p>\u201cAmea\u00e7ar a Democracia\u201d era exatamente o que os Generais Golpistas de 64 fizeram, beneficiando aos detentores de grandes fortunas, beneficiando financeiramente \u00e0s elites retr\u00f3gradas.<\/p>\n<p>O problema \u00e9 que foram muito al\u00e9m das amea\u00e7as&#8230;\u00a0Com amplo apoio da grande maioria da imprensa brasileira, conseguiram estagnar o crescimento democr\u00e1tico e social do Brasil.<\/p>\n<p>Esses ratos queriam calar a voz e povo, e lamentavelmente conseguiram.<\/p>\n<p>Jogaram o Brasil a uma intermin\u00e1vel e sofrida noite de trevas, de 21 anos de dura\u00e7\u00e3o.<\/p>\n<p>General Braga Netto, honre sua farda e tenha dignidade com a nossa hist\u00f3ria.<\/p>\n<p>Lugar de Gorila \u00e9 na selva!<\/p>\n<p>Hoje em dia, n\u00e3o resta nenhuma d\u00favida que um Golpe Militar condenou meu av\u00f4 a morrer no ex\u00edlio, provavelmente assassinado pela Opera\u00e7\u00e3o Condor.\u00a0Falar em \u201cmovimento\u201d, s\u00f3 se for para referir-se ao movimento da dan\u00e7a das cadeiras de um Governo Bolsonaro pateticamente perdido.<\/p>\n<p>Esse movimento \u00e9 o que representa mais de 315 mil mortos pela Covid-19.\u00a0Esse \u00e9 um movimento Genocida.<\/p>\n<p>General Braga Netto, Inspire-se num Legalista como o Marechal Henrique Teixeira Lott. Este sim um Orgulho para as For\u00e7as Armadas!<\/p>\n<p>Inspire-se em tantos soldados, cabos e sargentos que lutavam pelas reformas de base. Inspire-se em tantos marinheiros e pilotos da aeron\u00e1utica.<\/p>\n<p>Inspire-se na legalidade!\u00a0Inspire-se nos democratas verdadeiros deste pa\u00eds valoroso.<\/p>\n<p>Sim! O Golpe foi contra o trabalhismo de Get\u00falio Vargas, foi contra as reformas de base de Jango, que colocariam nosso Brasil num patamar elevado de desenvolvimento soberano, no caminho da pol\u00edtica externa independente. No caminho da justi\u00e7a social e justa distribui\u00e7\u00e3o de renda.<\/p>\n<p>Ser\u00edamos uma grande pot\u00eancia econ\u00f4mica mundial, condizente com o valor de nossa P\u00e1tria amada. O golpe de 64 acabou com o sonho de uma P\u00e1tria livre.<\/p>\n<p>Portanto, General, seja verdadeiro com o povo brasileiro. N\u00e3o minta.\u00a0Seu primeiro ato oficial foi uma mentira.\u00a0Ali\u00e1s, o pr\u00f3prio Golpe Militar de 64, n\u00e3o foi no dia 31 de mar\u00e7o. Foi no dia 1 de abril. Foi no pr\u00f3prio dia da mentira.<\/p>\n<p>Ao menos a sua declara\u00e7\u00e3o est\u00e1 coerente com a data da da mentira, da cal\u00fania, da chacota!<\/p>\n<p>Hoje, o Brasil precisa encontrar de fato a verdadeira democracia, das liberdades individuais, do respeito \u00e0 Constitui\u00e7\u00e3o e do exerc\u00edcio pleno dos direitos Constitucionais do povo.<\/p>\n<p>Precisa condenar \u00e0 cadeia quem faz apologia de torturadores e de Ditaduras Militares!<\/p>\n<p>Por isso, choramos a trag\u00e9dia macabra dos que celebram agora um golpe militar que outrora perseguiu,cassou, assassinou e torturou, tantos brasileiros.<\/p>\n<p>Mas n\u00e3o estamos aqui para chorar, e sim para lutar. Para seguir lutando.<\/p>\n<p>Porque A \u00fanica luta que se perde \u00e9 a que se abandona.<\/p>\n<p>Hoje, da mesma forma, reassumimos o nosso compromisso de seguir lutando com todas as for\u00e7as, de forma inabal\u00e1vel, para gritarmos em alto e bom som, dentro das liberdades democr\u00e1ticas, dentro das normas do Estado Democr\u00e1tico de Direito.<\/p>\n<p>Gritamos: \u201cPara que n\u00e3o se esque\u00e7a, para que nunca mais aconte\u00e7a!\u201d<\/p>\n<p>Gritamos: \u201cDitadura, nunca mais!\u201d<\/p>\n<p>Obrigado meu av\u00f4 Jango, por indicar o nosso caminho de progresso das reformas de base.<\/p>\n<p>Nunca foi pouca sorte lutar e morrer pelo Brasil.<\/p>\n<p>Viva a Democracia Brasileira!<\/p>\n<p>Abaixo a mentira!<\/p>\n<p>Abaixo a Ditadura!<\/p>\n<p>&nbsp;<\/p>\n<p><em><strong>*Christopher Goulart \u00e9 advogado, Primeiro Suplente de Senador do PDT\/RS.<\/strong><\/em><\/p>\n<!-- AddThis Advanced Settings generic via filter on the_content --><!-- AddThis Share Buttons generic via filter on the_content -->","protected":false},"excerpt":{"rendered":"<p>O novo Ministro da Defesa acabou de ser empossado, e j\u00e1 mostra no primeiro dia de trabalho a linha golpista dos velhos saudosistas da Ditadura Militar.\u00a0Nada surpreendente, vindo de algu\u00e9m pr\u00f3ximo do Presidente da Rep\u00fablica que vai no rumo certo da lata do lixo da hist\u00f3ria brasileira.\u00a0Ambos s\u00e3o da estirpe dos apoiadores da tortura, dos&#8230;<!-- AddThis Advanced Settings generic via filter on wp_trim_excerpt --><!-- AddThis Share Buttons generic via filter on wp_trim_excerpt --><\/p>\n","protected":false},"author":17,"featured_media":77132,"comment_status":"closed","ping_status":"closed","sticky":false,"template":"","format":"standard","meta":{"_monsterinsights_skip_tracking":false,"_monsterinsights_sitenote_active":false,"_monsterinsights_sitenote_note":"","_monsterinsights_sitenote_category":0,"_uf_show_specific_survey":0,"_uf_disable_surveys":false,"footnotes":""},"categories":[1584,976],"tags":[2612,3348,1043,514,4646],"class_list":["post-77131","post","type-post","status-publish","format-standard","has-post-thumbnail","hentry","category-artigos","category-noticias-em-destaque","tag-christopher-goulart","tag-covid-19","tag-ditadura-militar","tag-joao-goulart","tag-patria-livre"],"acf":[],"_links":{"self":[{"href":"https:\/\/pdt-rj.org.br\/index.php\/wp-json\/wp\/v2\/posts\/77131","targetHints":{"allow":["GET"]}}],"collection":[{"href":"https:\/\/pdt-rj.org.br\/index.php\/wp-json\/wp\/v2\/posts"}],"about":[{"href":"https:\/\/pdt-rj.org.br\/index.php\/wp-json\/wp\/v2\/types\/post"}],"author":[{"embeddable":true,"href":"https:\/\/pdt-rj.org.br\/index.php\/wp-json\/wp\/v2\/users\/17"}],"replies":[{"embeddable":true,"href":"https:\/\/pdt-rj.org.br\/index.php\/wp-json\/wp\/v2\/comments?post=77131"}],"version-history":[{"count":10,"href":"https:\/\/pdt-rj.org.br\/index.php\/wp-json\/wp\/v2\/posts\/77131\/revisions"}],"predecessor-version":[{"id":77155,"href":"https:\/\/pdt-rj.org.br\/index.php\/wp-json\/wp\/v2\/posts\/77131\/revisions\/77155"}],"wp:featuredmedia":[{"embeddable":true,"href":"https:\/\/pdt-rj.org.br\/index.php\/wp-json\/wp\/v2\/media\/77132"}],"wp:attachment":[{"href":"https:\/\/pdt-rj.org.br\/index.php\/wp-json\/wp\/v2\/media?parent=77131"}],"wp:term":[{"taxonomy":"category","embeddable":true,"href":"https:\/\/pdt-rj.org.br\/index.php\/wp-json\/wp\/v2\/categories?post=77131"},{"taxonomy":"post_tag","embeddable":true,"href":"https:\/\/pdt-rj.org.br\/index.php\/wp-json\/wp\/v2\/tags?post=77131"}],"curies":[{"name":"wp","href":"https:\/\/api.w.org\/{rel}","templated":true}]}}