{"id":77119,"date":"2021-03-31T16:37:58","date_gmt":"2021-03-31T19:37:58","guid":{"rendered":"http:\/\/pdt-rj.org.br\/?p=77119"},"modified":"2021-03-31T17:38:43","modified_gmt":"2021-03-31T20:38:43","slug":"fundacao-do-pdt-apoia-fim-da-lei-de-seguranca-nacional-e-interdicao-de-bolsonaro","status":"publish","type":"post","link":"https:\/\/pdt-rj.org.br\/index.php\/fundacao-do-pdt-apoia-fim-da-lei-de-seguranca-nacional-e-interdicao-de-bolsonaro\/","title":{"rendered":"Funda\u00e7\u00e3o do PDT apoia fim da Lei de Seguran\u00e7a Nacional e interdi\u00e7\u00e3o de Bolsonaro"},"content":{"rendered":"<p class=\"yiv1094848829MsoNormal\"><em><b>Em manifesto, organiza\u00e7\u00f5es de partidos progressistas repudiam atentados contra o regime democr\u00e1tico<\/b><\/em><\/p>\n<p class=\"yiv1094848829MsoNormal\">Em uma nova a\u00e7\u00e3o conjunta com organiza\u00e7\u00f5es de partidos progressistas, a Funda\u00e7\u00e3o Leonel Brizola \u2013 Alberto Pasqualini (FLB-AP), do PDT assinou, nesta quarta-feira (31), o manifesto do Observat\u00f3rio da Democracia que pede a revoga\u00e7\u00e3o da Lei de Seguran\u00e7a Nacional e ratifica a necessidade de interdi\u00e7\u00e3o do presidente da Rep\u00fablica, Jair Bolsonaro.<\/p>\n<p class=\"yiv1094848829MsoNormal\">Simbolizando a hist\u00f3rica luta democr\u00e1tica na data que marca os 57 anos do fim do regime militar no Brasil, o lan\u00e7amento do documento \u2013 com contribui\u00e7\u00f5es das funda\u00e7\u00f5es Astrojildo Pereira (Cidadania); Lauro Campos e Marielle Franco (PSOL); Jo\u00e3o Mangabeira (PSB); Maur\u00edcio Grabois (PCdoB); Herbert Daniel (PV); da Ordem Social (PROS), Perseu Abramo (PT) e Claudio Campos \u2013, exaltou o legado do ex-presidente Jo\u00e3o Goulart ao citar as reformas de base e a sua deposi\u00e7\u00e3o com a instaura\u00e7\u00e3o da ditadura.<\/p>\n<p class=\"yiv1094848829MsoNormal\">Pelo enfrentamento de resqu\u00edcios opressores, o f\u00f3rum ratifica, portanto, o combate ao bolsonarismo, que aporta, em uma gest\u00e3o desestruturada, tentativas de uso de instrumentos autorit\u00e1rios como sa\u00edda para crises sem precedentes e potencializadas com o descontrole da pandemia.<\/p>\n<p class=\"yiv1094848829MsoNormal\">\u201cO mortic\u00ednio e a crise sist\u00eamica (sanit\u00e1ria, econ\u00f4mica, social e pol\u00edtica) n\u00e3o s\u00e3o decorr\u00eancias naturais da pandemia. Decorrem diretamente da atitude negacionista e irrespons\u00e1vel, movida pelo obscurantismo de Bolsonaro e seu grupo, mas tamb\u00e9m de uma sequ\u00eancia articulada de decis\u00f5es por eles adotadas\u201d, justifica.<\/p>\n<p class=\"yiv1094848829MsoNormal\">No texto, as institui\u00e7\u00f5es tamb\u00e9m resgataram outros manifestos para fortalecer a uni\u00e3o de todos os setores democr\u00e1ticos em prol da \u201cdefesa da vida\u201d. Com isso, almejam a retomada de pol\u00edticas comprometidas com o crescimento econ\u00f4mico socialmente respons\u00e1vel.<\/p>\n<p class=\"yiv1094848829MsoNormal\">\u201cConclamamos todos os democratas, todos aqueles que t\u00eam compromisso com a vida: partidos pol\u00edticos, movimentos organizados da sociedade, governadores, prefeitos, parlamentares, cientistas, intelectuais, trabalhadores, empres\u00e1rios, igrejas, estudantes, enfim, a sociedade organizada, a se mobilizarem pela aprova\u00e7\u00e3o da emenda constitucional que possibilita a interdi\u00e7\u00e3o de Bolsonaro e a revoga\u00e7\u00e3o do entulho autorit\u00e1rio, que \u00e9 a Lei de Seguran\u00e7a Nacional de 1983\u201d, concluiu.<\/p>\n<p class=\"yiv1094848829MsoNormal\">Confira\u00a0<a href=\"http:\/\/pdt-rj.org.br\/wp-content\/uploads\/2021\/03\/Observat\u00f3ria-da-Democracia-Defender-Vida-31-do-03-de-21.pdf\"><b>aqui<\/b>\u00a0<\/a>a \u00edntegra do manifesto.<\/p>\n<!-- AddThis Advanced Settings generic via filter on the_content --><!-- AddThis Share Buttons generic via filter on the_content -->","protected":false},"excerpt":{"rendered":"<p>Em manifesto, organiza\u00e7\u00f5es de partidos progressistas repudiam atentados contra o regime democr\u00e1tico Em uma nova a\u00e7\u00e3o conjunta com organiza\u00e7\u00f5es de partidos progressistas, a Funda\u00e7\u00e3o Leonel Brizola \u2013 Alberto Pasqualini (FLB-AP), do PDT assinou, nesta quarta-feira (31), o manifesto do Observat\u00f3rio da Democracia que pede a revoga\u00e7\u00e3o da Lei de Seguran\u00e7a Nacional e ratifica a necessidade&#8230;<!-- AddThis Advanced Settings generic via filter on wp_trim_excerpt --><!-- AddThis Share Buttons generic via filter on wp_trim_excerpt --><\/p>\n","protected":false},"author":17,"featured_media":77121,"comment_status":"closed","ping_status":"closed","sticky":false,"template":"","format":"standard","meta":{"_monsterinsights_skip_tracking":false,"_monsterinsights_sitenote_active":false,"_monsterinsights_sitenote_note":"","_monsterinsights_sitenote_category":0,"_uf_show_specific_survey":0,"_uf_disable_surveys":false,"footnotes":""},"categories":[1390,3328],"tags":[4645,426,4644,2589,3527],"class_list":["post-77119","post","type-post","status-publish","format-standard","has-post-thumbnail","hentry","category-editorias","category-flb-ap","tag-defesa-da-vida","tag-fundacao-leonel-brizola-alberto-pasqualini","tag-lei-de-seguranca-nacional-de-1983","tag-manifesto","tag-observatorio-da-democracia"],"acf":[],"_links":{"self":[{"href":"https:\/\/pdt-rj.org.br\/index.php\/wp-json\/wp\/v2\/posts\/77119","targetHints":{"allow":["GET"]}}],"collection":[{"href":"https:\/\/pdt-rj.org.br\/index.php\/wp-json\/wp\/v2\/posts"}],"about":[{"href":"https:\/\/pdt-rj.org.br\/index.php\/wp-json\/wp\/v2\/types\/post"}],"author":[{"embeddable":true,"href":"https:\/\/pdt-rj.org.br\/index.php\/wp-json\/wp\/v2\/users\/17"}],"replies":[{"embeddable":true,"href":"https:\/\/pdt-rj.org.br\/index.php\/wp-json\/wp\/v2\/comments?post=77119"}],"version-history":[{"count":4,"href":"https:\/\/pdt-rj.org.br\/index.php\/wp-json\/wp\/v2\/posts\/77119\/revisions"}],"predecessor-version":[{"id":77146,"href":"https:\/\/pdt-rj.org.br\/index.php\/wp-json\/wp\/v2\/posts\/77119\/revisions\/77146"}],"wp:featuredmedia":[{"embeddable":true,"href":"https:\/\/pdt-rj.org.br\/index.php\/wp-json\/wp\/v2\/media\/77121"}],"wp:attachment":[{"href":"https:\/\/pdt-rj.org.br\/index.php\/wp-json\/wp\/v2\/media?parent=77119"}],"wp:term":[{"taxonomy":"category","embeddable":true,"href":"https:\/\/pdt-rj.org.br\/index.php\/wp-json\/wp\/v2\/categories?post=77119"},{"taxonomy":"post_tag","embeddable":true,"href":"https:\/\/pdt-rj.org.br\/index.php\/wp-json\/wp\/v2\/tags?post=77119"}],"curies":[{"name":"wp","href":"https:\/\/api.w.org\/{rel}","templated":true}]}}