{"id":77107,"date":"2021-03-31T07:52:43","date_gmt":"2021-03-31T10:52:43","guid":{"rendered":"http:\/\/pdt-rj.org.br\/?p=77107"},"modified":"2021-04-03T16:31:58","modified_gmt":"2021-04-03T19:31:58","slug":"quatro-motivos-para-lembrar-por-que-o-governo-militar-foi-a-pior-experiencia-da-republica-brasileira","status":"publish","type":"post","link":"https:\/\/pdt-rj.org.br\/index.php\/quatro-motivos-para-lembrar-por-que-o-governo-militar-foi-a-pior-experiencia-da-republica-brasileira\/","title":{"rendered":"Quatro motivos para lembrar por que o governo militar foi a pior experi\u00eancia da Rep\u00fablica brasileira"},"content":{"rendered":"<p>\u201cO povo que n\u00e3o conhece o seu passado est\u00e1 fadado a repeti-lo\u201d, disse o pensador irland\u00eas Edmund Burke, no s\u00e9culo XVIII. O pensamento secular parece se materializar no Brasil atual. Hoje, 31 de mar\u00e7o, completam 57 anos do golpe civil-militar que dep\u00f4s o presidente Jo\u00e3o Goulart e promoveu a maior e mais cruel ditadura no pa\u00eds. Apesar das mazelas impostas pelo regime ao longo de 21 anos, o pa\u00eds vive novamente a experi\u00eancia de um governo com vi\u00e9s autorit\u00e1rio.<\/p>\n<p>\u00c9 certo que as institui\u00e7\u00f5es democr\u00e1ticas impedem que o presidente da Rep\u00fablica, Jair Bolsonaro, se torne um ditador, mas este flerta perigosamente com o autoritarismo em suas atribui\u00e7\u00f5es e \u00e9 legitimado por uma pequena e feroz parcela da popula\u00e7\u00e3o. Atacam a imprensa, as liberdades individuais, o Congresso e o Supremo Tribunal Federal (STF). O prov\u00e1vel \u00e9 que essa for\u00e7a pol\u00edtica desidrate ao longo do tempo, mas enquanto vigora provoca retrocessos no pa\u00eds.<\/p>\n<p>Mas afinal, como impedir que novos aspirantes a ditador cheguem \u00e0s esferas de poder? Voltando a afirma\u00e7\u00e3o de Edmund Burke, \u00e9 preciso difundir o conhecimento acerca da hist\u00f3ria nacional. Por isso, nesta data emblem\u00e1tica, relembre quatro motivos que fizeram da ditadura militar o pior regime estabelecido no Brasil.<\/p>\n<p><strong>1\u00ba &#8211; Aus\u00eancia de direitos humanos: <\/strong>A ditadura militar cometeu crimes contra a humanidade. A viol\u00eancia e a repress\u00e3o eram pol\u00edtica de estado. O regime iniciado em 1964 prendeu, torturou e matou opositores. Existia, inclusive, um manual de tortura para extrair informa\u00e7\u00f5es, o qual inclu\u00eda afogamento, choque, pau-de-arara, estupro e asfixia \u2013 pr\u00e1ticas j\u00e1 defendidas publicamente pelo atual presidente da Rep\u00fablica.<\/p>\n<p>A Comiss\u00e3o Nacional da Verdade reconheceu a morte e o desaparecimento de 434 pessoas. J\u00e1 a organiza\u00e7\u00e3o internacional n\u00e3o governamental de direitos humanos, a Human Rights Watch, aponta que aproximadamente 20 mil pessoas foram torturadas pelo governo militar brasileiro. Quem era considerado inimigo do estado, n\u00e3o gozava de nenhum direito.<\/p>\n<p><strong>2\u00ba &#8211; Censura e persegui\u00e7\u00e3o: <\/strong>N\u00e3o havia liberdade de express\u00e3o ou de imprensa. Artistas, intelectuais e jornalistas eram vigiados pelo Conselho Superior de Censura. Se burlassem as regras \u2013 de cunho pol\u00edtico e moral \u2013 eram encaminhados para o Tribunal de Censura. De l\u00e1 poderiam ser presos, torturados ou at\u00e9 mortos, como aconteceu com o jornalista Vladimir Herzog em 1975.<\/p>\n<p>O governo ditatorial fechou e depredou jornais como o \u201cUltima Hora\u201d, \u201cFolha da Semana\u201d e \u201cO Seman\u00e1rio\u201d. O ataque aos ve\u00edculos de imprensa era constante, ato que o atual governo tenta imitar dentro de suas limita\u00e7\u00f5es. Os militares tamb\u00e9m cassaram o direito pol\u00edtico de muita gente. Por vezes a persegui\u00e7\u00e3o terminava em ex\u00edlio, como no caso de Leonel Brizola, Jo\u00e3o Goulart e Caetano Veloso.<\/p>\n<p><strong>3\u00ba &#8211; Desigualdade social: <\/strong>Durante a ditadura, o Brasil ampliou e muito a desigualdade entre as diferentes camadas sociais. A distribui\u00e7\u00e3o de renda se tornou mais polarizada: os 10% mais ricos que tinham 38% da renda em 1960, chegaram a 51% em 1980. J\u00e1 os mais pobres, que tinham 17% da renda nacional em 1960, deca\u00edram para 12% duas d\u00e9cadas depois.<\/p>\n<p>\u00c9 fato que entre 1968 e 1973 o pa\u00eds cresceu acima de 10% ao ano, o chamado \u201cmilagre econ\u00f4mico\u201d. No entanto, tal crescimento representou a mis\u00e9ria para a maioria dos brasileiros. Em 1974, o poder de comprar do sal\u00e1rio m\u00ednimo representava a metade do que era em 1960.<\/p>\n<p>Hoje, o governo Bolsonaro tamb\u00e9m promove desigualdade e p\u00f5e milh\u00f5es de brasileiros na mis\u00e9ria. A diferen\u00e7a \u00e9 que agora a economia decresce: em plena pandemia, os 10% mais ricos perderam 3% da sua renda, enquanto os 40% mais pobres viram 30% dos rendimentos desaparecer. Isso sem falar nos 14 milh\u00f5es sem emprego e sem renda.<\/p>\n<p><strong>4\u00ba &#8211; Corrup\u00e7\u00e3o: <\/strong>O discurso anticorrup\u00e7\u00e3o envergado pelos golpistas em 1964, como no atual governo, era apenas fal\u00e1cia. Na pr\u00e1tica, os militares praticavam superfaturamento, desvio de verba, tr\u00e1fico de influ\u00eancia e outros il\u00edcitos. Tudo acobertado pelo autoritarismo, a falta de transpar\u00eancia e a censura sistem\u00e1tica.<\/p>\n<p>N\u00e3o havia conselhos de fiscaliza\u00e7\u00e3o, o Congresso Nacional fora dissolvido e a sociedade civil organizada praticamente n\u00e3o existia \u2013 ao menos n\u00e3o como fiscal do governo. Naturalmente, as contas p\u00fablicas nunca eram analisadas e o er\u00e1rio se perdia em \u201ctenebrosas transa\u00e7\u00f5es\u201d, inclusive com empreiteiras que se tornaram grandes nesta \u00e9poca, a exemplo da Odebrecht.<\/p>\n<p>Jair Bolsonaro \u00e9 dessa mesma escola, tenta usar o poder e a for\u00e7a para encobrir casos de corrup\u00e7\u00e3o, principalmente os ligados a ele e a sua fam\u00edlia. N\u00e3o por acaso, foi escolhido como a &#8220;Pessoa do Ano no Crime Organizado e Corrup\u00e7\u00e3o\u201d de 2020, pelo cons\u00f3rcio internacional Projeto de Divulga\u00e7\u00e3o de Crimes Organizados e Corrup\u00e7\u00e3o (OCCRP, na sigla em ingl\u00eas), formado por organiza\u00e7\u00f5es da imprensa independente e jornalistas investigativos.<\/p>\n<!-- AddThis Advanced Settings generic via filter on the_content --><!-- AddThis Share Buttons generic via filter on the_content -->","protected":false},"excerpt":{"rendered":"<p>\u201cO povo que n\u00e3o conhece o seu passado est\u00e1 fadado a repeti-lo\u201d, disse o pensador irland\u00eas Edmund Burke, no s\u00e9culo XVIII. O pensamento secular parece se materializar no Brasil atual. Hoje, 31 de mar\u00e7o, completam 57 anos do golpe civil-militar que dep\u00f4s o presidente Jo\u00e3o Goulart e promoveu a maior e mais cruel ditadura no&#8230;<!-- AddThis Advanced Settings generic via filter on wp_trim_excerpt --><!-- AddThis Share Buttons generic via filter on wp_trim_excerpt --><\/p>\n","protected":false},"author":17,"featured_media":77108,"comment_status":"closed","ping_status":"closed","sticky":false,"template":"","format":"standard","meta":{"_monsterinsights_skip_tracking":false,"_monsterinsights_sitenote_active":false,"_monsterinsights_sitenote_note":"","_monsterinsights_sitenote_category":0,"_uf_show_specific_survey":0,"_uf_disable_surveys":false,"footnotes":""},"categories":[1390,1401],"tags":[],"class_list":["post-77107","post","type-post","status-publish","format-standard","has-post-thumbnail","hentry","category-editorias","category-nacional"],"acf":[],"_links":{"self":[{"href":"https:\/\/pdt-rj.org.br\/index.php\/wp-json\/wp\/v2\/posts\/77107","targetHints":{"allow":["GET"]}}],"collection":[{"href":"https:\/\/pdt-rj.org.br\/index.php\/wp-json\/wp\/v2\/posts"}],"about":[{"href":"https:\/\/pdt-rj.org.br\/index.php\/wp-json\/wp\/v2\/types\/post"}],"author":[{"embeddable":true,"href":"https:\/\/pdt-rj.org.br\/index.php\/wp-json\/wp\/v2\/users\/17"}],"replies":[{"embeddable":true,"href":"https:\/\/pdt-rj.org.br\/index.php\/wp-json\/wp\/v2\/comments?post=77107"}],"version-history":[{"count":4,"href":"https:\/\/pdt-rj.org.br\/index.php\/wp-json\/wp\/v2\/posts\/77107\/revisions"}],"predecessor-version":[{"id":77191,"href":"https:\/\/pdt-rj.org.br\/index.php\/wp-json\/wp\/v2\/posts\/77107\/revisions\/77191"}],"wp:featuredmedia":[{"embeddable":true,"href":"https:\/\/pdt-rj.org.br\/index.php\/wp-json\/wp\/v2\/media\/77108"}],"wp:attachment":[{"href":"https:\/\/pdt-rj.org.br\/index.php\/wp-json\/wp\/v2\/media?parent=77107"}],"wp:term":[{"taxonomy":"category","embeddable":true,"href":"https:\/\/pdt-rj.org.br\/index.php\/wp-json\/wp\/v2\/categories?post=77107"},{"taxonomy":"post_tag","embeddable":true,"href":"https:\/\/pdt-rj.org.br\/index.php\/wp-json\/wp\/v2\/tags?post=77107"}],"curies":[{"name":"wp","href":"https:\/\/api.w.org\/{rel}","templated":true}]}}