{"id":77096,"date":"2021-03-30T18:35:28","date_gmt":"2021-03-30T21:35:28","guid":{"rendered":"http:\/\/pdt-rj.org.br\/?p=77096"},"modified":"2021-04-02T03:30:43","modified_gmt":"2021-04-02T06:30:43","slug":"cristaos-trabalhistas-analisam-correlacao-entre-religiao-estado-e-poder-no-brasil","status":"publish","type":"post","link":"https:\/\/pdt-rj.org.br\/index.php\/cristaos-trabalhistas-analisam-correlacao-entre-religiao-estado-e-poder-no-brasil\/","title":{"rendered":"Crist\u00e3os Trabalhistas analisam correla\u00e7\u00e3o entre religi\u00e3o, Estado e poder no Brasil"},"content":{"rendered":"<p class=\"yiv9589047195MsoNormal\"><em><b>Com Manoel Dias e Marina Silva, an\u00e1lise conjuntural valoriza hist\u00f3rico legado de Alberto Pasqualini<\/b><\/em><\/p>\n<p class=\"yiv9589047195MsoNormal\">A rela\u00e7\u00e3o entre religi\u00e3o, Estado e poder pautou o debate virtual promovido, nessa segunda-feira (29), pelo Crist\u00e3os Trabalhistas, movimento em processo de forma\u00e7\u00e3o e formaliza\u00e7\u00e3o no PDT. Como convidados, o presidente da Funda\u00e7\u00e3o Leonel Brizola \u2013 Alberto Pasqualini (FLB-AP), Manoel Dias, e a ex-ministra e ex-presidente nacional da Rede Sustentabilidade, Marina Silva.<\/p>\n<p class=\"yiv9589047195MsoNormal\">Mediado pelo pastor Alexandre Gon\u00e7alves, o encontro exaltou o legado de Alberto Pasqualini no processo de desenvolvimento da doutrina trabalhista, bem como estimulou uma an\u00e1lise conjuntural sobre a influ\u00eancia da religi\u00e3o na constru\u00e7\u00e3o da Rep\u00fablica e na forma\u00e7\u00e3o de governos.<\/p>\n<p class=\"yiv9589047195MsoNormal\">\u201cO cristianismo sempre pregou o amor, a justi\u00e7a social e o livre arb\u00edtrio. Com os Crist\u00e3os Trabalhistas, poderemos aprofundar o debate para ajudar o povo brasileiro a adquirir conhecimento e participar, efetivamente, do processo democr\u00e1tico\u201d, afirmou, ao recordar o processo de forma\u00e7\u00e3o do partido, a partir da lideran\u00e7a de Leonel Brizola, e fomentar os n\u00facleos de base virtuais e o Projeto Nacional de Desenvolvimento, capitaneado por Ciro Gomes.<\/p>\n<p class=\"yiv9589047195MsoNormal\">\u201cMuitos governos, no Brasil, t\u00eam sido representantes do falso cristianismo. A distor\u00e7\u00e3o nacional, que n\u00e3o \u00e9 de agora, mostra um setor elitista e ego\u00edsta buscando transformar a palavra de Deus num projeto deles\u201d, criticou, diante \u201cdo desvirtuamento da palavra de Deus proliferado em diversas igrejas.\u201d<\/p>\n<p class=\"yiv9589047195MsoNormal\">Nas suas interven\u00e7\u00f5es, Marina Silva ratificou a contribui\u00e7\u00e3o de Pasqualini para a conquista dos direitos trabalhistas e a proximidade intr\u00ednseca da religi\u00e3o com a realidade pol\u00edtica. Para ela, \u201co evangelho \u00e9 sempre uma realiza\u00e7\u00e3o processual, pois \u00e9 acumulativo o processo\u201d.<\/p>\n<p class=\"yiv9589047195MsoNormal\">\u201cA f\u00e9 a pol\u00edtica se retroalimentando, sem que signifique se instrumentalizando, \u00e9 a realiza\u00e7\u00e3o da hist\u00f3ria. Muitas coisas est\u00e3o mudando e se aperfei\u00e7oando em fun\u00e7\u00e3o dessa influ\u00eancia, at\u00e9 mesmo que as pessoas nem tenham consci\u00eancia dos valores do evangelho\u201d, pondera, ao correlacionar, inclusive, com pol\u00edticas vinculadas ao meio ambiente e \u00e0 prote\u00e7\u00e3o social.<\/p>\n<p class=\"yiv9589047195MsoNormal\">O evento tamb\u00e9m contou com as participa\u00e7\u00f5es do pastor e vice-presidente da FLB-AP no Distrito Federal, Peniel Pacheco, e do ex-deputado federal e distrital, Wasny de Roure.<\/p>\n<p class=\"yiv9589047195MsoNormal\">Para acompanhar a \u00edntegra do debate, clique\u00a0<a href=\"https:\/\/www.youtube.com\/watch?v=P7o2AgNixsM\" target=\"_blank\" rel=\"nofollow noopener noreferrer\">aqui<\/a>.<\/p>\n<!-- AddThis Advanced Settings generic via filter on the_content --><!-- AddThis Share Buttons generic via filter on the_content -->","protected":false},"excerpt":{"rendered":"<p>Com Manoel Dias e Marina Silva, an\u00e1lise conjuntural valoriza hist\u00f3rico legado de Alberto Pasqualini A rela\u00e7\u00e3o entre religi\u00e3o, Estado e poder pautou o debate virtual promovido, nessa segunda-feira (29), pelo Crist\u00e3os Trabalhistas, movimento em processo de forma\u00e7\u00e3o e formaliza\u00e7\u00e3o no PDT. Como convidados, o presidente da Funda\u00e7\u00e3o Leonel Brizola \u2013 Alberto Pasqualini (FLB-AP), Manoel Dias,&#8230;<!-- AddThis Advanced Settings generic via filter on wp_trim_excerpt --><!-- AddThis Share Buttons generic via filter on wp_trim_excerpt --><\/p>\n","protected":false},"author":17,"featured_media":77099,"comment_status":"closed","ping_status":"closed","sticky":false,"template":"","format":"standard","meta":{"_monsterinsights_skip_tracking":false,"_monsterinsights_sitenote_active":false,"_monsterinsights_sitenote_note":"","_monsterinsights_sitenote_category":0,"_uf_show_specific_survey":0,"_uf_disable_surveys":false,"footnotes":""},"categories":[1390,4077,976],"tags":[4072,4027,4636,426,565,591,4074,2008],"class_list":["post-77096","post","type-post","status-publish","format-standard","has-post-thumbnail","hentry","category-editorias","category-movimento-cristaos-trabalhistas","category-noticias-em-destaque","tag-alexandre-goncalves","tag-cristaos-trabalhistas","tag-doutrina-trabalhista","tag-fundacao-leonel-brizola-alberto-pasqualini","tag-leonel-brizola","tag-manoel-dias","tag-peniel-pacheco","tag-protecao-social"],"acf":[],"_links":{"self":[{"href":"https:\/\/pdt-rj.org.br\/index.php\/wp-json\/wp\/v2\/posts\/77096","targetHints":{"allow":["GET"]}}],"collection":[{"href":"https:\/\/pdt-rj.org.br\/index.php\/wp-json\/wp\/v2\/posts"}],"about":[{"href":"https:\/\/pdt-rj.org.br\/index.php\/wp-json\/wp\/v2\/types\/post"}],"author":[{"embeddable":true,"href":"https:\/\/pdt-rj.org.br\/index.php\/wp-json\/wp\/v2\/users\/17"}],"replies":[{"embeddable":true,"href":"https:\/\/pdt-rj.org.br\/index.php\/wp-json\/wp\/v2\/comments?post=77096"}],"version-history":[{"count":2,"href":"https:\/\/pdt-rj.org.br\/index.php\/wp-json\/wp\/v2\/posts\/77096\/revisions"}],"predecessor-version":[{"id":77098,"href":"https:\/\/pdt-rj.org.br\/index.php\/wp-json\/wp\/v2\/posts\/77096\/revisions\/77098"}],"wp:featuredmedia":[{"embeddable":true,"href":"https:\/\/pdt-rj.org.br\/index.php\/wp-json\/wp\/v2\/media\/77099"}],"wp:attachment":[{"href":"https:\/\/pdt-rj.org.br\/index.php\/wp-json\/wp\/v2\/media?parent=77096"}],"wp:term":[{"taxonomy":"category","embeddable":true,"href":"https:\/\/pdt-rj.org.br\/index.php\/wp-json\/wp\/v2\/categories?post=77096"},{"taxonomy":"post_tag","embeddable":true,"href":"https:\/\/pdt-rj.org.br\/index.php\/wp-json\/wp\/v2\/tags?post=77096"}],"curies":[{"name":"wp","href":"https:\/\/api.w.org\/{rel}","templated":true}]}}