{"id":77071,"date":"2021-03-29T13:19:01","date_gmt":"2021-03-29T16:19:01","guid":{"rendered":"http:\/\/pdt-rj.org.br\/?p=77071"},"modified":"2021-04-02T11:36:52","modified_gmt":"2021-04-02T14:36:52","slug":"lupi-aciona-internacional-socialista-contra-patentes-das-vacinas-contra-a-covid-19","status":"publish","type":"post","link":"https:\/\/pdt-rj.org.br\/index.php\/lupi-aciona-internacional-socialista-contra-patentes-das-vacinas-contra-a-covid-19\/","title":{"rendered":"Lupi aciona Internacional Socialista contra patentes das vacinas contra a Covid-19"},"content":{"rendered":"<p><em>Presidente nacional do PDT condenou atua\u00e7\u00e3o do governo federal liderado por Jair Bolsonaro\u00a0<\/em><\/p>\n<p>Presidente nacional do PDT e vice-presidente da Internacional Socialista (IS), Carlos Lupi enviou, no \u00faltimo domingo (28), uma carta \u00e0 organiza\u00e7\u00e3o pol\u00edtica estrangeira para defender a quebra de patentes das vacinas contra a Covid-19.<\/p>\n<p>Ao criticar o modelo econ\u00f4mico neoliberal que \u201cprioriza o lucro em detrimento da sa\u00fade\u201d, Lupi reafirmou sua posi\u00e7\u00e3o de mobilizar o campo progressista em prol da mudan\u00e7a de paradigmas hist\u00f3ricos.<\/p>\n<p>\u201c\u00c9 preciso assumir uma postura corajosa com rela\u00e7\u00e3o \u00e0s patentes e aos direitos de propriedade intelectual das tecnologias de sa\u00fade utilizadas no combate ao coronav\u00edrus, em especial as vacinas. O atual sistema n\u00e3o foi moldado para lidar com pandemias\u201d, justificou.<\/p>\n<p>\u201cEnquanto a ind\u00fastria farmac\u00eautica e os pa\u00edses desenvolvidos lucram com as vendas, os pa\u00edses de renda m\u00e9dia e baixa padecem com a depend\u00eancia e a espera\u201d, completou.<\/p>\n<p>A revis\u00e3o, segundo o pedetista, \u00e9 uma medida urgente para preservar milh\u00f5es de cidad\u00e3os, principalmente nos pa\u00edses subdesenvolvidos e em desenvolvimento.<\/p>\n<p>\u201cA suspens\u00e3o das patentes tornaria poss\u00edvel a fabrica\u00e7\u00e3o de insumos em toda parte e diminuiria o risco da falta de vacinas. Desde janeiro, em um v\u00eddeo publicado em minhas redes sociais, j\u00e1 defendo a necessidade urgente desta medida\u201d, ponderou.<\/p>\n<p><strong>Vincula\u00e7\u00e3o\u00a0<\/strong><\/p>\n<p>Diante da crise sem precedentes propagada no Brasil, Lupi responsabiliza o governo federal, a partir da lideran\u00e7a do presidente Jair Bolsonaro, pela potencializa\u00e7\u00e3o dos \u00edndices negativos.<\/p>\n<p>\u201cJ\u00e1 perdemos mais de 300 mil vidas, enquanto o presidente e seus apoiadores seguem criticando as medidas sanit\u00e1rias da OMS e espalhando fake news. O governo j\u00e1 est\u00e1 em seu quarto ministro da Sa\u00fade desde o in\u00edcio da pandemia, colecionando acusa\u00e7\u00f5es de inefici\u00eancia e omiss\u00e3o, inclusive no processo de compra das vacinas\u201d, relatou.<\/p>\n<p>Com isso, o pedetista solicita apoio mundial para garantir interven\u00e7\u00f5es que compensem a \u201cirresponsabilidade e o negacionismo\u201d fomentados pelo bolsonarismo.<\/p>\n<p>\u201cDiante da omiss\u00e3o do governo federal do Brasil, venho, em nome do meu pa\u00eds, pedir apoio dos membros da Internacional Socialista para uma uni\u00e3o pela quebra das patentes das vacinas. O lucro n\u00e3o pode estar acima da preserva\u00e7\u00e3o da vida. \u00c9 preciso pensar no futuro e nas pr\u00f3ximas gera\u00e7\u00f5es. A Hist\u00f3ria ir\u00e1 nos cobrar\u201d, concluiu.<\/p>\n<p>Confira a \u00edntegra da carta <a href=\"http:\/\/pdt-rj.org.br\/wp-content\/uploads\/2021\/03\/Carta-Aberta-pela-Quebra-das-Patentes-para-o-Combate-\u00e0-Covid-19.pdf\">aqui<\/a>.<\/p>\n<!-- AddThis Advanced Settings generic via filter on the_content --><!-- AddThis Share Buttons generic via filter on the_content -->","protected":false},"excerpt":{"rendered":"<p>Presidente nacional do PDT condenou atua\u00e7\u00e3o do governo federal liderado por Jair Bolsonaro\u00a0 Presidente nacional do PDT e vice-presidente da Internacional Socialista (IS), Carlos Lupi enviou, no \u00faltimo domingo (28), uma carta \u00e0 organiza\u00e7\u00e3o pol\u00edtica estrangeira para defender a quebra de patentes das vacinas contra a Covid-19. Ao criticar o modelo econ\u00f4mico neoliberal que \u201cprioriza&#8230;<!-- AddThis Advanced Settings generic via filter on wp_trim_excerpt --><!-- AddThis Share Buttons generic via filter on wp_trim_excerpt --><\/p>\n","protected":false},"author":17,"featured_media":77072,"comment_status":"closed","ping_status":"closed","sticky":false,"template":"","format":"standard","meta":{"_monsterinsights_skip_tracking":false,"_monsterinsights_sitenote_active":false,"_monsterinsights_sitenote_note":"","_monsterinsights_sitenote_category":0,"_uf_show_specific_survey":0,"_uf_disable_surveys":false,"footnotes":""},"categories":[1390,3030,1401],"tags":[196,4630,4631],"class_list":["post-77071","post","type-post","status-publish","format-standard","has-post-thumbnail","hentry","category-editorias","category-internacional","category-nacional","tag-carlos-lupi","tag-internacional-solcialista","tag-quebra-de-patentes"],"acf":[],"_links":{"self":[{"href":"https:\/\/pdt-rj.org.br\/index.php\/wp-json\/wp\/v2\/posts\/77071","targetHints":{"allow":["GET"]}}],"collection":[{"href":"https:\/\/pdt-rj.org.br\/index.php\/wp-json\/wp\/v2\/posts"}],"about":[{"href":"https:\/\/pdt-rj.org.br\/index.php\/wp-json\/wp\/v2\/types\/post"}],"author":[{"embeddable":true,"href":"https:\/\/pdt-rj.org.br\/index.php\/wp-json\/wp\/v2\/users\/17"}],"replies":[{"embeddable":true,"href":"https:\/\/pdt-rj.org.br\/index.php\/wp-json\/wp\/v2\/comments?post=77071"}],"version-history":[{"count":5,"href":"https:\/\/pdt-rj.org.br\/index.php\/wp-json\/wp\/v2\/posts\/77071\/revisions"}],"predecessor-version":[{"id":77185,"href":"https:\/\/pdt-rj.org.br\/index.php\/wp-json\/wp\/v2\/posts\/77071\/revisions\/77185"}],"wp:featuredmedia":[{"embeddable":true,"href":"https:\/\/pdt-rj.org.br\/index.php\/wp-json\/wp\/v2\/media\/77072"}],"wp:attachment":[{"href":"https:\/\/pdt-rj.org.br\/index.php\/wp-json\/wp\/v2\/media?parent=77071"}],"wp:term":[{"taxonomy":"category","embeddable":true,"href":"https:\/\/pdt-rj.org.br\/index.php\/wp-json\/wp\/v2\/categories?post=77071"},{"taxonomy":"post_tag","embeddable":true,"href":"https:\/\/pdt-rj.org.br\/index.php\/wp-json\/wp\/v2\/tags?post=77071"}],"curies":[{"name":"wp","href":"https:\/\/api.w.org\/{rel}","templated":true}]}}