{"id":77066,"date":"2021-03-27T15:39:21","date_gmt":"2021-03-27T18:39:21","guid":{"rendered":"http:\/\/pdt-rj.org.br\/?p=77066"},"modified":"2021-04-02T03:34:47","modified_gmt":"2021-04-02T06:34:47","slug":"esse-cidadao-ainda-vai-para-a-cadeia","status":"publish","type":"post","link":"https:\/\/pdt-rj.org.br\/index.php\/esse-cidadao-ainda-vai-para-a-cadeia\/","title":{"rendered":"\u201cEsse cidad\u00e3o ainda vai para a cadeia\u201d"},"content":{"rendered":"<h3><em>A afirma\u00e7\u00e3o \u00e9 do presidente nacional do PDT a respeito de Jair Bolsonaro, durante o Caf\u00e9 com Lupi<\/em><\/h3>\n<p>&nbsp;<\/p>\n<p>A pandemia e a responsabilidade do Governo Federal e do presidente da Rep\u00fablica por sua inger\u00eancia da crise foram os temas centrais do Caf\u00e9 com Lupi deste s\u00e1bado. Os convidados Izolda Cela, vice-governadora do Cear\u00e1, e Gustavo Fruet, deputado federal pelo Paran\u00e1 e ex-prefeito de Curitiba, avaliaram a situa\u00e7\u00e3o brasileira em uma semana especialmente triste para o pa\u00eds: chegou-se a marca de mais de 300 mil mortes por Covid-19 e ao recorde de mais de 3,5 mil \u00f3bitos em um \u00fanico dia.<\/p>\n<p>Izolda Cela \u00e9 educadora e mestre em Gest\u00e3o e Avalia\u00e7\u00e3o da Educa\u00e7\u00e3o P\u00fablica e falou sobre o impacto da pandemia na educa\u00e7\u00e3o de jovens e crian\u00e7as. Para a vice-governadora, ainda \u00e9 dif\u00edcil calcular o preju\u00edzo da suspens\u00e3o das aulas presenciais e, por isso, o retorno do ensino deve ser prioridade quando houver condi\u00e7\u00f5es sanit\u00e1rias.<\/p>\n<p>\u201cA gente ainda nem consegue ter uma id\u00e9ia do tamanho da fatura que vamos ter que pagar. [&#8230;] Quando come\u00e7armos a abrir as atividades presenciais, a educa\u00e7\u00e3o deve estar em primeiro plano e a gente vai ter que pensar em um processo de vacina\u00e7\u00e3o dos professores porque isso d\u00e1 uma seguran\u00e7a, uma condi\u00e7\u00e3o mais tranquila para a gente organizar, cumprindo os protocolos\u201d, avaliou a vice-governadora.<\/p>\n<p>Izolda tamb\u00e9m defendeu que enquanto o retorno das aulas presenciais n\u00e3o acontecer, \u00e9 preciso garantir acesso a internet e a equipamentos eletr\u00f4nicos necess\u00e1rios ao ensino online. \u201cAqui no Cear\u00e1 n\u00f3s garantimos o chip (dados m\u00f3veis) para que os alunos tenham acesso \u00e0 internet. Tamb\u00e9m estamos aguardando a entrega de tabletes que ser\u00e3o distribu\u00eddos aos alunos\u201d, informou.<\/p>\n<p>O deputado Gustavo Fruet classificou como tr\u00e1gica a atua\u00e7\u00e3o do Governo Federal na pandemia. Ele elencou uma s\u00e9rie de acontecimentos \u2013 a maioria da \u00faltima semana \u2013 que atestam sua posi\u00e7\u00e3o: empossado o quarto ministro da Sa\u00fade durante a crise; recorde de contaminados; recorde de mortos; baix\u00edssimas taxas de vacina\u00e7\u00e3o e isolamento social; e aux\u00edlio insuficiente para as demandas da popula\u00e7\u00e3o.<\/p>\n<p>Mesmo diante do cen\u00e1rio catastr\u00f3fico, Fruet acredita que chegar\u00e1 a hora em que o pa\u00eds reagir\u00e1 \u00e0 altura do problema. \u201cEm algum momento a raz\u00e3o vai prevalecer. N\u00e3o \u00e9 poss\u00edvel que a gente continue nesse caminho com tantas pessoas no mundo mostrando que n\u00f3s estamos na contram\u00e3o. Come\u00e7a tamb\u00e9m uma rea\u00e7\u00e3o da sociedade, em alguns setores uma rea\u00e7\u00e3o tardia [&#8230;] mas j\u00e1 se come\u00e7a a entender que novo rumo tem que ser tomado\u201d, afirmou o deputado federal.<\/p>\n<p>Gustavo Fruet ainda lembrou a atua\u00e7\u00e3o do PDT no combate \u00e0 gest\u00e3o criminosa do Governo Federal, tanto no Legislativo quanto no Judici\u00e1rio. Calos Lupi, presidente nacional do partido, complementou afirmando que moveu a\u00e7\u00e3o inclusive em tribunal internacional \u2013 na Corte de Haia \u2013 por crime contra a humanidade e que acredita na puni\u00e7\u00e3o de Jair Bolsonaro.<\/p>\n<p>\u201cEsse cidad\u00e3o ainda vai para a cadeia. Bolsonaro. Escreva o que eu estou falando: eu n\u00e3o morrerei enquanto n\u00e3o ver esse cidad\u00e3o na cadeia. Porque n\u00e3o \u00e9 poss\u00edvel que um presidente da Rep\u00fablica, vendo mais de 300 mil brasileiros morrerem, ainda v\u00e1 para rua, tire a m\u00e1scara. Ele dizia que quem tomasse a vacina chinesa ia virar jacar\u00e9, ridicularizou a vacina\u00e7\u00e3o. Isso n\u00e3o pode ficar impune\u201d, concluiu Lupi.<\/p>\n<p>Confira o programa na \u00edntegra abaixo.<\/p>\n<p><iframe loading=\"lazy\" title=\"YouTube video player\" src=\"\/\/www.youtube.com\/embed\/hT7GaoijyV8\" width=\"956\" height=\"538\" frameborder=\"0\" allowfullscreen=\"allowfullscreen\"><\/iframe><\/p>\n<!-- AddThis Advanced Settings generic via filter on the_content --><!-- AddThis Share Buttons generic via filter on the_content -->","protected":false},"excerpt":{"rendered":"<p>A afirma\u00e7\u00e3o \u00e9 do presidente nacional do PDT a respeito de Jair Bolsonaro, durante o Caf\u00e9 com Lupi &nbsp; A pandemia e a responsabilidade do Governo Federal e do presidente da Rep\u00fablica por sua inger\u00eancia da crise foram os temas centrais do Caf\u00e9 com Lupi deste s\u00e1bado. Os convidados Izolda Cela, vice-governadora do Cear\u00e1, e&#8230;<!-- AddThis Advanced Settings generic via filter on wp_trim_excerpt --><!-- AddThis Share Buttons generic via filter on wp_trim_excerpt --><\/p>\n","protected":false},"author":17,"featured_media":77069,"comment_status":"closed","ping_status":"closed","sticky":false,"template":"","format":"standard","meta":{"_monsterinsights_skip_tracking":false,"_monsterinsights_sitenote_active":false,"_monsterinsights_sitenote_note":"","_monsterinsights_sitenote_category":0,"_uf_show_specific_survey":0,"_uf_disable_surveys":false,"footnotes":""},"categories":[1390,975,1401,976],"tags":[3695,196,3798,2817,1225,1637,38],"class_list":["post-77066","post","type-post","status-publish","format-standard","has-post-thumbnail","hentry","category-editorias","category-manchete","category-nacional","category-noticias-em-destaque","tag-cafe-com-lupi","tag-carlos-lupi","tag-combate-a-pandemia","tag-governo-federal","tag-gustavo-fruet","tag-izolda-cela","tag-pdt"],"acf":[],"_links":{"self":[{"href":"https:\/\/pdt-rj.org.br\/index.php\/wp-json\/wp\/v2\/posts\/77066","targetHints":{"allow":["GET"]}}],"collection":[{"href":"https:\/\/pdt-rj.org.br\/index.php\/wp-json\/wp\/v2\/posts"}],"about":[{"href":"https:\/\/pdt-rj.org.br\/index.php\/wp-json\/wp\/v2\/types\/post"}],"author":[{"embeddable":true,"href":"https:\/\/pdt-rj.org.br\/index.php\/wp-json\/wp\/v2\/users\/17"}],"replies":[{"embeddable":true,"href":"https:\/\/pdt-rj.org.br\/index.php\/wp-json\/wp\/v2\/comments?post=77066"}],"version-history":[{"count":3,"href":"https:\/\/pdt-rj.org.br\/index.php\/wp-json\/wp\/v2\/posts\/77066\/revisions"}],"predecessor-version":[{"id":77180,"href":"https:\/\/pdt-rj.org.br\/index.php\/wp-json\/wp\/v2\/posts\/77066\/revisions\/77180"}],"wp:featuredmedia":[{"embeddable":true,"href":"https:\/\/pdt-rj.org.br\/index.php\/wp-json\/wp\/v2\/media\/77069"}],"wp:attachment":[{"href":"https:\/\/pdt-rj.org.br\/index.php\/wp-json\/wp\/v2\/media?parent=77066"}],"wp:term":[{"taxonomy":"category","embeddable":true,"href":"https:\/\/pdt-rj.org.br\/index.php\/wp-json\/wp\/v2\/categories?post=77066"},{"taxonomy":"post_tag","embeddable":true,"href":"https:\/\/pdt-rj.org.br\/index.php\/wp-json\/wp\/v2\/tags?post=77066"}],"curies":[{"name":"wp","href":"https:\/\/api.w.org\/{rel}","templated":true}]}}