{"id":77035,"date":"2021-03-26T19:32:07","date_gmt":"2021-03-26T22:32:07","guid":{"rendered":"http:\/\/pdt-rj.org.br\/?p=77035"},"modified":"2021-03-31T07:54:02","modified_gmt":"2021-03-31T10:54:02","slug":"miguel-nicolelis-reprova-corte-de-verbas-do-sus-e-manutencao-do-teto-de-gastos","status":"publish","type":"post","link":"https:\/\/pdt-rj.org.br\/index.php\/miguel-nicolelis-reprova-corte-de-verbas-do-sus-e-manutencao-do-teto-de-gastos\/","title":{"rendered":"Miguel Nicolelis reprova corte de verbas do SUS e manuten\u00e7\u00e3o do teto de gastos\u00a0"},"content":{"rendered":"<div class=\"I_52qC D_FY W_6D6F\" data-test-id=\"message-view-body\">\n<div class=\"msg-body P_wpofO mq_AS\" data-test-id=\"message-view-body-content\">\n<div class=\"jb_0 X_6MGW N_6Fd5\">\n<div id=\"yiv2162355588\">\n<p class=\"yiv2162355588p2\"><em><strong><span class=\"yiv2162355588s1\">Cientista\u00a0<\/span>critica o governo federal ao defender lockdown e o suporte financeiro para a popula\u00e7\u00e3o\u00a0<\/strong><\/em><\/p>\n<p class=\"yiv2162355588p2\"><span class=\"yiv2162355588s1\">Ex-coordenador do Comit\u00ea Cient\u00edfico do Cons\u00f3rcio Nordeste, o cientista Miguel Nicolelis reprovou, nessa quinta-feira (25), o corte de recursos do Sistema \u00danico de Sa\u00fade (SUS), no Or\u00e7amento da Uni\u00e3o, durante a pandemia.\u00a0<\/span><\/p>\n<p class=\"yiv2162355588p2\"><span class=\"yiv2162355588s1\">Ao listar erros do governo do presidente Jair Bolsonaro durante entrevista \u00e0 GloboNews, o m\u00e9dico tamb\u00e9m relacionou a situa\u00e7\u00e3o ca\u00f3tica do pa\u00eds \u00e0 manuten\u00e7\u00e3o do teto de gastos.<\/span><\/p>\n<p class=\"yiv2162355588p2\"><span class=\"yiv2162355588s1\">\u201cQual \u00e9 a l\u00f3gica de se manter um teto de gastos quando os brasileiros est\u00e3o tendo que optar entre morrer de fome ou morrer de v\u00edrus? \u201c, disse.\u00a0<\/span><\/p>\n<p class=\"yiv2162355588p2\"><span class=\"yiv2162355588s1\">Considerando o lockdown uma medida essencial e urgente, o neurocirurgi\u00e3o indicou que deveria existir uma pol\u00edtica social continua\u00a0para que os cidad\u00e3os conseguissem ficar em isolamento social.<\/span><\/p>\n<p class=\"yiv2162355588p2\"><span class=\"yiv2162355588s1\">\u201cPagar, o que fosse necess\u00e1rio e digno, para todos os brasileiros poderem ficar em casa enquanto essa emerg\u00eancia ocorre\u201d, comentou.<\/span><\/p>\n<p class=\"yiv2162355588p2\"><span class=\"yiv2162355588s1\">\u201cN\u00f3s podemos salvar o maior n\u00famero de pessoas poss\u00edvel, porque nenhuma morte \u00e9 aceit\u00e1vel!\u201d, completou.\u00a0<\/span><\/p>\n<\/div>\n<\/div>\n<\/div>\n<\/div>\n<!-- AddThis Advanced Settings generic via filter on the_content --><!-- AddThis Share Buttons generic via filter on the_content -->","protected":false},"excerpt":{"rendered":"<p>Cientista\u00a0critica o governo federal ao defender lockdown e o suporte financeiro para a popula\u00e7\u00e3o\u00a0 Ex-coordenador do Comit\u00ea Cient\u00edfico do Cons\u00f3rcio Nordeste, o cientista Miguel Nicolelis reprovou, nessa quinta-feira (25), o corte de recursos do Sistema \u00danico de Sa\u00fade (SUS), no Or\u00e7amento da Uni\u00e3o, durante a pandemia.\u00a0 Ao listar erros do governo do presidente Jair Bolsonaro&#8230;<!-- AddThis Advanced Settings generic via filter on wp_trim_excerpt --><!-- AddThis Share Buttons generic via filter on wp_trim_excerpt --><\/p>\n","protected":false},"author":17,"featured_media":77036,"comment_status":"closed","ping_status":"closed","sticky":false,"template":"","format":"standard","meta":{"_monsterinsights_skip_tracking":false,"_monsterinsights_sitenote_active":false,"_monsterinsights_sitenote_note":"","_monsterinsights_sitenote_category":0,"_uf_show_specific_survey":0,"_uf_disable_surveys":false,"footnotes":""},"categories":[1390],"tags":[3408,3465,4624,4627,4626,4625],"class_list":["post-77035","post","type-post","status-publish","format-standard","has-post-thumbnail","hentry","category-editorias","tag-isolamento-social","tag-lockdown","tag-miguel-nicolelis","tag-suporte-financeiro-para-a-populacao","tag-teto-de-gastos","tag-verbas-do-sus"],"acf":[],"_links":{"self":[{"href":"https:\/\/pdt-rj.org.br\/index.php\/wp-json\/wp\/v2\/posts\/77035","targetHints":{"allow":["GET"]}}],"collection":[{"href":"https:\/\/pdt-rj.org.br\/index.php\/wp-json\/wp\/v2\/posts"}],"about":[{"href":"https:\/\/pdt-rj.org.br\/index.php\/wp-json\/wp\/v2\/types\/post"}],"author":[{"embeddable":true,"href":"https:\/\/pdt-rj.org.br\/index.php\/wp-json\/wp\/v2\/users\/17"}],"replies":[{"embeddable":true,"href":"https:\/\/pdt-rj.org.br\/index.php\/wp-json\/wp\/v2\/comments?post=77035"}],"version-history":[{"count":2,"href":"https:\/\/pdt-rj.org.br\/index.php\/wp-json\/wp\/v2\/posts\/77035\/revisions"}],"predecessor-version":[{"id":77038,"href":"https:\/\/pdt-rj.org.br\/index.php\/wp-json\/wp\/v2\/posts\/77035\/revisions\/77038"}],"wp:featuredmedia":[{"embeddable":true,"href":"https:\/\/pdt-rj.org.br\/index.php\/wp-json\/wp\/v2\/media\/77036"}],"wp:attachment":[{"href":"https:\/\/pdt-rj.org.br\/index.php\/wp-json\/wp\/v2\/media?parent=77035"}],"wp:term":[{"taxonomy":"category","embeddable":true,"href":"https:\/\/pdt-rj.org.br\/index.php\/wp-json\/wp\/v2\/categories?post=77035"},{"taxonomy":"post_tag","embeddable":true,"href":"https:\/\/pdt-rj.org.br\/index.php\/wp-json\/wp\/v2\/tags?post=77035"}],"curies":[{"name":"wp","href":"https:\/\/api.w.org\/{rel}","templated":true}]}}