{"id":77031,"date":"2021-03-26T19:15:14","date_gmt":"2021-03-26T22:15:14","guid":{"rendered":"http:\/\/pdt-rj.org.br\/?p=77031"},"modified":"2021-04-02T03:35:28","modified_gmt":"2021-04-02T06:35:28","slug":"pdt-cobra-instalacao-da-cpi-da-covid-19-para-investigar-governo-bolsonaro","status":"publish","type":"post","link":"https:\/\/pdt-rj.org.br\/index.php\/pdt-cobra-instalacao-da-cpi-da-covid-19-para-investigar-governo-bolsonaro\/","title":{"rendered":"PDT cobra instala\u00e7\u00e3o da CPI da Covid-19 para investigar governo Bolsonaro"},"content":{"rendered":"<p class=\"yiv9018033291MsoNormal\"><em><b>Com apoio da bancada do partido, comiss\u00e3o do Senado poder\u00e1 investigar erros e omiss\u00f5es na pandemia<\/b><\/em><\/p>\n<p class=\"yiv9018033291MsoNormal\">O presidente nacional do PDT, Carlos Lupi, liderou a participa\u00e7\u00e3o do partido no ato virtual pela instala\u00e7\u00e3o da CPI da Covid-19 no Senado Federal. O evento foi promovido pelo \u2018Direitos J\u00e1! F\u00f3rum pela Democracia\u2019, nessa sexta-feira (26), e mobilizou representantes do parlamento, da sociedade civil, de entidades de classe e do terceiro setor.<\/p>\n<p class=\"yiv9018033291MsoNormal\">Considerando a urg\u00eancia da medida, que teve o pedido de requerimento assinado pelos senadores pedetistas Weverton Rocha, Cid Gomes e Acir Gurgacz, Lupi mencionou a s\u00e9rie de crimes promovidos pelo presidente da Rep\u00fablica, principalmente contra a sa\u00fade p\u00fablica, e ratificou a import\u00e2ncia da ampla investiga\u00e7\u00e3o.<\/p>\n<p class=\"yiv9018033291MsoNormal\">Ao analisar a evolu\u00e7\u00e3o da crise brasileira, Lupi indicou ainda que a movimenta\u00e7\u00e3o de diversos setores da sociedade simboliza tamb\u00e9m o caminho para interdi\u00e7\u00e3o, afastamento e impeachment de Bolsonaro. Na C\u00e2mara, o PDT foi o primeiro partido a protocolar um pedido para destitui\u00e7\u00e3o do presidente.<\/p>\n<p class=\"yiv9018033291MsoNormal\">\u201c\u00c9 muito duro assistir o que est\u00e1 acontecendo no Brasil com crime de responsabilidade direto do s\u00f3cio do assassinato de 301 mil pessoas [por Covid]: o atual presidente da Rep\u00fablica, que eu chamo de profeta da ignor\u00e2ncia, Jair Bolsonaro\u201d, disse Lupi, que tamb\u00e9m \u00e9 vice-presidente da Internacional Socialista, ao completar: \u201cMobilizar a sociedade para que essa CPI da Covid saia logo para poder responsabilizar o governo, Bolsonaro e seu ministro pelos crimes cometidos.\u201d<\/p>\n<p class=\"yiv9018033291MsoNormal\">Sobre o uso indevido da m\u00e1quina estatal para perseguir opositores via Lei de Seguran\u00e7a Nacional, como nos casos do Ciro e do youtuber Felipe Neto, o presidente da sigla ratificou o apoio contra o bolsonarismo e em prol dos defensores da democracia e da ci\u00eancia.<\/p>\n<p class=\"yiv9018033291MsoNormal\">\u201cVoc\u00ea [Bolsonaro] \u00e9 um genocida. Nos processe, porque vamos provar nos ambientes do mundo o genocida que voc\u00ea \u00e9. Basta de ignor\u00e2ncia, basta de morte\u201d, afirmou, desqualificando a estrat\u00e9gia do presidente para se eximir dos erros.<\/p>\n<p class=\"yiv9018033291MsoNormal\"><strong>Unidade<\/strong><\/p>\n<p class=\"yiv9018033291MsoNormal\">O deputado federal Andr\u00e9 Figueiredo (PDT-CE) destacou os desvios de conduta de Bolsonaro, a falta de oxig\u00eanio em Manaus e a demora na vacina\u00e7\u00e3o como exemplos que refor\u00e7am a a\u00e7\u00e3o legislativa.<\/p>\n<p class=\"yiv9018033291MsoNormal\">\u201cA instala\u00e7\u00e3o de uma CPI para verificarmos tudo o que foi de nefasto e criminoso feito pelo governo federal, em rela\u00e7\u00e3o \u00e0 pandemia, \u00e9 algo emergencial\u201d, garantiu, ao acrescentar: \u201cPrecisamos, com certeza, fazer com o que o Brasil, atrav\u00e9s do Congresso Nacional, possa fiscalizar e ver qu\u00e3o irrespons\u00e1vel foi o governo federal na condu\u00e7\u00e3o dessa pandemia.\u201d<\/p>\n<p class=\"yiv9018033291MsoNormal\">O sindicalista e presidente do PDT na capital paulista, Antonio Neto, colocou a atua\u00e7\u00e3o do Congresso como determinante para enfrentamento da crise sanit\u00e1ria propagada pela gest\u00e3o bolsonarista.<\/p>\n<p class=\"yiv9018033291MsoNormal\">\u201cA partir dessa CPI, n\u00f3s possamos responsabilizar esse governo genocida, incompetente e, acima de tudo, anti-povo brasileiro\u201d, concluiu.<\/p>\n<p class=\"yiv9018033291MsoNormal\">Para assistir o ato, clique\u00a0<a href=\"https:\/\/www.facebook.com\/LupiPDT\/videos\/1266658440403011\" target=\"_blank\" rel=\"nofollow noopener noreferrer\">aqui<\/a>.<\/p>\n<!-- AddThis Advanced Settings generic via filter on the_content --><!-- AddThis Share Buttons generic via filter on the_content -->","protected":false},"excerpt":{"rendered":"<p>Com apoio da bancada do partido, comiss\u00e3o do Senado poder\u00e1 investigar erros e omiss\u00f5es na pandemia O presidente nacional do PDT, Carlos Lupi, liderou a participa\u00e7\u00e3o do partido no ato virtual pela instala\u00e7\u00e3o da CPI da Covid-19 no Senado Federal. O evento foi promovido pelo \u2018Direitos J\u00e1! F\u00f3rum pela Democracia\u2019, nessa sexta-feira (26), e mobilizou&#8230;<!-- AddThis Advanced Settings generic via filter on wp_trim_excerpt --><!-- AddThis Share Buttons generic via filter on wp_trim_excerpt --><\/p>\n","protected":false},"author":17,"featured_media":77032,"comment_status":"closed","ping_status":"closed","sticky":false,"template":"","format":"standard","meta":{"_monsterinsights_skip_tracking":false,"_monsterinsights_sitenote_active":false,"_monsterinsights_sitenote_note":"","_monsterinsights_sitenote_category":0,"_uf_show_specific_survey":0,"_uf_disable_surveys":false,"footnotes":""},"categories":[1390,976],"tags":[],"class_list":["post-77031","post","type-post","status-publish","format-standard","has-post-thumbnail","hentry","category-editorias","category-noticias-em-destaque"],"acf":[],"_links":{"self":[{"href":"https:\/\/pdt-rj.org.br\/index.php\/wp-json\/wp\/v2\/posts\/77031","targetHints":{"allow":["GET"]}}],"collection":[{"href":"https:\/\/pdt-rj.org.br\/index.php\/wp-json\/wp\/v2\/posts"}],"about":[{"href":"https:\/\/pdt-rj.org.br\/index.php\/wp-json\/wp\/v2\/types\/post"}],"author":[{"embeddable":true,"href":"https:\/\/pdt-rj.org.br\/index.php\/wp-json\/wp\/v2\/users\/17"}],"replies":[{"embeddable":true,"href":"https:\/\/pdt-rj.org.br\/index.php\/wp-json\/wp\/v2\/comments?post=77031"}],"version-history":[{"count":2,"href":"https:\/\/pdt-rj.org.br\/index.php\/wp-json\/wp\/v2\/posts\/77031\/revisions"}],"predecessor-version":[{"id":77034,"href":"https:\/\/pdt-rj.org.br\/index.php\/wp-json\/wp\/v2\/posts\/77031\/revisions\/77034"}],"wp:featuredmedia":[{"embeddable":true,"href":"https:\/\/pdt-rj.org.br\/index.php\/wp-json\/wp\/v2\/media\/77032"}],"wp:attachment":[{"href":"https:\/\/pdt-rj.org.br\/index.php\/wp-json\/wp\/v2\/media?parent=77031"}],"wp:term":[{"taxonomy":"category","embeddable":true,"href":"https:\/\/pdt-rj.org.br\/index.php\/wp-json\/wp\/v2\/categories?post=77031"},{"taxonomy":"post_tag","embeddable":true,"href":"https:\/\/pdt-rj.org.br\/index.php\/wp-json\/wp\/v2\/tags?post=77031"}],"curies":[{"name":"wp","href":"https:\/\/api.w.org\/{rel}","templated":true}]}}