{"id":77022,"date":"2021-03-25T18:06:08","date_gmt":"2021-03-25T21:06:08","guid":{"rendered":"http:\/\/pdt-rj.org.br\/?p=77022"},"modified":"2021-03-30T18:36:46","modified_gmt":"2021-03-30T21:36:46","slug":"pdt-lanca-plataforma-denuncia-ja-para-reunir-acusacoes-contra-bolsonaro","status":"publish","type":"post","link":"https:\/\/pdt-rj.org.br\/index.php\/pdt-lanca-plataforma-denuncia-ja-para-reunir-acusacoes-contra-bolsonaro\/","title":{"rendered":"PDT lan\u00e7a plataforma \u201cDen\u00fancia J\u00e1\u201d para reunir acusa\u00e7\u00f5es contra Bolsonaro"},"content":{"rendered":"<div class=\"msg-body P_wpofO mq_AS\" data-test-id=\"message-view-body-content\">\n<div class=\"jb_0 X_6MGW N_6Fd5\">\n<div id=\"yiv2016977054\">\n<div dir=\"ltr\">\n<p class=\"yiv2016977054MsoNormal\"><em><b>P\u00fablico poder\u00e1 informar ainda poss\u00edveis irregularidades praticadas por membros da fam\u00edlia e do governo<\/b><\/em><\/p>\n<p class=\"yiv2016977054MsoNormal\">O PDT lan\u00e7ou a plataforma \u201cDen\u00fancia J\u00e1\u201d\u00a0em seu\u00a0<a href=\"http:\/\/pdt-rj.org.br\/\" target=\"_blank\" rel=\"nofollow noopener noreferrer\">site<\/a>\u00a0nacional, . A iniciativa busca reunir e analisar informa\u00e7\u00f5es de poss\u00edveis crimes praticados pelo presidente da Rep\u00fablica, Jair Bolsonaro, bem como por membros da sua fam\u00edlia e do governo federal.<\/p>\n<p class=\"yiv2016977054MsoNormal\">\u201cO PDT vai investigar e entrar em contato com a Justi\u00e7a ou a autoridade respons\u00e1vel. Vamos juntos, construir um futuro com transpar\u00eancia e \u00e9tica no Brasil!\u201d, descreve a sigla no cabe\u00e7alho do formul\u00e1rio, ao garantir o total sigilo.<\/p>\n<p class=\"yiv2016977054MsoNormal\">Anunciada pelo presidente nacional do partido, Carlos Lupi, durante a edi\u00e7\u00e3o do programa \u201cCaf\u00e9 com Lupi\u201d no \u00faltimo s\u00e1bado (20), a ferramenta disponibiliza campos para contato e encaminhamento de provas. Ao final, ainda \u00e9 poss\u00edvel anexar at\u00e9 10 arquivos.<\/p>\n<p class=\"yiv2016977054MsoNormal\">\u201cDenunciem tudo o que voc\u00eas tiverem com prova, com documento, com ind\u00edcio de corrup\u00e7\u00e3o de Bolsonaro, da fam\u00edlia Bolsonaro, do governo Bolsonaro. O Ciro n\u00e3o vai ficar sozinho. Vamos todos juntos no mesmo barco\u201d, conclamou Lupi, ao condenar o processo do chefe do Executivo contra o vice-presidente nacional do PDT, via Minist\u00e9rio da Justi\u00e7a e Seguran\u00e7a P\u00fablica, por t\u00ea-lo chamado de \u201cladr\u00e3o\u201d em entrevista.<\/p>\n<p class=\"yiv2016977054MsoNormal\">Para acessar diretamente a plataforma, clique\u00a0<a href=\"https:\/\/docs.google.com\/forms\/d\/e\/1FAIpQLSebJSseb2rixZaxO0bP3oU08zmo4pa3vspEEUkzA9IKbF5NhA\/viewform\" target=\"_blank\" rel=\"nofollow noopener noreferrer\">aqui<\/a>.<\/p>\n<\/div>\n<\/div>\n<\/div>\n<\/div>\n<!-- AddThis Advanced Settings generic via filter on the_content --><!-- AddThis Share Buttons generic via filter on the_content -->","protected":false},"excerpt":{"rendered":"<p>P\u00fablico poder\u00e1 informar ainda poss\u00edveis irregularidades praticadas por membros da fam\u00edlia e do governo O PDT lan\u00e7ou a plataforma \u201cDen\u00fancia J\u00e1\u201d\u00a0em seu\u00a0site\u00a0nacional, . A iniciativa busca reunir e analisar informa\u00e7\u00f5es de poss\u00edveis crimes praticados pelo presidente da Rep\u00fablica, Jair Bolsonaro, bem como por membros da sua fam\u00edlia e do governo federal. \u201cO PDT vai investigar&#8230;<!-- AddThis Advanced Settings generic via filter on wp_trim_excerpt --><!-- AddThis Share Buttons generic via filter on wp_trim_excerpt --><\/p>\n","protected":false},"author":17,"featured_media":77023,"comment_status":"closed","ping_status":"closed","sticky":false,"template":"","format":"standard","meta":{"_monsterinsights_skip_tracking":false,"_monsterinsights_sitenote_active":false,"_monsterinsights_sitenote_note":"","_monsterinsights_sitenote_category":0,"_uf_show_specific_survey":0,"_uf_disable_surveys":false,"footnotes":""},"categories":[1390,1401,976],"tags":[3695,196,4620,38],"class_list":["post-77022","post","type-post","status-publish","format-standard","has-post-thumbnail","hentry","category-editorias","category-nacional","category-noticias-em-destaque","tag-cafe-com-lupi","tag-carlos-lupi","tag-denuncia-ja","tag-pdt"],"acf":[],"_links":{"self":[{"href":"https:\/\/pdt-rj.org.br\/index.php\/wp-json\/wp\/v2\/posts\/77022","targetHints":{"allow":["GET"]}}],"collection":[{"href":"https:\/\/pdt-rj.org.br\/index.php\/wp-json\/wp\/v2\/posts"}],"about":[{"href":"https:\/\/pdt-rj.org.br\/index.php\/wp-json\/wp\/v2\/types\/post"}],"author":[{"embeddable":true,"href":"https:\/\/pdt-rj.org.br\/index.php\/wp-json\/wp\/v2\/users\/17"}],"replies":[{"embeddable":true,"href":"https:\/\/pdt-rj.org.br\/index.php\/wp-json\/wp\/v2\/comments?post=77022"}],"version-history":[{"count":2,"href":"https:\/\/pdt-rj.org.br\/index.php\/wp-json\/wp\/v2\/posts\/77022\/revisions"}],"predecessor-version":[{"id":77025,"href":"https:\/\/pdt-rj.org.br\/index.php\/wp-json\/wp\/v2\/posts\/77022\/revisions\/77025"}],"wp:featuredmedia":[{"embeddable":true,"href":"https:\/\/pdt-rj.org.br\/index.php\/wp-json\/wp\/v2\/media\/77023"}],"wp:attachment":[{"href":"https:\/\/pdt-rj.org.br\/index.php\/wp-json\/wp\/v2\/media?parent=77022"}],"wp:term":[{"taxonomy":"category","embeddable":true,"href":"https:\/\/pdt-rj.org.br\/index.php\/wp-json\/wp\/v2\/categories?post=77022"},{"taxonomy":"post_tag","embeddable":true,"href":"https:\/\/pdt-rj.org.br\/index.php\/wp-json\/wp\/v2\/tags?post=77022"}],"curies":[{"name":"wp","href":"https:\/\/api.w.org\/{rel}","templated":true}]}}