{"id":76982,"date":"2021-03-24T22:49:45","date_gmt":"2021-03-25T01:49:45","guid":{"rendered":"http:\/\/pdt-rj.org.br\/?p=76982"},"modified":"2021-03-26T20:03:11","modified_gmt":"2021-03-26T23:03:11","slug":"com-comite-anti-covid-ciro-diz-que-base-de-bolsonaro-tenta-interdicao-politica","status":"publish","type":"post","link":"https:\/\/pdt-rj.org.br\/index.php\/com-comite-anti-covid-ciro-diz-que-base-de-bolsonaro-tenta-interdicao-politica\/","title":{"rendered":"Com comit\u00ea anti-Covid, Ciro diz que base de Bolsonaro tenta interdi\u00e7\u00e3o pol\u00edtica"},"content":{"rendered":"<div class=\"msg-body P_wpofO mq_AS\" data-test-id=\"message-view-body-content\">\n<div class=\"jb_0 X_6MGW N_6Fd5\">\n<div id=\"yiv9814724821\">\n<div dir=\"ltr\">\n<p class=\"yiv9814724821MsoNormal\"><em><b>\u201cEst\u00e1 na antessala de cair porque \u00e9 um genocida\u201d, garante o presidenci\u00e1vel pelo PDT<\/b><\/em><\/p>\n<p class=\"yiv9814724821gmail-MsoNoSpacing\">A cria\u00e7\u00e3o do comit\u00ea anti-Covid pelo governo federal, nessa quarta-feira (24), foi classificada por Ciro Gomes, do PDT, como uma a\u00e7\u00e3o emergencial de aliados do presidente da Rep\u00fablica diante da crise nacional e do poss\u00edvel impeachment. \u201cA base do Bolsonaro sentiu e resolveu tentar interdit\u00e1-lo\u201d, afirmou o ex-governador do Cear\u00e1 e presidenci\u00e1vel, em 2022, durante entrevista para Jos\u00e9 Luiz Datena, na R\u00e1dio Bandeirantes.<\/p>\n<p class=\"yiv9814724821gmail-MsoNoSpacing\">\u201cEssa reuni\u00e3o \u00e9 importante, sim, muito. Mas disso a\u00ed n\u00e3o vai sair nada. J\u00e1 vi esse filme na v\u00e9spera do Collor e da Dilma cair. Bolsonaro est\u00e1 na antessala de cair porque \u00e9 um genocida, assassino, irrespons\u00e1vel e incompetente\u201d, comentou, ao completar: \u201cEst\u00e3o sabendo que a coisa degringolou mesmo. Chegou no limite.\u201d<\/p>\n<p class=\"yiv9814724821gmail-MsoNoSpacing\">A inoper\u00e2ncia da iniciativa foi sustentada por Ciro ao mencionar a aus\u00eancia de representantes que n\u00e3o compactuam com as ideias e a\u00e7\u00f5es bolsonaristas.<\/p>\n<p class=\"yiv9814724821gmail-MsoNoSpacing\">\u201cOs governadores n\u00e3o foram chamados para essa reuni\u00e3o, isso \u00e9 mentira. Ele s\u00f3 chamou os mais simp\u00e1ticos a ele. Jo\u00e3o Doria (SP) e Camilo Santana (CE), por exemplo, n\u00e3o estiveram. Ele n\u00e3o est\u00e1 interessado em abrir um di\u00e1logo. Isso \u00e9 s\u00f3 politicagem\u201d, condenou.<\/p>\n<p class=\"yiv9814724821gmail-MsoNoSpacing\"><strong>Mudan\u00e7as<\/strong><\/p>\n<p class=\"yiv9814724821gmail-MsoNoSpacing\">Ao cobrar unidade em prol da vacina\u00e7\u00e3o em massa e do <em>lockdown<\/em> ordenado, bem como o desest\u00edmulo ao tratamento precoce contra o coronav\u00edrus, o pedetista apontou trocas representativas para a reconstru\u00e7\u00e3o da decisiva diplomacia.<\/p>\n<p class=\"yiv9814724821gmail-MsoNoSpacing\">\u00a0\u201cPrimeiro, \u00e9 preciso unificar claramente o discurso de que s\u00f3 a vacina salva e encerrar o grande erro de prescrever rem\u00e9dio como um charlat\u00e3o. Bolsonaro ainda fala em tratamento precoce. Isso n\u00e3o existe\u201d, comentou.<\/p>\n<p class=\"yiv9814724821gmail-MsoNoSpacing\">\u201cAgora, o Brasil n\u00e3o tem vacina. Para que ela chegue, precisamos da comunidade internacional. Portanto, amanh\u00e3 esse comit\u00ea anti-covid tem que pedir ao presidente que demita o canalha que ocupa o Minist\u00e9rio das Rela\u00e7\u00f5es Exteriores e o canalha que ocupa o Minist\u00e9rio do Meio Ambiente, que est\u00e3o prejudicando o pa\u00eds muito gravemente. Assim a comunidade internacional pode assumir um compromisso e nos tirar do \u00faltimo lugar da fila\u201d, acrescentou.<\/p>\n<p class=\"yiv9814724821gmail-MsoNoSpacing\">Sobre o distanciamento social, Ciro indicou ainda que quanto mais radical, mais breve ser\u00e1 o per\u00edodo demandado. Mas, segundo ele, as interven\u00e7\u00f5es p\u00fablicas precisam conter programas efetivos de transfer\u00eancia de renda.<\/p>\n<p class=\"yiv9814724821gmail-MsoNoSpacing\">\u201cDesculpa, sei que isso n\u00e3o \u00e9 bom para ningu\u00e9m. Chega a ser cruel pedir para um desempregado ou aut\u00f4nomo para que fique em casa. Ele vai comer como? (&#8230;) O socorro que o governo assinou \u00e9 de R$ 150. Pode chegar a R$ 375 para uma m\u00e3e com v\u00e1rios filhos. Ora, abril vai ser o pior m\u00eas da pandemia. N\u00f3s sabemos das coisas\u201d, relatou, ao defender R$ 600 para cada fam\u00edlia sobreviver at\u00e9 termos 80% da imuniza\u00e7\u00e3o.<\/p>\n<p class=\"yiv9814724821MsoNormal\">Assista:\u00a0<a href=\"https:\/\/www.youtube.com\/watch?v=tQtZTBsDWGg\" target=\"_blank\" rel=\"nofollow noopener noreferrer\">https:\/\/www.youtube.com\/watch?v=tQtZTBsDWGg<\/a><\/p>\n<\/div>\n<\/div>\n<\/div>\n<\/div>\n<!-- AddThis Advanced Settings generic via filter on the_content --><!-- AddThis Share Buttons generic via filter on the_content -->","protected":false},"excerpt":{"rendered":"<p>\u201cEst\u00e1 na antessala de cair porque \u00e9 um genocida\u201d, garante o presidenci\u00e1vel pelo PDT A cria\u00e7\u00e3o do comit\u00ea anti-Covid pelo governo federal, nessa quarta-feira (24), foi classificada por Ciro Gomes, do PDT, como uma a\u00e7\u00e3o emergencial de aliados do presidente da Rep\u00fablica diante da crise nacional e do poss\u00edvel impeachment. \u201cA base do Bolsonaro sentiu&#8230;<!-- AddThis Advanced Settings generic via filter on wp_trim_excerpt --><!-- AddThis Share Buttons generic via filter on wp_trim_excerpt --><\/p>\n","protected":false},"author":17,"featured_media":76983,"comment_status":"closed","ping_status":"closed","sticky":false,"template":"","format":"standard","meta":{"_monsterinsights_skip_tracking":false,"_monsterinsights_sitenote_active":false,"_monsterinsights_sitenote_note":"","_monsterinsights_sitenote_category":0,"_uf_show_specific_survey":0,"_uf_disable_surveys":false,"footnotes":""},"categories":[1390,976],"tags":[],"class_list":["post-76982","post","type-post","status-publish","format-standard","has-post-thumbnail","hentry","category-editorias","category-noticias-em-destaque"],"acf":[],"_links":{"self":[{"href":"https:\/\/pdt-rj.org.br\/index.php\/wp-json\/wp\/v2\/posts\/76982","targetHints":{"allow":["GET"]}}],"collection":[{"href":"https:\/\/pdt-rj.org.br\/index.php\/wp-json\/wp\/v2\/posts"}],"about":[{"href":"https:\/\/pdt-rj.org.br\/index.php\/wp-json\/wp\/v2\/types\/post"}],"author":[{"embeddable":true,"href":"https:\/\/pdt-rj.org.br\/index.php\/wp-json\/wp\/v2\/users\/17"}],"replies":[{"embeddable":true,"href":"https:\/\/pdt-rj.org.br\/index.php\/wp-json\/wp\/v2\/comments?post=76982"}],"version-history":[{"count":3,"href":"https:\/\/pdt-rj.org.br\/index.php\/wp-json\/wp\/v2\/posts\/76982\/revisions"}],"predecessor-version":[{"id":77046,"href":"https:\/\/pdt-rj.org.br\/index.php\/wp-json\/wp\/v2\/posts\/76982\/revisions\/77046"}],"wp:featuredmedia":[{"embeddable":true,"href":"https:\/\/pdt-rj.org.br\/index.php\/wp-json\/wp\/v2\/media\/76983"}],"wp:attachment":[{"href":"https:\/\/pdt-rj.org.br\/index.php\/wp-json\/wp\/v2\/media?parent=76982"}],"wp:term":[{"taxonomy":"category","embeddable":true,"href":"https:\/\/pdt-rj.org.br\/index.php\/wp-json\/wp\/v2\/categories?post=76982"},{"taxonomy":"post_tag","embeddable":true,"href":"https:\/\/pdt-rj.org.br\/index.php\/wp-json\/wp\/v2\/tags?post=76982"}],"curies":[{"name":"wp","href":"https:\/\/api.w.org\/{rel}","templated":true}]}}