{"id":76972,"date":"2021-03-23T18:36:10","date_gmt":"2021-03-23T21:36:10","guid":{"rendered":"http:\/\/pdt-rj.org.br\/?p=76972"},"modified":"2021-03-26T19:35:27","modified_gmt":"2021-03-26T22:35:27","slug":"pdt-denuncia-bolsonaro-no-stf-por-uso-do-estado-para-reprimir-oposicao","status":"publish","type":"post","link":"https:\/\/pdt-rj.org.br\/index.php\/pdt-denuncia-bolsonaro-no-stf-por-uso-do-estado-para-reprimir-oposicao\/","title":{"rendered":"PDT denuncia Bolsonaro no STF por uso do Estado para reprimir oposi\u00e7\u00e3o"},"content":{"rendered":"<p class=\"yiv6723515127MsoNormal\"><em><b>Not\u00edcia-crime registrada por Carlos Lupi e Ciro Gomes cita ainda o ministro da Justi\u00e7a, Andr\u00e9 Mendon\u00e7a<\/b><\/em><\/p>\n<p class=\"yiv6723515127MsoNormal\">O PDT apresentou uma not\u00edcia-crime no Supremo Tribunal Federal (STF),\u00a0 nesta ter\u00e7a-feira (23), contra o presidente da Rep\u00fablica, Jair Bolsonaro, e o ministro da Justi\u00e7a e Seguran\u00e7a P\u00fablica, Andr\u00e9 Mendon\u00e7a, por uso do Estado para reprimir e enfraquecer a oposi\u00e7\u00e3o ao governo federal.<\/p>\n<p class=\"yiv6723515127MsoNormal\">Impetrada pelos presidente e vice-presidentes nacionais do partido, Carlos Lupi e Ciro Gomes, respectivamente, a den\u00fancia exp\u00f5e a pr\u00e1tica dos crimes de responsabilidade e de advocacia administrativa, que \u00e9 o uso dos cargos para interesses privados.<\/p>\n<p class=\"yiv6723515127MsoNormal\">Em evid\u00eancia, a sistem\u00e1tica utiliza\u00e7\u00e3o de institui\u00e7\u00f5es e agentes p\u00fablicos para vigil\u00e2ncias indevidas e \u201cintensos ataques \u00e0 liberdade de express\u00e3o e \u00e0 manifesta\u00e7\u00e3o de pensamento\u201d.<\/p>\n<p class=\"yiv6723515127MsoNormal\">Como exemplos, a instaura\u00e7\u00e3o, nos \u00faltimos meses, de diversos procedimentos policiais contra cidad\u00e3os, incluindo o pr\u00f3prio Ciro, que expuseram opini\u00f5es contr\u00e1rias ao presidente. Em 2020, tamb\u00e9m \u00e9 citada a investiga\u00e7\u00e3o sigilosa sobre um grupo de 579 servidores federais e estaduais, incluindo professores universit\u00e1rios.<\/p>\n<p class=\"yiv6723515127MsoNormal\">\u201cA finalidade de monitoramentos irrestritos e carentes de motiva\u00e7\u00e3o n\u00e3o \u00e9 outra sen\u00e3o a de emparedar cidad\u00e3os que expressem dissenso em face das condutas perpetradas pelo governo federal\u201d, detalha o texto.<\/p>\n<p class=\"yiv6723515127MsoNormal\">Portanto, segundo os pedetistas, a c\u00fapula bolsonarista tenta reiteradamente formatar uma administra\u00e7\u00e3o baseada em condutas antidemocr\u00e1ticas.<\/p>\n<p class=\"yiv6723515127MsoNormal\">\u201cO governo federal milita em desfavor da propaga\u00e7\u00e3o de ideias livres e da manifesta\u00e7\u00e3o de pensamento dos indiv\u00edduos. H\u00e1, nessa esteira, indevida interven\u00e7\u00e3o estatal sobre as liberdades p\u00fablicas\u201d, descreve o texto, ao finalizar com o pedido de remessa dos autos \u00e0 Procuradoria-Geral da Rep\u00fablica (PGR).<\/p>\n<p>Confira a \u00edntegra da not\u00edcia-crime\u00a0<a href=\"http:\/\/pdt-rj.org.br\/wp-content\/uploads\/2021\/03\/PETICAO-INICIAL.pdf\"><b>aqui<\/b><\/a>.<\/p>\n<!-- AddThis Advanced Settings generic via filter on the_content --><!-- AddThis Share Buttons generic via filter on the_content -->","protected":false},"excerpt":{"rendered":"<p>Not\u00edcia-crime registrada por Carlos Lupi e Ciro Gomes cita ainda o ministro da Justi\u00e7a, Andr\u00e9 Mendon\u00e7a O PDT apresentou uma not\u00edcia-crime no Supremo Tribunal Federal (STF),\u00a0 nesta ter\u00e7a-feira (23), contra o presidente da Rep\u00fablica, Jair Bolsonaro, e o ministro da Justi\u00e7a e Seguran\u00e7a P\u00fablica, Andr\u00e9 Mendon\u00e7a, por uso do Estado para reprimir e enfraquecer a&#8230;<!-- AddThis Advanced Settings generic via filter on wp_trim_excerpt --><!-- AddThis Share Buttons generic via filter on wp_trim_excerpt --><\/p>\n","protected":false},"author":17,"featured_media":76973,"comment_status":"closed","ping_status":"closed","sticky":false,"template":"","format":"standard","meta":{"_monsterinsights_skip_tracking":false,"_monsterinsights_sitenote_active":false,"_monsterinsights_sitenote_note":"","_monsterinsights_sitenote_category":0,"_uf_show_specific_survey":0,"_uf_disable_surveys":false,"footnotes":""},"categories":[975,976],"tags":[196,220,3490,3595],"class_list":["post-76972","post","type-post","status-publish","format-standard","has-post-thumbnail","hentry","category-manchete","category-noticias-em-destaque","tag-carlos-lupi","tag-ciro-gomes","tag-noticia-crime","tag-procuradoria-geral-da-republica"],"acf":[],"_links":{"self":[{"href":"https:\/\/pdt-rj.org.br\/index.php\/wp-json\/wp\/v2\/posts\/76972","targetHints":{"allow":["GET"]}}],"collection":[{"href":"https:\/\/pdt-rj.org.br\/index.php\/wp-json\/wp\/v2\/posts"}],"about":[{"href":"https:\/\/pdt-rj.org.br\/index.php\/wp-json\/wp\/v2\/types\/post"}],"author":[{"embeddable":true,"href":"https:\/\/pdt-rj.org.br\/index.php\/wp-json\/wp\/v2\/users\/17"}],"replies":[{"embeddable":true,"href":"https:\/\/pdt-rj.org.br\/index.php\/wp-json\/wp\/v2\/comments?post=76972"}],"version-history":[{"count":4,"href":"https:\/\/pdt-rj.org.br\/index.php\/wp-json\/wp\/v2\/posts\/76972\/revisions"}],"predecessor-version":[{"id":77039,"href":"https:\/\/pdt-rj.org.br\/index.php\/wp-json\/wp\/v2\/posts\/76972\/revisions\/77039"}],"wp:featuredmedia":[{"embeddable":true,"href":"https:\/\/pdt-rj.org.br\/index.php\/wp-json\/wp\/v2\/media\/76973"}],"wp:attachment":[{"href":"https:\/\/pdt-rj.org.br\/index.php\/wp-json\/wp\/v2\/media?parent=76972"}],"wp:term":[{"taxonomy":"category","embeddable":true,"href":"https:\/\/pdt-rj.org.br\/index.php\/wp-json\/wp\/v2\/categories?post=76972"},{"taxonomy":"post_tag","embeddable":true,"href":"https:\/\/pdt-rj.org.br\/index.php\/wp-json\/wp\/v2\/tags?post=76972"}],"curies":[{"name":"wp","href":"https:\/\/api.w.org\/{rel}","templated":true}]}}