{"id":76950,"date":"2021-03-22T17:31:39","date_gmt":"2021-03-22T20:31:39","guid":{"rendered":"http:\/\/pdt-rj.org.br\/?p=76950"},"modified":"2021-03-22T17:31:51","modified_gmt":"2021-03-22T20:31:51","slug":"ciro-expoe-deterioracao-do-brasil-com-bolsonaro-esta-indo-para-o-spc","status":"publish","type":"post","link":"https:\/\/pdt-rj.org.br\/index.php\/ciro-expoe-deterioracao-do-brasil-com-bolsonaro-esta-indo-para-o-spc\/","title":{"rendered":"Ciro exp\u00f5e deteriora\u00e7\u00e3o do Brasil com Bolsonaro: \u201cEst\u00e1 indo para o SPC\u201d"},"content":{"rendered":"<p class=\"yiv0811593138MsoNormal\"><em><b>O ex-ministro da Fazenda analisou a atual conjuntura econ\u00f4mica para listar os erros do governo federal<\/b><\/em><\/p>\n<p class=\"yiv0811593138MsoNormal\">O pr\u00e9-candidato a presidente da Rep\u00fablica pelo PDT, Ciro Gomes, considerou a conjuntura econ\u00f4mica brasileira para indicar nessa segunda-feira (22), em entrevista ao economista Eduardo Moreira, a iminente consolida\u00e7\u00e3o do cen\u00e1rio de \u201cterra arrasada\u201d em que o governo Bolsonaro colocou o pa\u00eds.<\/p>\n<p class=\"yiv0811593138MsoNormal\">\u201cO Estado brasileiro est\u00e1 indo para o SPC\u201d, alertou o ex-ministro da Fazenda, ao utilizar uma met\u00e1fora com o servi\u00e7o de prote\u00e7\u00e3o ao cr\u00e9dito para traduzir o endividamento p\u00fablico e o impacto sobre as camadas mais populares.<\/p>\n<p class=\"yiv0811593138MsoNormal\">\u201cN\u00f3s estamos com uma d\u00edvida p\u00fablica e acelerando o valor dela. \u00c0s vezes, o povo pensa que \u00e9 o governo, mas n\u00e3o \u00e9. Ela \u00e9 um pedacinho para cada um de n\u00f3s. Como os ricos sabem como ganhar com isso, fica, na verdade, o peda\u00e7\u00e3o inteiro para os pobres e para a classe m\u00e9dia\u201d, comentou.<\/p>\n<p class=\"yiv0811593138MsoNormal\">Para o pedetista, o discurso do governo federal para disfar\u00e7ar a incompet\u00eancia dos gestores \u00e9 reiteradamente replicado para a opini\u00e3o p\u00fablica. Com uma roupagem ideol\u00f3gica, os bolsonarista tentam terceirizar a culpabilidade agregada.<\/p>\n<p class=\"yiv0811593138MsoNormal\">\u201cQuando a economia come\u00e7a a adoecer, o sintoma, a febre mais clara de ser vista, \u00e9 a desvaloriza\u00e7\u00e3o da moeda\u201d, explicou, ao acrescentar: \u201cBrasileiros, o d\u00f3lar est\u00e1 perdendo valor no mundo inteiro e aqui, no Brasil, o senhor Jair Messias Bolsonaro, com o Paulo Guedes, conversando fiado todo dia.\u201d<\/p>\n<p class=\"yiv0811593138MsoNormal\">Consequentemente, os principais vetores \u2013 que ratificam os sucessivos erros \u2013 s\u00e3o, segundo ele, a varia\u00e7\u00e3o do c\u00e2mbio e a utiliza\u00e7\u00e3o das reservas financeiras da Uni\u00e3o.<\/p>\n<p class=\"yiv0811593138MsoNormal\">\u201cQuando Bolsonaro tomou posse, o d\u00f3lar era R$ 3,70. Bateu R$ 5,90, agora, e eles est\u00e3o torrando a caderneta de poupan\u00e7a do povo brasileiro para financiar o que \u00e9 perda para todo mundo e ganho para uma d\u00fazia de pessoas que tem informa\u00e7\u00e3o privilegiada\u201d, complementou.<\/p>\n<p class=\"yiv0811593138MsoNormal\">Caminhos<\/p>\n<p class=\"yiv0811593138MsoNormal\">Expondo uma sa\u00edda para um cen\u00e1rio de \u201cp\u00f3s-guerra\u201d, Ciro prop\u00f5e, via Projeto Nacional de Desenvolvimento (PND), uma composi\u00e7\u00e3o para entender as causas e, efetivamente, implementar uma recupera\u00e7\u00e3o ap\u00f3s uma \u201caberra\u00e7\u00e3o como o Bolsonaro\u201d.<\/p>\n<p class=\"yiv0811593138MsoNormal\">\u201cN\u00f3s n\u00e3o podemos culpar o nosso povo. Precisamos ter humildade para entender o que aconteceu com o sentido, superior e generoso, de reconcilia\u00e7\u00e3o do Brasil consigo mesmo. \u00c9 a esse esfor\u00e7o que eu estou dedicado\u201d, garantiu.<\/p>\n<p class=\"yiv0811593138MsoNormal\">Pelo vi\u00e9s desenvolvimentista, o representante do PDT detalha as bases de um desafio l\u00f3gico comprometido com o progresso social e alinhado com o avan\u00e7o da economia.<\/p>\n<p class=\"yiv0811593138MsoNormal\">\u201cEnfrentar e superar a mis\u00e9ria, a pobreza e a desigualdade com objetivo. Eu proponho que a gente ponha na mesa a seguinte tarefa: o Brasil vai ser, sob o ponto de vista social e econ\u00f4mico por indicadores objetivos &#8211; como mortalidade infantil e ensino de tempo integral \u2013, um pa\u00eds igual a Espanha em 30 anos\u201d, explicou.<\/p>\n<p class=\"yiv0811593138MsoNormal\">\u201cN\u00f3s vamos ter que equilibrar as contas do Brasil mandando um peda\u00e7o para os mais ricos e super-ricos\u201d, apontou, ao completar: \u201cEu n\u00e3o quero agradar a todo mundo, nem vou vender a alma para ser presidente do Brasil. \u00c9 clara a minha proposta\u201d.<\/p>\n<p class=\"yiv0811593138MsoNormal\">Veja a entrevista, na \u00edntegra,\u00a0<a href=\"https:\/\/www.youtube.com\/watch?v=p3Lj7Tb6ClY\" target=\"_blank\" rel=\"nofollow noopener noreferrer\">aqui<\/a>.<\/p>\n<!-- AddThis Advanced Settings generic via filter on the_content --><!-- AddThis Share Buttons generic via filter on the_content -->","protected":false},"excerpt":{"rendered":"<p>O ex-ministro da Fazenda analisou a atual conjuntura econ\u00f4mica para listar os erros do governo federal O pr\u00e9-candidato a presidente da Rep\u00fablica pelo PDT, Ciro Gomes, considerou a conjuntura econ\u00f4mica brasileira para indicar nessa segunda-feira (22), em entrevista ao economista Eduardo Moreira, a iminente consolida\u00e7\u00e3o do cen\u00e1rio de \u201cterra arrasada\u201d em que o governo Bolsonaro&#8230;<!-- AddThis Advanced Settings generic via filter on wp_trim_excerpt --><!-- AddThis Share Buttons generic via filter on wp_trim_excerpt --><\/p>\n","protected":false},"author":17,"featured_media":76951,"comment_status":"closed","ping_status":"closed","sticky":false,"template":"","format":"standard","meta":{"_monsterinsights_skip_tracking":false,"_monsterinsights_sitenote_active":false,"_monsterinsights_sitenote_note":"","_monsterinsights_sitenote_category":0,"_uf_show_specific_survey":0,"_uf_disable_surveys":false,"footnotes":""},"categories":[975,1401],"tags":[],"class_list":["post-76950","post","type-post","status-publish","format-standard","has-post-thumbnail","hentry","category-manchete","category-nacional"],"acf":[],"_links":{"self":[{"href":"https:\/\/pdt-rj.org.br\/index.php\/wp-json\/wp\/v2\/posts\/76950","targetHints":{"allow":["GET"]}}],"collection":[{"href":"https:\/\/pdt-rj.org.br\/index.php\/wp-json\/wp\/v2\/posts"}],"about":[{"href":"https:\/\/pdt-rj.org.br\/index.php\/wp-json\/wp\/v2\/types\/post"}],"author":[{"embeddable":true,"href":"https:\/\/pdt-rj.org.br\/index.php\/wp-json\/wp\/v2\/users\/17"}],"replies":[{"embeddable":true,"href":"https:\/\/pdt-rj.org.br\/index.php\/wp-json\/wp\/v2\/comments?post=76950"}],"version-history":[{"count":1,"href":"https:\/\/pdt-rj.org.br\/index.php\/wp-json\/wp\/v2\/posts\/76950\/revisions"}],"predecessor-version":[{"id":76952,"href":"https:\/\/pdt-rj.org.br\/index.php\/wp-json\/wp\/v2\/posts\/76950\/revisions\/76952"}],"wp:featuredmedia":[{"embeddable":true,"href":"https:\/\/pdt-rj.org.br\/index.php\/wp-json\/wp\/v2\/media\/76951"}],"wp:attachment":[{"href":"https:\/\/pdt-rj.org.br\/index.php\/wp-json\/wp\/v2\/media?parent=76950"}],"wp:term":[{"taxonomy":"category","embeddable":true,"href":"https:\/\/pdt-rj.org.br\/index.php\/wp-json\/wp\/v2\/categories?post=76950"},{"taxonomy":"post_tag","embeddable":true,"href":"https:\/\/pdt-rj.org.br\/index.php\/wp-json\/wp\/v2\/tags?post=76950"}],"curies":[{"name":"wp","href":"https:\/\/api.w.org\/{rel}","templated":true}]}}