{"id":76933,"date":"2021-03-19T17:36:14","date_gmt":"2021-03-19T20:36:14","guid":{"rendered":"http:\/\/pdt-rj.org.br\/?p=76933"},"modified":"2021-03-20T02:47:44","modified_gmt":"2021-03-20T05:47:44","slug":"maria-celia-vasconcellos-exalta-pdt-na-revolucao-do-medico-de-familia-em-niteroi-rj","status":"publish","type":"post","link":"https:\/\/pdt-rj.org.br\/index.php\/maria-celia-vasconcellos-exalta-pdt-na-revolucao-do-medico-de-familia-em-niteroi-rj\/","title":{"rendered":"Maria C\u00e9lia Vasconcellos exalta PDT na revolu\u00e7\u00e3o do \u2018M\u00e9dico de Fam\u00edlia\u2019 em Niter\u00f3i (RJ)"},"content":{"rendered":"<p class=\"yiv6080011169MsoNormal\"><em><b>Primeira gest\u00e3o de Jorge Roberto trouxe de Cuba, em 1992, modelo comunit\u00e1rio de aten\u00e7\u00e3o b\u00e1sica<\/b><\/em><\/p>\n<p class=\"yiv6080011169MsoNormal\">\u201cFoi uma total revolu\u00e7\u00e3o\u201d, enalteceu a assistente social aposentada do Minist\u00e9rio da Sa\u00fade e ex-secret\u00e1ria de Sa\u00fade de Niter\u00f3i (RJ), Maria C\u00e9lia Vasconcellos, ao descrever, na entrevista para o \u2018Trabalhismo na Hist\u00f3ria\u2019, o processo de cria\u00e7\u00e3o e implementa\u00e7\u00e3o do \u2018Programa M\u00e9dico de Fam\u00edlia\u2019 (PMF) durante o primeiro mandato do prefeito do PDT, Jorge Roberto Silveira, em 1992, na cidade fluminense.<\/p>\n<p class=\"yiv6080011169MsoNormal\">O PMF efetivou, a partir da parceria da Prefeitura com o governo de Cuba, customizados processos baseados na abrang\u00eancia e no conhecimento comunit\u00e1rio nas \u00e1reas de maiores riscos sociais e ambientais. Privilegiando, portanto, os cidad\u00e3os com renda familiar mensal inferior a cinco sal\u00e1rios m\u00ednimos.<\/p>\n<p class=\"yiv6080011169MsoNormal\">\u201cQuando ele (Jorge) viu o que m\u00e9dico de fam\u00edlia fazia, em Cuba, se encantou. Est\u00e1 vinculado a uma determinada popula\u00e7\u00e3o e tem, al\u00e9m do acompanhamento da fam\u00edlia, uma tarefa longitudinal. Ou seja, acompanha todas as fases da vida das pessoas e das fam\u00edlias\u201d, relata, ao citar, na entrevista para Henrique Matthiesen, coordenador do Centro de Mem\u00f3ria do PDT, o v\u00ednculo com o movimento comunit\u00e1rio.<\/p>\n<p class=\"yiv6080011169MsoNormal\">\u201cA capacidade (do m\u00e9dico) de conhecer \u00e9 muito mais assertiva. E acrescentando o conhecimento da comunidade onde essa fam\u00edlia est\u00e1 inserida. Esse foi o grande salto que a medicina cubana deu para os pa\u00edses do chamado terceiro mundo\u201d, explicou.<\/p>\n<p class=\"yiv6080011169MsoNormal\">Com isso, a gest\u00e3o municipal protagonizou uma aten\u00e7\u00e3o prim\u00e1ria reconhecidamente diferenciada no Brasil. O sucesso permitiu que, no ano seguinte, o projeto fosse levado ao \u00e2mbito estadual pelo ent\u00e3o governador do Rio, Leonel Brizola.<\/p>\n<p class=\"yiv6080011169MsoNormal\">Posteriormente, virou pilar da estrat\u00e9gia nacional diante da ado\u00e7\u00e3o, pelo Minist\u00e9rio da Sa\u00fade, do Programa de Sa\u00fade da Fam\u00edlia (PSF), que est\u00e1 presente, at\u00e9 hoje, em todo o territ\u00f3rio brasileiro.<\/p>\n<p class=\"yiv6080011169MsoNormal\"><strong>Universaliza\u00e7\u00e3o<\/strong><\/p>\n<p class=\"yiv6080011169MsoNormal\">Segundo Maria C\u00e9lia, Niter\u00f3i avan\u00e7ou justamente no per\u00edodo \u2013 d\u00e9cada de 90 \u2013 que o Brasil passou por uma mudan\u00e7a na transi\u00e7\u00e3o demogr\u00e1fica \u2013 centraliza\u00e7\u00e3o nos grandes centros urbanos \u2013 e no perfil das doen\u00e7as \u2013 cr\u00f4nicas superaram as infecciosas.<\/p>\n<p class=\"yiv6080011169MsoNormal\">\u201cO controle disso tem que ser por um acompanhamento sistem\u00e1tico, cont\u00ednuo e prolongado ao longo da vida. Onde voc\u00ea encontra isso? Na organiza\u00e7\u00e3o do sistema via medicina de fam\u00edlia\u201d, detalha.<\/p>\n<p class=\"yiv6080011169MsoNormal\">Anos antes, com a redemocratiza\u00e7\u00e3o, ela, que sofreu com a repress\u00e3o militar, os pedetistas espelharam, no munic\u00edpio, uma luta que se consolidava pelo pa\u00eds. Com a constituinte de 1988, uma vit\u00f3ria foi emblem\u00e1tica: a implanta\u00e7\u00e3o do Sistema \u00danico de Sa\u00fade (SUS), que buscava eliminar a diferencia\u00e7\u00e3o entre cidad\u00e3os de primeira e segunda classes\u201d.<\/p>\n<p class=\"yiv6080011169MsoNormal\"><strong>Reconhecimento<\/strong><\/p>\n<p class=\"yiv6080011169MsoNormal\">Com rever\u00eancia ao trabalhismo, Maria C\u00e9lia fez quest\u00e3o de enaltecer o marcante legado pedetista constru\u00eddo na cidade da Regi\u00e3o Metropolitana do Rio, que foi referendado pelo ex-prefeito Rodrigo Neves e o seu sucessor, o atual prefeito Axel Grael. O feito na Sa\u00fade representa, ao lado dos Centros Integrados de Educa\u00e7\u00e3o P\u00fablica (Cieps) do governo brizolista, marcos internacionais.<\/p>\n<p class=\"yiv6080011169MsoNormal\">\u201cA elei\u00e7\u00e3o de Jorge Roberto Silveira deu uma guinada em Niter\u00f3i, pelo PDT. Esse primeiro mandato como prefeito, em 89, foi revolucion\u00e1rio. Eu acho importante a gente recuperar a hist\u00f3ria\u201d, disse. Atualmente<\/p>\n<p class=\"yiv6080011169MsoNormal\">\u201cA \u00e1rea da Sa\u00fade sempre teve uma alian\u00e7a com os movimentos sociais. At\u00e9 porque os movimentos s\u00e3o a demonstra\u00e7\u00e3o da pujan\u00e7a da sa\u00fade da popula\u00e7\u00e3o pela capacidade de luta\u201d, completou.<\/p>\n<p class=\"yiv6080011169MsoNormal\">Confira a entrevista, na \u00edntegra:\u00a0<a href=\"https:\/\/www.youtube.com\/watch?v=A0zS_mgTreE\" target=\"_blank\" rel=\"nofollow noopener noreferrer\">https:\/\/www.youtube.com\/watch?v=A0zS_mgTreE<\/a><\/p>\n<!-- AddThis Advanced Settings generic via filter on the_content --><!-- AddThis Share Buttons generic via filter on the_content -->","protected":false},"excerpt":{"rendered":"<p>Primeira gest\u00e3o de Jorge Roberto trouxe de Cuba, em 1992, modelo comunit\u00e1rio de aten\u00e7\u00e3o b\u00e1sica \u201cFoi uma total revolu\u00e7\u00e3o\u201d, enalteceu a assistente social aposentada do Minist\u00e9rio da Sa\u00fade e ex-secret\u00e1ria de Sa\u00fade de Niter\u00f3i (RJ), Maria C\u00e9lia Vasconcellos, ao descrever, na entrevista para o \u2018Trabalhismo na Hist\u00f3ria\u2019, o processo de cria\u00e7\u00e3o e implementa\u00e7\u00e3o do \u2018Programa&#8230;<!-- AddThis Advanced Settings generic via filter on wp_trim_excerpt --><!-- AddThis Share Buttons generic via filter on wp_trim_excerpt --><\/p>\n","protected":false},"author":17,"featured_media":76934,"comment_status":"closed","ping_status":"closed","sticky":false,"template":"","format":"standard","meta":{"_monsterinsights_skip_tracking":false,"_monsterinsights_sitenote_active":false,"_monsterinsights_sitenote_note":"","_monsterinsights_sitenote_category":0,"_uf_show_specific_survey":0,"_uf_disable_surveys":false,"footnotes":""},"categories":[1390,1402],"tags":[4025,1544,1545,4603,4600,38,4601,4602],"class_list":["post-76933","post","type-post","status-publish","format-standard","has-post-thumbnail","hentry","category-editorias","category-cidades","tag-axel-grael","tag-centros-integrados-de-educacao-publica","tag-cieps","tag-jorge-roberto-silveira","tag-maria-celia-vasconcellos","tag-pdt","tag-programa-medico-de-familia","tag-trabalhismo-na-historia"],"acf":[],"_links":{"self":[{"href":"https:\/\/pdt-rj.org.br\/index.php\/wp-json\/wp\/v2\/posts\/76933","targetHints":{"allow":["GET"]}}],"collection":[{"href":"https:\/\/pdt-rj.org.br\/index.php\/wp-json\/wp\/v2\/posts"}],"about":[{"href":"https:\/\/pdt-rj.org.br\/index.php\/wp-json\/wp\/v2\/types\/post"}],"author":[{"embeddable":true,"href":"https:\/\/pdt-rj.org.br\/index.php\/wp-json\/wp\/v2\/users\/17"}],"replies":[{"embeddable":true,"href":"https:\/\/pdt-rj.org.br\/index.php\/wp-json\/wp\/v2\/comments?post=76933"}],"version-history":[{"count":1,"href":"https:\/\/pdt-rj.org.br\/index.php\/wp-json\/wp\/v2\/posts\/76933\/revisions"}],"predecessor-version":[{"id":76935,"href":"https:\/\/pdt-rj.org.br\/index.php\/wp-json\/wp\/v2\/posts\/76933\/revisions\/76935"}],"wp:featuredmedia":[{"embeddable":true,"href":"https:\/\/pdt-rj.org.br\/index.php\/wp-json\/wp\/v2\/media\/76934"}],"wp:attachment":[{"href":"https:\/\/pdt-rj.org.br\/index.php\/wp-json\/wp\/v2\/media?parent=76933"}],"wp:term":[{"taxonomy":"category","embeddable":true,"href":"https:\/\/pdt-rj.org.br\/index.php\/wp-json\/wp\/v2\/categories?post=76933"},{"taxonomy":"post_tag","embeddable":true,"href":"https:\/\/pdt-rj.org.br\/index.php\/wp-json\/wp\/v2\/tags?post=76933"}],"curies":[{"name":"wp","href":"https:\/\/api.w.org\/{rel}","templated":true}]}}