{"id":76921,"date":"2021-03-20T02:14:38","date_gmt":"2021-03-20T05:14:38","guid":{"rendered":"http:\/\/pdt-rj.org.br\/?p=76921"},"modified":"2021-03-20T02:14:38","modified_gmt":"2021-03-20T05:14:38","slug":"em-cabo-frio-rj-jose-bonifacio-busca-recursos-para-compra-de-100-mil-doses-de-vacina","status":"publish","type":"post","link":"https:\/\/pdt-rj.org.br\/index.php\/em-cabo-frio-rj-jose-bonifacio-busca-recursos-para-compra-de-100-mil-doses-de-vacina\/","title":{"rendered":"Em Cabo Frio (RJ), Jos\u00e9 Bonif\u00e1cio busca recursos para compra de 100 mil doses de vacina"},"content":{"rendered":"<p class=\"yiv2927345529MsoNormal\"><em><b>Com aval da C\u00e2mara, Prefeitura remanejar\u00e1 R$ 5 milh\u00f5es para imunizar pelo menos 20% da popula\u00e7\u00e3o<\/b><\/em><\/p>\n<p class=\"yiv2927345529MsoNormal\"><i>*Por Bruno Ribeiro \/ PDT-RJ<\/i><\/p>\n<p class=\"yiv2927345529MsoNormal\">O prefeito de Cabo Frio (RJ), Jos\u00e9 Bonif\u00e1cio (PDT), encaminhou para a C\u00e2mara Municipal, na \u00faltima ter\u00e7a-feira (16), um pedido de autoriza\u00e7\u00e3o para remanejar R$ 5 milh\u00f5es do or\u00e7amento. O aval dos vereadores viabilizar\u00e1 a compra de 100 mil doses de vacina contra o Covid-19.<\/p>\n<p class=\"yiv2927345529MsoNormal\">Os recursos seriam transferidos da Companhia de Servi\u00e7os de Cabo Frio (Comsercaf) para a Secretaria de Sa\u00fade. Com a poss\u00edvel aquisi\u00e7\u00e3o, pelo menos 20% da popula\u00e7\u00e3o seria beneficiada \u2013 se considerados os imunizantes que demandam duas doses.<\/p>\n<p class=\"yiv2927345529MsoNormal\">\u201cO momento que estamos vivendo, em Cabo Frio e no Brasil, \u00e9 muito grave com o alastramento do Covid-19. Acabei de assinar e estou encaminhando \u00e0 C\u00e2mara Municipal para que os vereadores me autorizem a transferir R$ 5 milh\u00f5es que estavam destinados \u00e0 Comsercaf\u201d, afirmou.<\/p>\n<p class=\"yiv2927345529MsoNormal\">Bonif\u00e1cio ressaltou ainda a import\u00e2ncia da conscientiza\u00e7\u00e3o dos cidad\u00e3os para impedir o avan\u00e7o da contamina\u00e7\u00e3o pelo coronav\u00edrus.<\/p>\n<p class=\"yiv2927345529MsoNormal\">\u201cEspero que a popula\u00e7\u00e3o de Cabo Frio compreenda a responsabilidade, que cada um tem, de combater o alastramento dessa doen\u00e7a\u201d, comentou.<\/p>\n<p class=\"yiv2927345529MsoNormal\">Assista ao pronunciamento\u00a0<a href=\"https:\/\/www.facebook.com\/PrefeituradeCaboFrio\/videos\/3736662909754408\" target=\"_blank\" rel=\"nofollow noopener noreferrer\">aqui<\/a>.<\/p>\n<!-- AddThis Advanced Settings generic via filter on the_content --><!-- AddThis Share Buttons generic via filter on the_content -->","protected":false},"excerpt":{"rendered":"<p>Com aval da C\u00e2mara, Prefeitura remanejar\u00e1 R$ 5 milh\u00f5es para imunizar pelo menos 20% da popula\u00e7\u00e3o *Por Bruno Ribeiro \/ PDT-RJ O prefeito de Cabo Frio (RJ), Jos\u00e9 Bonif\u00e1cio (PDT), encaminhou para a C\u00e2mara Municipal, na \u00faltima ter\u00e7a-feira (16), um pedido de autoriza\u00e7\u00e3o para remanejar R$ 5 milh\u00f5es do or\u00e7amento. O aval dos vereadores viabilizar\u00e1&#8230;<!-- AddThis Advanced Settings generic via filter on wp_trim_excerpt --><!-- AddThis Share Buttons generic via filter on wp_trim_excerpt --><\/p>\n","protected":false},"author":17,"featured_media":76922,"comment_status":"closed","ping_status":"closed","sticky":false,"template":"","format":"standard","meta":{"_monsterinsights_skip_tracking":false,"_monsterinsights_sitenote_active":false,"_monsterinsights_sitenote_note":"","_monsterinsights_sitenote_category":0,"_uf_show_specific_survey":0,"_uf_disable_surveys":false,"footnotes":""},"categories":[1390],"tags":[4129,3068],"class_list":["post-76921","post","type-post","status-publish","format-standard","has-post-thumbnail","hentry","category-editorias","tag-cabo-frio-rj","tag-jose-bonifacio"],"acf":[],"_links":{"self":[{"href":"https:\/\/pdt-rj.org.br\/index.php\/wp-json\/wp\/v2\/posts\/76921","targetHints":{"allow":["GET"]}}],"collection":[{"href":"https:\/\/pdt-rj.org.br\/index.php\/wp-json\/wp\/v2\/posts"}],"about":[{"href":"https:\/\/pdt-rj.org.br\/index.php\/wp-json\/wp\/v2\/types\/post"}],"author":[{"embeddable":true,"href":"https:\/\/pdt-rj.org.br\/index.php\/wp-json\/wp\/v2\/users\/17"}],"replies":[{"embeddable":true,"href":"https:\/\/pdt-rj.org.br\/index.php\/wp-json\/wp\/v2\/comments?post=76921"}],"version-history":[{"count":1,"href":"https:\/\/pdt-rj.org.br\/index.php\/wp-json\/wp\/v2\/posts\/76921\/revisions"}],"predecessor-version":[{"id":76923,"href":"https:\/\/pdt-rj.org.br\/index.php\/wp-json\/wp\/v2\/posts\/76921\/revisions\/76923"}],"wp:featuredmedia":[{"embeddable":true,"href":"https:\/\/pdt-rj.org.br\/index.php\/wp-json\/wp\/v2\/media\/76922"}],"wp:attachment":[{"href":"https:\/\/pdt-rj.org.br\/index.php\/wp-json\/wp\/v2\/media?parent=76921"}],"wp:term":[{"taxonomy":"category","embeddable":true,"href":"https:\/\/pdt-rj.org.br\/index.php\/wp-json\/wp\/v2\/categories?post=76921"},{"taxonomy":"post_tag","embeddable":true,"href":"https:\/\/pdt-rj.org.br\/index.php\/wp-json\/wp\/v2\/tags?post=76921"}],"curies":[{"name":"wp","href":"https:\/\/api.w.org\/{rel}","templated":true}]}}