{"id":76914,"date":"2021-03-19T16:57:47","date_gmt":"2021-03-19T19:57:47","guid":{"rendered":"http:\/\/pdt-rj.org.br\/?p=76914"},"modified":"2021-03-19T16:57:47","modified_gmt":"2021-03-19T19:57:47","slug":"niteroi-rj-cria-espaco-publico-para-atender-vitimas-de-violacoes-de-direitos-humanos","status":"publish","type":"post","link":"https:\/\/pdt-rj.org.br\/index.php\/niteroi-rj-cria-espaco-publico-para-atender-vitimas-de-violacoes-de-direitos-humanos\/","title":{"rendered":"Niter\u00f3i (RJ) cria espa\u00e7o p\u00fablico para atender v\u00edtimas de viola\u00e7\u00f5es de Direitos Humanos"},"content":{"rendered":"<p class=\"yiv5256609375gmail-MsoNoSpacing\"><em><b>Administrada pelo PDT, prefeitura oferece gratuitamente orienta\u00e7\u00e3o jur\u00eddica, psicol\u00f3gica e social<\/b><\/em><\/p>\n<p class=\"yiv5256609375gmail-MsoNoSpacing\">A prefeitura de Niter\u00f3i (RJ) \u2013 administrada pelo pedetista Axel Grael \u2013 inaugurou, na \u00faltima sexta-feira (12), o primeiro Centro de Cidadania (Cecid). O espa\u00e7o \u00e9 dedicado ao atendimento de v\u00edtimas de viola\u00e7\u00f5es de direitos humanos, como intoler\u00e2ncia religiosa, trabalho escravo, racismo, homofobia, abuso infantil e pris\u00f5es ilegais.<\/p>\n<p class=\"yiv5256609375gmail-MsoNoSpacing\">Vinculado \u00e0 Secretaria Municipal de Direitos Humanos, o Cecid oferecer\u00e1 ainda servi\u00e7os de orienta\u00e7\u00e3o jur\u00eddica, psicol\u00f3gica e social, incluindo retifica\u00e7\u00e3o de nome social, emiss\u00e3o de documentos e acolhimento de migrantes e refugiados.<\/p>\n<p class=\"yiv5256609375gmail-MsoNoSpacing\">De acordo com o secret\u00e1rio de Direitos Humanos, Raphael Costa, o servi\u00e7o vai aproximar ainda mais os cidad\u00e3os de Niter\u00f3i dos seus direitos.<\/p>\n<p class=\"yiv5256609375gmail-MsoNoSpacing\">\u201cA gest\u00e3o do prefeito Axel Grael est\u00e1 focada em qualificar os servi\u00e7os prestados aos cidad\u00e3os. O objetivo do Centro de Cidadania \u00e9 justamente aproximar os niteroienses dos seus direitos fundamentais e diminuir a impunidade, principalmente para quem sofreu algum tipo de viola\u00e7\u00e3o\u201d, afirmou.<\/p>\n<p class=\"yiv5256609375gmail-MsoNoSpacing\">Por conta da pandemia do coronav\u00edrus, os atendimentos s\u00e3o feitos mediante agendamento pr\u00e9vio pelo \u201cZap da Cidadania\u201d: (21) 96992-9577. O Cecid fica localizado na Rua C\u00f4nsul Francisco Cruz, 49, no Centro.<\/p>\n<!-- AddThis Advanced Settings generic via filter on the_content --><!-- AddThis Share Buttons generic via filter on the_content -->","protected":false},"excerpt":{"rendered":"<p>Administrada pelo PDT, prefeitura oferece gratuitamente orienta\u00e7\u00e3o jur\u00eddica, psicol\u00f3gica e social A prefeitura de Niter\u00f3i (RJ) \u2013 administrada pelo pedetista Axel Grael \u2013 inaugurou, na \u00faltima sexta-feira (12), o primeiro Centro de Cidadania (Cecid). O espa\u00e7o \u00e9 dedicado ao atendimento de v\u00edtimas de viola\u00e7\u00f5es de direitos humanos, como intoler\u00e2ncia religiosa, trabalho escravo, racismo, homofobia, abuso&#8230;<!-- AddThis Advanced Settings generic via filter on wp_trim_excerpt --><!-- AddThis Share Buttons generic via filter on wp_trim_excerpt --><\/p>\n","protected":false},"author":17,"featured_media":76915,"comment_status":"closed","ping_status":"closed","sticky":false,"template":"","format":"standard","meta":{"_monsterinsights_skip_tracking":false,"_monsterinsights_sitenote_active":false,"_monsterinsights_sitenote_note":"","_monsterinsights_sitenote_category":0,"_uf_show_specific_survey":0,"_uf_disable_surveys":false,"footnotes":""},"categories":[1390,1402],"tags":[4025],"class_list":["post-76914","post","type-post","status-publish","format-standard","has-post-thumbnail","hentry","category-editorias","category-cidades","tag-axel-grael"],"acf":[],"_links":{"self":[{"href":"https:\/\/pdt-rj.org.br\/index.php\/wp-json\/wp\/v2\/posts\/76914","targetHints":{"allow":["GET"]}}],"collection":[{"href":"https:\/\/pdt-rj.org.br\/index.php\/wp-json\/wp\/v2\/posts"}],"about":[{"href":"https:\/\/pdt-rj.org.br\/index.php\/wp-json\/wp\/v2\/types\/post"}],"author":[{"embeddable":true,"href":"https:\/\/pdt-rj.org.br\/index.php\/wp-json\/wp\/v2\/users\/17"}],"replies":[{"embeddable":true,"href":"https:\/\/pdt-rj.org.br\/index.php\/wp-json\/wp\/v2\/comments?post=76914"}],"version-history":[{"count":1,"href":"https:\/\/pdt-rj.org.br\/index.php\/wp-json\/wp\/v2\/posts\/76914\/revisions"}],"predecessor-version":[{"id":76916,"href":"https:\/\/pdt-rj.org.br\/index.php\/wp-json\/wp\/v2\/posts\/76914\/revisions\/76916"}],"wp:featuredmedia":[{"embeddable":true,"href":"https:\/\/pdt-rj.org.br\/index.php\/wp-json\/wp\/v2\/media\/76915"}],"wp:attachment":[{"href":"https:\/\/pdt-rj.org.br\/index.php\/wp-json\/wp\/v2\/media?parent=76914"}],"wp:term":[{"taxonomy":"category","embeddable":true,"href":"https:\/\/pdt-rj.org.br\/index.php\/wp-json\/wp\/v2\/categories?post=76914"},{"taxonomy":"post_tag","embeddable":true,"href":"https:\/\/pdt-rj.org.br\/index.php\/wp-json\/wp\/v2\/tags?post=76914"}],"curies":[{"name":"wp","href":"https:\/\/api.w.org\/{rel}","templated":true}]}}