{"id":76908,"date":"2021-03-19T16:29:17","date_gmt":"2021-03-19T19:29:17","guid":{"rendered":"http:\/\/pdt-rj.org.br\/?p=76908"},"modified":"2022-04-18T15:59:15","modified_gmt":"2022-04-18T18:59:15","slug":"genocida-sim-assegura-carlos-lupi-sobre-jair-bolsonaro","status":"publish","type":"post","link":"https:\/\/pdt-rj.org.br\/index.php\/genocida-sim-assegura-carlos-lupi-sobre-jair-bolsonaro\/","title":{"rendered":"\u201cGenocida sim!\u201d, assegura Carlos Lupi sobre como responsabilidade de Bolsonaro no colapso do Brasil na pandemia"},"content":{"rendered":"<p class=\"yiv5990322927MsoNormal\"><strong><em>Pedetista coloca o presidente da Rep\u00fablica como respons\u00e1vel pelo colapso do Brasil na pandemia<\/em><\/strong><\/p>\n<p class=\"yiv5990322927MsoNormal\">\u201cGenocida sim! E ele vai para a cadeia um dia. \u00c9 quest\u00e3o de tempo\u201d, afirmou o presidente nacional do PDT, Carlos Lupi, ao apontar o presidente da Rep\u00fablica, Jair Bolsonaro, como respons\u00e1vel pelo colapso do Brasil na pandemia do Covid-19. No discurso divulgado pelas redes sociais, nessa sexta-feira (19), o pedetista tamb\u00e9m provocou a reflex\u00e3o da popula\u00e7\u00e3o para conter o avan\u00e7o descontrolado do v\u00edrus.<\/p>\n<p class=\"yiv5990322927MsoNormal\">\u201cContra esse profeta da ignor\u00e2ncia, n\u00f3s estamos com a\u00e7\u00e3o junto \u00e0 Corte de Haia, por crime contra a humanidade, e na Procuradoria-Geral da Rep\u00fablica pedindo a interdi\u00e7\u00e3o dele\u201d, explicou.<\/p>\n<p class=\"yiv5990322927MsoNormal\">Ao condenar o governo federal por agir contra as medidas de isolamento social implantadas pelos governadores, Lupi chamou a aten\u00e7\u00e3o para as consequ\u00eancias do negacionismo no auge da crise sanit\u00e1ria em todas as regi\u00f5es.<\/p>\n<p class=\"yiv5990322927MsoNormal\">\u201cO Brasil vive hoje, no mundo, o pior momento de uma pandemia. Representa 25% das mortes pelo Covid\u201d, alertou, ao ser enf\u00e1tico diante do impacto at\u00e9 na popula\u00e7\u00e3o mais jovem: \u201cBasta, chega, acordem!\u201d<\/p>\n<p class=\"yiv5990322927MsoNormal\">\u201cSer\u00e1 que as pessoas n\u00e3o param para entender que est\u00e3o matando seus pais e seus av\u00f3s. Isso n\u00e3o \u00e9 brincadeira, \u00e9 morte.\u00a0 Se n\u00e3o for respons\u00e1vel e n\u00e3o gosta da sua vida, seja respons\u00e1vel por quem est\u00e1 em torno de voc\u00ea\u201d, concluiu.<\/p>\n<!-- AddThis Advanced Settings generic via filter on the_content --><!-- AddThis Share Buttons generic via filter on the_content -->","protected":false},"excerpt":{"rendered":"<p>Pedetista coloca o presidente da Rep\u00fablica como respons\u00e1vel pelo colapso do Brasil na pandemia \u201cGenocida sim! E ele vai para a cadeia um dia. \u00c9 quest\u00e3o de tempo\u201d, afirmou o presidente nacional do PDT, Carlos Lupi, ao apontar o presidente da Rep\u00fablica, Jair Bolsonaro, como respons\u00e1vel pelo colapso do Brasil na pandemia do Covid-19. No&#8230;<!-- AddThis Advanced Settings generic via filter on wp_trim_excerpt --><!-- AddThis Share Buttons generic via filter on wp_trim_excerpt --><\/p>\n","protected":false},"author":17,"featured_media":76910,"comment_status":"closed","ping_status":"closed","sticky":false,"template":"","format":"standard","meta":{"_monsterinsights_skip_tracking":false,"_monsterinsights_sitenote_active":false,"_monsterinsights_sitenote_note":"","_monsterinsights_sitenote_category":0,"_uf_show_specific_survey":0,"_uf_disable_surveys":false,"footnotes":""},"categories":[1390,5417,1401],"tags":[196,3348,3595],"class_list":["post-76908","post","type-post","status-publish","format-standard","has-post-thumbnail","hentry","category-editorias","category-carlos-lupi","category-nacional","tag-carlos-lupi","tag-covid-19","tag-procuradoria-geral-da-republica"],"acf":[],"_links":{"self":[{"href":"https:\/\/pdt-rj.org.br\/index.php\/wp-json\/wp\/v2\/posts\/76908","targetHints":{"allow":["GET"]}}],"collection":[{"href":"https:\/\/pdt-rj.org.br\/index.php\/wp-json\/wp\/v2\/posts"}],"about":[{"href":"https:\/\/pdt-rj.org.br\/index.php\/wp-json\/wp\/v2\/types\/post"}],"author":[{"embeddable":true,"href":"https:\/\/pdt-rj.org.br\/index.php\/wp-json\/wp\/v2\/users\/17"}],"replies":[{"embeddable":true,"href":"https:\/\/pdt-rj.org.br\/index.php\/wp-json\/wp\/v2\/comments?post=76908"}],"version-history":[{"count":3,"href":"https:\/\/pdt-rj.org.br\/index.php\/wp-json\/wp\/v2\/posts\/76908\/revisions"}],"predecessor-version":[{"id":76913,"href":"https:\/\/pdt-rj.org.br\/index.php\/wp-json\/wp\/v2\/posts\/76908\/revisions\/76913"}],"wp:featuredmedia":[{"embeddable":true,"href":"https:\/\/pdt-rj.org.br\/index.php\/wp-json\/wp\/v2\/media\/76910"}],"wp:attachment":[{"href":"https:\/\/pdt-rj.org.br\/index.php\/wp-json\/wp\/v2\/media?parent=76908"}],"wp:term":[{"taxonomy":"category","embeddable":true,"href":"https:\/\/pdt-rj.org.br\/index.php\/wp-json\/wp\/v2\/categories?post=76908"},{"taxonomy":"post_tag","embeddable":true,"href":"https:\/\/pdt-rj.org.br\/index.php\/wp-json\/wp\/v2\/tags?post=76908"}],"curies":[{"name":"wp","href":"https:\/\/api.w.org\/{rel}","templated":true}]}}