{"id":76881,"date":"2021-03-17T19:57:35","date_gmt":"2021-03-17T22:57:35","guid":{"rendered":"http:\/\/pdt-rj.org.br\/?p=76881"},"modified":"2021-03-18T01:53:14","modified_gmt":"2021-03-18T04:53:14","slug":"flb-ap-assina-pec-que-torna-crime-de-responsabilidade-os-atos-genocidas-de-bolsonaro","status":"publish","type":"post","link":"https:\/\/pdt-rj.org.br\/index.php\/flb-ap-assina-pec-que-torna-crime-de-responsabilidade-os-atos-genocidas-de-bolsonaro\/","title":{"rendered":"FLB-AP assina PEC que torna crime de responsabilidade os atos genocidas de Bolsonaro\u00a0\u00a0"},"content":{"rendered":"<p class=\"yiv5622238142MsoNormal\"><em><b>Iniciativa do Observat\u00f3rio da Democracia tipifica sabotagem ou omiss\u00e3o em pandemia\u00a0<\/b><\/em><\/p>\n<p class=\"yiv5622238142MsoNormal\">A Funda\u00e7\u00e3o Leonel Brizola \u2013 Alberto Pasqualini (FLB-AP) assinou, nessa quarta-feira (17), a Proposta de Emenda \u00e0 Constitui\u00e7\u00e3o (PEC) que torna crime de responsabilidade a\u00e7\u00f5es genocidas, como as praticadas por Jair Bolsonaro no exerc\u00edcio do cargo de presidente da Rep\u00fablica. No texto, idealizado pelo Observat\u00f3rio da Democracia, passam a ser tipificados atentados contra a vida humana, por sabotagem ou omiss\u00e3o, em epidemias e pandemias.<\/p>\n<p class=\"yiv5622238142MsoNormal\">Como consequ\u00eancias previstas pela PEC, est\u00e1 o afastamento e a interdi\u00e7\u00e3o de Bolsonaro, que poder\u00e3o resultar na consolida\u00e7\u00e3o do processo de impeachment.<\/p>\n<p class=\"yiv5622238142MsoNormal\">Pelo f\u00f3rum progressista, que inclui tamb\u00e9m as funda\u00e7\u00f5es Astrojildo Pereira (Cidadania); Lauro Campos e Marielle Franco (PSOL); Jo\u00e3o Mangabeira (PSB); Maur\u00edcio Grabois (PCdoB); da Ordem Social (PROS), Perseu Abramo (PT) e Claudio Campos, o documento conjunto ser\u00e1 encaminhado ao Congresso Nacional para avalia\u00e7\u00e3o dos parlamentares e tramita\u00e7\u00e3o para aprova\u00e7\u00e3o.<\/p>\n<p class=\"yiv5622238142MsoNormal\">Na carta de divulga\u00e7\u00e3o (veja, ao final) da PEC, as institui\u00e7\u00f5es ratificaram as premissas do &#8220;Manifesto Vacina J\u00e1\u2019, de janeiro desse ano, sob alega\u00e7\u00e3o de que o \u201cmortic\u00ednio n\u00e3o \u00e9 decorr\u00eancia natural da pandemia\u201d, pois \u201cdecorre diretamente da atitude negacionista e irrespons\u00e1vel do presidente Bolsonaro e seu grupo\u201d.<\/p>\n<p class=\"yiv5622238142MsoNormal\">\u201cO governo, conscientemente, deixou de tomar as provid\u00eancias essenciais para o estabelecimento de parcerias com os laborat\u00f3rios e deixou de contratar, na hora certa, as vacinas oferecidas por v\u00e1rios laborat\u00f3rios. Agora, quando a trag\u00e9dia se aprofunda, tem dificuldade de encontrar dispon\u00edvel a quantidade necess\u00e1ria de vacinas\u201d, detalhou.<\/p>\n<p class=\"yiv5622238142MsoNormal\">\u201cTudo indica que Bolsonaro age conscientemente ao provocar esse mortic\u00ednio. Ele quer, na verdade, provocar o caos para favorecer seu objetivo golpista\u201d, justificou, ao completar: \u201cBasta! Temos que unir toda a Na\u00e7\u00e3o em defesa da Vida\u201d.<\/p>\n<p class=\"yiv5622238142MsoNormal\"><strong>Mobiliza\u00e7\u00e3o<\/strong><\/p>\n<p class=\"yiv5622238142MsoNormal\">No evento virtual de lan\u00e7amento, Henrique Matthiesen, representando o presidente da FLB-AP e secret\u00e1rio-geral nacional do PDT, Manoel Dias, fomentou a integra\u00e7\u00e3o das for\u00e7as democr\u00e1ticas para enfrentar o que denominou de \u201cera dos absurdos\u201d.<\/p>\n<p class=\"yiv5622238142MsoNormal\">\u201cPrecisamos interditar esse genocida, assassino, que est\u00e1 na presid\u00eancia da Rep\u00fablica. O Brasil se tornou o epicentro da pandemia no mundo. Bolsonaro n\u00e3o \u00e9 incompat\u00edvel s\u00f3 com a vida, mas com a civiliza\u00e7\u00e3o\u201d, afirmou Matthiesen, que tamb\u00e9m \u00e9 coordenador do Centro de Mem\u00f3ria do PDT.<\/p>\n<p class=\"yiv5622238142MsoNormal\">\u201c\u00c9 urgente que tenhamos uma pol\u00edtica de sa\u00fade que salve a vida dos brasileiros, da humanidade\u201d, acrescentou, alertando para os quase 300 mil mortos somente no pa\u00eds e a incid\u00eancia de muta\u00e7\u00f5es do v\u00edrus em diversos estados.<\/p>\n<p class=\"yiv5622238142MsoNormal\">A atividade foi mediada por Renata Mielli e contou ainda com as participa\u00e7\u00f5es de Alexandre Navarro (PSB); Aloizio Mercadante (PT), Francisvaldo Mendes (PSOL); Felipe Esp\u00edrito Santo (PROS); Cristovam Buarque (Cidadania), Renato Rabelo (PCdoB), Z\u00e9 Carlos (PV) e Nilson Souza, do Observat\u00f3rio.<\/p>\n<p class=\"yiv5622238142MsoNormal\">Confira, na \u00edntegra, a\u00a0<a href=\"http:\/\/pdt-rj.org.br\/wp-content\/uploads\/2021\/03\/Carta-3.pdf\"><b>carta de divulga\u00e7\u00e3o<\/b>\u00a0<\/a>e o<b> <\/b><a href=\"http:\/\/pdt-rj.org.br\/wp-content\/uploads\/2021\/03\/Manifesto-1.pdf\"><b>Manifesto Vacine J\u00e1 <\/b><\/a>.<\/p>\n<p class=\"yiv5622238142MsoNormal\">Assista \u00e0 transmiss\u00e3o completa\u00a0<b><a href=\"https:\/\/www.youtube.com\/watch?v=t8eb-vIZjRM\" target=\"_blank\" rel=\"nofollow noopener noreferrer\">aqui<\/a><\/b>.<\/p>\n<!-- AddThis Advanced Settings generic via filter on the_content --><!-- AddThis Share Buttons generic via filter on the_content -->","protected":false},"excerpt":{"rendered":"<p>Iniciativa do Observat\u00f3rio da Democracia tipifica sabotagem ou omiss\u00e3o em pandemia\u00a0 A Funda\u00e7\u00e3o Leonel Brizola \u2013 Alberto Pasqualini (FLB-AP) assinou, nessa quarta-feira (17), a Proposta de Emenda \u00e0 Constitui\u00e7\u00e3o (PEC) que torna crime de responsabilidade a\u00e7\u00f5es genocidas, como as praticadas por Jair Bolsonaro no exerc\u00edcio do cargo de presidente da Rep\u00fablica. No texto, idealizado pelo&#8230;<!-- AddThis Advanced Settings generic via filter on wp_trim_excerpt --><!-- AddThis Share Buttons generic via filter on wp_trim_excerpt --><\/p>\n","protected":false},"author":17,"featured_media":76882,"comment_status":"closed","ping_status":"closed","sticky":false,"template":"","format":"standard","meta":{"_monsterinsights_skip_tracking":false,"_monsterinsights_sitenote_active":false,"_monsterinsights_sitenote_note":"","_monsterinsights_sitenote_category":0,"_uf_show_specific_survey":0,"_uf_disable_surveys":false,"footnotes":""},"categories":[1390],"tags":[426,4598,3527,4597],"class_list":["post-76881","post","type-post","status-publish","format-standard","has-post-thumbnail","hentry","category-editorias","tag-fundacao-leonel-brizola-alberto-pasqualini","tag-manifesto-vacina-ja","tag-observatorio-da-democracia","tag-vacina-ja"],"acf":[],"_links":{"self":[{"href":"https:\/\/pdt-rj.org.br\/index.php\/wp-json\/wp\/v2\/posts\/76881","targetHints":{"allow":["GET"]}}],"collection":[{"href":"https:\/\/pdt-rj.org.br\/index.php\/wp-json\/wp\/v2\/posts"}],"about":[{"href":"https:\/\/pdt-rj.org.br\/index.php\/wp-json\/wp\/v2\/types\/post"}],"author":[{"embeddable":true,"href":"https:\/\/pdt-rj.org.br\/index.php\/wp-json\/wp\/v2\/users\/17"}],"replies":[{"embeddable":true,"href":"https:\/\/pdt-rj.org.br\/index.php\/wp-json\/wp\/v2\/comments?post=76881"}],"version-history":[{"count":7,"href":"https:\/\/pdt-rj.org.br\/index.php\/wp-json\/wp\/v2\/posts\/76881\/revisions"}],"predecessor-version":[{"id":76902,"href":"https:\/\/pdt-rj.org.br\/index.php\/wp-json\/wp\/v2\/posts\/76881\/revisions\/76902"}],"wp:featuredmedia":[{"embeddable":true,"href":"https:\/\/pdt-rj.org.br\/index.php\/wp-json\/wp\/v2\/media\/76882"}],"wp:attachment":[{"href":"https:\/\/pdt-rj.org.br\/index.php\/wp-json\/wp\/v2\/media?parent=76881"}],"wp:term":[{"taxonomy":"category","embeddable":true,"href":"https:\/\/pdt-rj.org.br\/index.php\/wp-json\/wp\/v2\/categories?post=76881"},{"taxonomy":"post_tag","embeddable":true,"href":"https:\/\/pdt-rj.org.br\/index.php\/wp-json\/wp\/v2\/tags?post=76881"}],"curies":[{"name":"wp","href":"https:\/\/api.w.org\/{rel}","templated":true}]}}