{"id":76878,"date":"2021-03-17T15:42:50","date_gmt":"2021-03-17T18:42:50","guid":{"rendered":"http:\/\/pdt-rj.org.br\/?p=76878"},"modified":"2021-03-20T19:41:02","modified_gmt":"2021-03-20T22:41:02","slug":"ciro-busca-conscientizar-populacao-ao-cobrar-medidas-para-salvar-vidas-e-empregos","status":"publish","type":"post","link":"https:\/\/pdt-rj.org.br\/index.php\/ciro-busca-conscientizar-populacao-ao-cobrar-medidas-para-salvar-vidas-e-empregos\/","title":{"rendered":"Ciro busca conscientizar popula\u00e7\u00e3o ao cobrar medidas para salvar vidas e empregos"},"content":{"rendered":"<div class=\"msg-body P_wpofO mq_AS\" data-test-id=\"message-view-body-content\">\n<div class=\"jb_0 X_6MGW N_6Fd5\">\n<div id=\"yiv2569635761\">\n<div dir=\"ltr\">\n<p class=\"yiv2569635761gmail-MsoNoSpacing\"><em><strong>\u201cS\u00f3 vacina resolve o problema do v\u00edrus\u201d, reiterou o o vice-presidente nacional do PDT<\/strong><\/em><\/p>\n<p class=\"yiv2569635761gmail-MsoNoSpacing\"><i>\u00a0<\/i>Com a escalada de mortes por Covid-19 e a inoper\u00e2ncia do governo comandado por Jair Bolsonaro, o vice-presidente nacional do PDT, Ciro Gomes, buscou conscientizar a popula\u00e7\u00e3o em meio \u00e0 cobran\u00e7a por interven\u00e7\u00f5es sanit\u00e1rias e econ\u00f4micas efetivas para salvar vidas, empregos e empresas. Nessa ter\u00e7a-feira (16), o Brasil registrou 2.798 mortes pelo v\u00edrus em 24 horas \u2013 novo recorde da pandemia.<\/p>\n<p class=\"yiv2569635761gmail-MsoNoSpacing\">Por apontamentos listados em postagem na internet, sa\u00eddas respons\u00e1veis diante do caos social e financeiro, que foi potencializado pela falta ou inconsist\u00eancia de pol\u00edticas p\u00fablicas federais de socorro. Em destaque, a defesa incondicional das orienta\u00e7\u00f5es cient\u00edficas da Organiza\u00e7\u00e3o Mundial da Sa\u00fade (OMS).<\/p>\n<p class=\"yiv2569635761gmail-MsoNoSpacing\">\u201cS\u00f3 vacina resolve o problema do v\u00edrus\u201d, reiterou o pedetista, ao lembrar que n\u00e3o existem, at\u00e9 o momento, rem\u00e9dios com efic\u00e1cia comprovada para preven\u00e7\u00e3o ou cura.<\/p>\n<p class=\"yiv2569635761gmail-MsoNoSpacing\">\u201cComo o v\u00edrus passa de pessoa para pessoa, mesmo que n\u00e3o tenham sintomas ou diagn\u00f3sticos, precisamos inibir e, idealmente, impedir que a transmiss\u00e3o continue na velocidade mortal que est\u00e1 acontecendo\u201d, completou.<\/p>\n<p class=\"yiv2569635761gmail-MsoNoSpacing\"><strong>Apoio<\/strong><\/p>\n<p class=\"yiv2569635761gmail-MsoNoSpacing\">Como suporte complementar para ampliar o \u00edndice de distanciamento social e de imuniza\u00e7\u00e3o em todo o pa\u00eds, Ciro defende, desde o in\u00edcio da pandemia, a indeniza\u00e7\u00e3o de trabalhadores e empresas financiada a partir de recursos oriundos de medidas fiscais e monet\u00e1rias, al\u00e9m da compra e aplica\u00e7\u00e3o do maior n\u00famero poss\u00edvel de doses.<\/p>\n<p class=\"yiv2569635761gmail-MsoNoSpacing\">\u201cEsta deve ser a nossa luta: promover o isolamento social \u2013 quanto mais radical, mais breve \u2013 pressionar por vacinas mais r\u00e1pidas e lutar por um socorro \u00e0s pessoas e empresas o mais eficaz poss\u00edvel\u201d, pontua.<\/p>\n<p class=\"yiv2569635761gmail-MsoNoSpacing\">\u201cEste custo deve ser pago pelo governo com um conjunto de iniciativas que pe\u00e7am uma contribui\u00e7\u00e3o das classes mais ricas, usem a capacidade de endividamento do governo federal e uma pol\u00edtica de emiss\u00e3o de moeda buscando o melhor equil\u00edbrio poss\u00edvel para que a iniciativa urgente e inadi\u00e1vel de salvar vidas agora n\u00e3o comprometa a sorte da na\u00e7\u00e3o no futuro\u201d, explica.<\/p>\n<p class=\"yiv2569635761gmail-MsoNoSpacing\">\u00a0Confira, abaixo, a \u00edntegra da mensagem:\u00a0<a href=\"https:\/\/www.facebook.com\/cirogomesoficial\/posts\/3789012377886080\" target=\"_blank\" rel=\"nofollow noopener noreferrer\">https:\/\/www.facebook.com\/cirogomesoficial\/posts\/3789012377886080<\/a><\/p>\n<\/div>\n<\/div>\n<\/div>\n<\/div>\n<div class=\"jb_0 X_6MGW N_6Fd5\">\n<div class=\"P_0 je_fq7\">\n<div class=\"W_3n93F p_R\" data-test-id=\"attachment-item\">\n<div class=\"I_2iedTo k_w H_7yHc p_R o_h\" data-test-id=\"attachment-container\"><\/div>\n<\/div>\n<\/div>\n<\/div>\n<!-- AddThis Advanced Settings generic via filter on the_content --><!-- AddThis Share Buttons generic via filter on the_content -->","protected":false},"excerpt":{"rendered":"<p>\u201cS\u00f3 vacina resolve o problema do v\u00edrus\u201d, reiterou o o vice-presidente nacional do PDT \u00a0Com a escalada de mortes por Covid-19 e a inoper\u00e2ncia do governo comandado por Jair Bolsonaro, o vice-presidente nacional do PDT, Ciro Gomes, buscou conscientizar a popula\u00e7\u00e3o em meio \u00e0 cobran\u00e7a por interven\u00e7\u00f5es sanit\u00e1rias e econ\u00f4micas efetivas para salvar vidas, empregos&#8230;<!-- AddThis Advanced Settings generic via filter on wp_trim_excerpt --><!-- AddThis Share Buttons generic via filter on wp_trim_excerpt --><\/p>\n","protected":false},"author":17,"featured_media":76879,"comment_status":"closed","ping_status":"closed","sticky":false,"template":"","format":"standard","meta":{"_monsterinsights_skip_tracking":false,"_monsterinsights_sitenote_active":false,"_monsterinsights_sitenote_note":"","_monsterinsights_sitenote_category":0,"_uf_show_specific_survey":0,"_uf_disable_surveys":false,"footnotes":""},"categories":[1390],"tags":[220,3348,57,3317,3378],"class_list":["post-76878","post","type-post","status-publish","format-standard","has-post-thumbnail","hentry","category-editorias","tag-ciro-gomes","tag-covid-19","tag-oms","tag-organizacao-mundial-da-saude","tag-pandemia"],"acf":[],"_links":{"self":[{"href":"https:\/\/pdt-rj.org.br\/index.php\/wp-json\/wp\/v2\/posts\/76878","targetHints":{"allow":["GET"]}}],"collection":[{"href":"https:\/\/pdt-rj.org.br\/index.php\/wp-json\/wp\/v2\/posts"}],"about":[{"href":"https:\/\/pdt-rj.org.br\/index.php\/wp-json\/wp\/v2\/types\/post"}],"author":[{"embeddable":true,"href":"https:\/\/pdt-rj.org.br\/index.php\/wp-json\/wp\/v2\/users\/17"}],"replies":[{"embeddable":true,"href":"https:\/\/pdt-rj.org.br\/index.php\/wp-json\/wp\/v2\/comments?post=76878"}],"version-history":[{"count":1,"href":"https:\/\/pdt-rj.org.br\/index.php\/wp-json\/wp\/v2\/posts\/76878\/revisions"}],"predecessor-version":[{"id":76880,"href":"https:\/\/pdt-rj.org.br\/index.php\/wp-json\/wp\/v2\/posts\/76878\/revisions\/76880"}],"wp:featuredmedia":[{"embeddable":true,"href":"https:\/\/pdt-rj.org.br\/index.php\/wp-json\/wp\/v2\/media\/76879"}],"wp:attachment":[{"href":"https:\/\/pdt-rj.org.br\/index.php\/wp-json\/wp\/v2\/media?parent=76878"}],"wp:term":[{"taxonomy":"category","embeddable":true,"href":"https:\/\/pdt-rj.org.br\/index.php\/wp-json\/wp\/v2\/categories?post=76878"},{"taxonomy":"post_tag","embeddable":true,"href":"https:\/\/pdt-rj.org.br\/index.php\/wp-json\/wp\/v2\/tags?post=76878"}],"curies":[{"name":"wp","href":"https:\/\/api.w.org\/{rel}","templated":true}]}}