{"id":76833,"date":"2021-03-16T01:00:30","date_gmt":"2021-03-16T04:00:30","guid":{"rendered":"http:\/\/pdt-rj.org.br\/?p=76833"},"modified":"2021-03-20T02:28:53","modified_gmt":"2021-03-20T05:28:53","slug":"ciro-vincula-pior-crise-economica-a-bolsonaro-desgoverno-absoluto","status":"publish","type":"post","link":"https:\/\/pdt-rj.org.br\/index.php\/ciro-vincula-pior-crise-economica-a-bolsonaro-desgoverno-absoluto\/","title":{"rendered":"Ciro vincula pior crise econ\u00f4mica a Bolsonaro: \u201cDesgoverno absoluto\u201d"},"content":{"rendered":"<div class=\"msg-body P_wpofO mq_AS\" data-test-id=\"message-view-body-content\">\n<div class=\"jb_0 X_6MGW N_6Fd5\">\n<div id=\"yiv4269464452\">\n<div dir=\"ltr\">\n<p class=\"yiv4269464452MsoNormal\"><em><b>No I Semin\u00e1rio Trabalhista, o pedetista mostrou a necessidade de uma pol\u00edtica socialmente respons\u00e1vel<\/b><\/em><\/p>\n<p class=\"yiv4269464452MsoNormal\">O pr\u00e9-candidato ao Planalto pelo PDT, Ciro Gomes, fez duras cr\u00edticas \u00e0 incompet\u00eancia do presidente da Rep\u00fablica, Jair Bolsonaro, ao responsabiliz\u00e1-lo pela consolida\u00e7\u00e3o da maior crise econ\u00f4mica do Brasil. \u201c\u00c9 um desgoverno absoluto\u201d, condenou, nessa segunda-feira (15), durante o \u2018I Semin\u00e1rio Trabalhista\u2019 para qualifica\u00e7\u00e3o de prefeitos e vereadores.<\/p>\n<p class=\"yiv4269464452MsoNormal\">No evento virtual produzido pelo partido em conjunto com o seu \u00f3rg\u00e3o de coopera\u00e7\u00e3o, a Funda\u00e7\u00e3o Leonel Brizola \u2013 Alberto Pasqualini (FLB-AP), o ex-governador do Cear\u00e1 e ex-prefeito de Fortaleza (CE) fez uma leitura conjuntural do cen\u00e1rio irradiado por todo o pa\u00eds, bem como chamou a aten\u00e7\u00e3o para o aumento da crise se for mantido o bolsonarismo no poder.<\/p>\n<p class=\"yiv4269464452MsoNormal\">\u201c\u00c9 um olhar de quem est\u00e1 muito preocupado porque a situa\u00e7\u00e3o brasileira \u00e9 a pior da hist\u00f3ria. Ningu\u00e9m pense que \u00e9 exagero ret\u00f3rico nessa minha frase. S\u00e3o os piores dez anos de desenvolvimento econ\u00f4mico dos \u00faltimos 120 anos da hist\u00f3ria brasileira\u201d, relatou, ao citar a estat\u00edstica de crescimento negativo (-0,2%) do pa\u00eds e o acumulado empobrecimento da sociedade.<\/p>\n<p class=\"yiv4269464452MsoNormal\">\u201cNos \u00faltimos dois anos do Bolsonaro, mais de quatro milh\u00f5es de pessoas abandonaram a condi\u00e7\u00e3o de plano privado de sa\u00fade e passaram a precisar tamb\u00e9m do SUS. O abuso campeia para todos os lados e os planos est\u00e3o subindo seus pre\u00e7os\u201d, alertou.<\/p>\n<p class=\"yiv4269464452MsoNormal\">Sobre as perspectivas econ\u00f4micas, fiscais e tribut\u00e1rias brasileiras, Ciro, que tamb\u00e9m \u00e9 vice-presidente nacional do partido, disse que os gestores pedetistas ter\u00e3o uma fun\u00e7\u00e3o fundamental.<\/p>\n<p class=\"yiv4269464452MsoNormal\">\u201cOs prefeitos e prefeitas precisam entender que ter\u00e3o um papel essencial a cumprir para contemporizar. E isso \u00e9 poss\u00edvel\u201d, lembrou.<\/p>\n<p class=\"yiv4269464452MsoNormal\">\u201cPara n\u00f3s, do PDT, \u00e9 muito importante ter a ideia, o projeto, a luta e a milit\u00e2ncia, mas discurso sem exemplo todo mundo \u00e9 capaz de fazer no Brasil. E estamos diante de exemplos concretos\u201d, comentou.<\/p>\n<p class=\"yiv4269464452MsoNormal\">Como par\u00e2metro, Ciro citou as administra\u00e7\u00f5es do PDT em Niter\u00f3i (RJ), com Rodrigo Neves, e em Fortaleza (CE), com Roberto Cl\u00e1udio. Segundo ele, sa\u00edram com 80% de aprova\u00e7\u00e3o porque \u201ctiveram capacidade de interferir na vida do povo com a forte presen\u00e7a de investimentos e a qualifica\u00e7\u00e3o da infraestrutura dos servi\u00e7os p\u00fablicos.<\/p>\n<p class=\"yiv4269464452MsoNormal\">\u201cE quando n\u00e3o puderam fazer isso, n\u00e3o sa\u00edram de perto do povo e fizeram a humilde explica\u00e7\u00e3o e a presta\u00e7\u00e3o de contas, como homem p\u00fablico que esteja \u00e0 altura da confian\u00e7a popular em tempos de desmoraliza\u00e7\u00e3o da pol\u00edtica\u201d, acrescentou.<\/p>\n<p class=\"yiv4269464452MsoNormal\"><strong>Progresso integrado<\/strong><\/p>\n<p class=\"yiv4269464452MsoNormal\">\u201cA melhor forma de prever o futuro \u00e9 tomar a sua constru\u00e7\u00e3o nas m\u00e3os e realiz\u00e1-la\u201d. Ao resgatar uma frase do seu livro \u2018Projeto nacional: O dever da esperan\u00e7a\u2019 \u2013 que fora lan\u00e7ado em 2020 \u2013, Ciro enalteceu a qualidade do segundo painel da s\u00e9rie de debates programados para 2021.<\/p>\n<p class=\"yiv4269464452MsoNormal\">Mediado por Rodrigo Neves e com a contribui\u00e7\u00e3o do presidente da Funda\u00e7\u00e3o, Manoel Dias, o evento recebeu o prefeito de Cabo Frio (RJ), Jos\u00e9 Bonif\u00e1cio (PDT), o vice-presidente da FLB-AP e l\u00edder da consolida\u00e7\u00e3o do futuro plano de governo do Ciro, economista Nelson Marconi, e a secret\u00e1ria de Fazenda de Salvador (BA), Giovanna Victer.<\/p>\n<p class=\"yiv4269464452MsoNormal\">Reconhecendo a contribui\u00e7\u00e3o dos debatedores, Ciro aprofundou a an\u00e1lise sobre viabilidade e aprova\u00e7\u00e3o da gest\u00e3o municipal. Como ponto de equil\u00edbrio, ele colocou a propor\u00e7\u00e3o do volume de recursos dispon\u00edveis com os investimentos que transformam a realidade da popula\u00e7\u00e3o local.<\/p>\n<p class=\"yiv4269464452MsoNormal\">\u201cProcure fazer com que a diferen\u00e7a entre a receita dispon\u00edvel e a despesa necess\u00e1ria seja a maior poss\u00edvel. N\u00e3o para qualquer tipo de especula\u00e7\u00e3o, como \u00e9 a grande pol\u00edtica nacional, mas para financiar uma estrat\u00e9gia de desenvolvimento e pol\u00edticas p\u00fablicas que qualifiquem a vida do nosso povo\u201d, disse.<\/p>\n<p class=\"yiv4269464452MsoNormal\">Nas despesas, onde cita como principal item o gasto com servidor p\u00fablico, Ciro sugeriu a constru\u00e7\u00e3o de um di\u00e1logo transparente e a abertura para um governo participativo que evite o conflito distributivo.<\/p>\n<p class=\"yiv4269464452MsoNormal\">\u201cCriar, logo na entrada, um f\u00f3rum permanente de discuss\u00e3o da administra\u00e7\u00e3o com a participa\u00e7\u00e3o do prefeito\u201d, indicou, ao associar com a \u201cradical transpar\u00eancia na conta p\u00fablica\u201d.<\/p>\n<p class=\"yiv4269464452MsoNormal\">Acompanhe a \u00edntegra da transmiss\u00e3o\u00a0<a href=\"https:\/\/www.youtube.com\/watch?v=mXiLfkq9Bb8\" target=\"_blank\" rel=\"nofollow noopener noreferrer\">aqui<\/a>.<\/p>\n<\/div>\n<\/div>\n<\/div>\n<\/div>\n<!-- AddThis Advanced Settings generic via filter on the_content --><!-- AddThis Share Buttons generic via filter on the_content -->","protected":false},"excerpt":{"rendered":"<p>No I Semin\u00e1rio Trabalhista, o pedetista mostrou a necessidade de uma pol\u00edtica socialmente respons\u00e1vel O pr\u00e9-candidato ao Planalto pelo PDT, Ciro Gomes, fez duras cr\u00edticas \u00e0 incompet\u00eancia do presidente da Rep\u00fablica, Jair Bolsonaro, ao responsabiliz\u00e1-lo pela consolida\u00e7\u00e3o da maior crise econ\u00f4mica do Brasil. \u201c\u00c9 um desgoverno absoluto\u201d, condenou, nessa segunda-feira (15), durante o \u2018I Semin\u00e1rio&#8230;<!-- AddThis Advanced Settings generic via filter on wp_trim_excerpt --><!-- AddThis Share Buttons generic via filter on wp_trim_excerpt --><\/p>\n","protected":false},"author":17,"featured_media":76834,"comment_status":"closed","ping_status":"closed","sticky":false,"template":"","format":"standard","meta":{"_monsterinsights_skip_tracking":false,"_monsterinsights_sitenote_active":false,"_monsterinsights_sitenote_note":"","_monsterinsights_sitenote_category":0,"_uf_show_specific_survey":0,"_uf_disable_surveys":false,"footnotes":""},"categories":[1390,976],"tags":[4129,220,266,1403,4368,3068,591,2463,4587,3587,836,3169],"class_list":["post-76833","post","type-post","status-publish","format-standard","has-post-thumbnail","hentry","category-editorias","category-noticias-em-destaque","tag-cabo-frio-rj","tag-ciro-gomes","tag-crise-economica","tag-fortaleza-ce","tag-i-seminario-trabalhista","tag-jose-bonifacio","tag-manoel-dias","tag-niteroi-rj","tag-politica-socialmente-responsavel","tag-projeto-nacional-o-dever-da-esperanca","tag-roberto-claudio","tag-rodrigo-neves"],"acf":[],"_links":{"self":[{"href":"https:\/\/pdt-rj.org.br\/index.php\/wp-json\/wp\/v2\/posts\/76833","targetHints":{"allow":["GET"]}}],"collection":[{"href":"https:\/\/pdt-rj.org.br\/index.php\/wp-json\/wp\/v2\/posts"}],"about":[{"href":"https:\/\/pdt-rj.org.br\/index.php\/wp-json\/wp\/v2\/types\/post"}],"author":[{"embeddable":true,"href":"https:\/\/pdt-rj.org.br\/index.php\/wp-json\/wp\/v2\/users\/17"}],"replies":[{"embeddable":true,"href":"https:\/\/pdt-rj.org.br\/index.php\/wp-json\/wp\/v2\/comments?post=76833"}],"version-history":[{"count":5,"href":"https:\/\/pdt-rj.org.br\/index.php\/wp-json\/wp\/v2\/posts\/76833\/revisions"}],"predecessor-version":[{"id":76928,"href":"https:\/\/pdt-rj.org.br\/index.php\/wp-json\/wp\/v2\/posts\/76833\/revisions\/76928"}],"wp:featuredmedia":[{"embeddable":true,"href":"https:\/\/pdt-rj.org.br\/index.php\/wp-json\/wp\/v2\/media\/76834"}],"wp:attachment":[{"href":"https:\/\/pdt-rj.org.br\/index.php\/wp-json\/wp\/v2\/media?parent=76833"}],"wp:term":[{"taxonomy":"category","embeddable":true,"href":"https:\/\/pdt-rj.org.br\/index.php\/wp-json\/wp\/v2\/categories?post=76833"},{"taxonomy":"post_tag","embeddable":true,"href":"https:\/\/pdt-rj.org.br\/index.php\/wp-json\/wp\/v2\/tags?post=76833"}],"curies":[{"name":"wp","href":"https:\/\/api.w.org\/{rel}","templated":true}]}}