{"id":76826,"date":"2021-03-15T18:15:16","date_gmt":"2021-03-15T21:15:16","guid":{"rendered":"http:\/\/pdt-rj.org.br\/?p=76826"},"modified":"2021-03-15T18:15:16","modified_gmt":"2021-03-15T21:15:16","slug":"covid-19-bonifacio-reune-gabinete-de-solucoes-para-avaliar-restricoes-em-cabo-frio-rj","status":"publish","type":"post","link":"https:\/\/pdt-rj.org.br\/index.php\/covid-19-bonifacio-reune-gabinete-de-solucoes-para-avaliar-restricoes-em-cabo-frio-rj\/","title":{"rendered":"Covid-19: Bonif\u00e1cio re\u00fane Gabinete de Solu\u00e7\u00f5es para avaliar restri\u00e7\u00f5es em Cabo Frio (RJ)"},"content":{"rendered":"<div class=\"msg-body P_wpofO mq_AS\" data-test-id=\"message-view-body-content\">\n<div class=\"jb_0 X_6MGW N_6Fd5\">\n<div id=\"yiv6097162258\">\n<div dir=\"ltr\">\n<p class=\"yiv6097162258MsoNormal\"><em><strong>Liderado pelo prefeito do PDT, encontro reuniu representantes do governo e da sociedade civil<\/strong><\/em><\/p>\n<p class=\"yiv6097162258MsoNormal\">A Prefeitura de Cabo Frio (RJ) realizou, nesse s\u00e1bado (13), a quarta reuni\u00e3o do Gabinete de Solu\u00e7\u00f5es para combate ao Covid-19. Sob o comando do prefeito Jos\u00e9 Bonif\u00e1cio (PDT), o encontro com representantes governamentais e da sociedade civil abordou a implementa\u00e7\u00e3o de novas medidas restritivas na pandemia, que ser\u00e3o avaliadas pelas secretarias.<\/p>\n<p class=\"yiv6097162258MsoNormal\">Ressaltando a import\u00e2ncia do di\u00e1logo, Jos\u00e9 Bonif\u00e1cio destacou a necessidade de seguir os par\u00e2metros da ci\u00eancia e valorizou a integra\u00e7\u00e3o consciente dos cidad\u00e3os.<\/p>\n<p class=\"yiv6097162258MsoNormal\">\u201cEssa reuni\u00e3o foi muito proveitosa e esclarecedora. \u00c9 de extrema import\u00e2ncia ouvir a sociedade e termos as informa\u00e7\u00f5es t\u00e9cnicas que a Sa\u00fade nos apresentou. Ap\u00f3s essa ampla discuss\u00e3o, vamos reunir nossos secret\u00e1rios para avaliar as medidas que podemos tomar a fim de preservar as vidas\u201d, destacou o prefeito.<\/p>\n<p class=\"yiv6097162258MsoNormal\">\u201cContamos com a consci\u00eancia e a colabora\u00e7\u00e3o da popula\u00e7\u00e3o de Cabo Frio, \u00e9 preciso que cada um fa\u00e7a sua parte nessa batalha contra a doen\u00e7a\u201d, acrescentou, ao citar a presen\u00e7a de lideran\u00e7as parlamentares, jur\u00eddicas, sindicais, empresariais e do terceiro setor.<\/p>\n<p class=\"yiv6097162258MsoNormal\">O secret\u00e1rio de Sa\u00fade, Felipe Fernandes, apresentou, ao longo da atividade, um plano de a\u00e7\u00e3o situacional, onde exp\u00f4s o cen\u00e1rio epidemiol\u00f3gico da cidade e detalhou a estrutura municipal de sa\u00fade diante da taxa de ocupa\u00e7\u00e3o de leitos.<\/p>\n<\/div>\n<\/div>\n<\/div>\n<\/div>\n<!-- AddThis Advanced Settings generic via filter on the_content --><!-- AddThis Share Buttons generic via filter on the_content -->","protected":false},"excerpt":{"rendered":"<p>Liderado pelo prefeito do PDT, encontro reuniu representantes do governo e da sociedade civil A Prefeitura de Cabo Frio (RJ) realizou, nesse s\u00e1bado (13), a quarta reuni\u00e3o do Gabinete de Solu\u00e7\u00f5es para combate ao Covid-19. Sob o comando do prefeito Jos\u00e9 Bonif\u00e1cio (PDT), o encontro com representantes governamentais e da sociedade civil abordou a implementa\u00e7\u00e3o&#8230;<!-- AddThis Advanced Settings generic via filter on wp_trim_excerpt --><!-- AddThis Share Buttons generic via filter on wp_trim_excerpt --><\/p>\n","protected":false},"author":17,"featured_media":76827,"comment_status":"closed","ping_status":"closed","sticky":false,"template":"","format":"standard","meta":{"_monsterinsights_skip_tracking":false,"_monsterinsights_sitenote_active":false,"_monsterinsights_sitenote_note":"","_monsterinsights_sitenote_category":0,"_uf_show_specific_survey":0,"_uf_disable_surveys":false,"footnotes":""},"categories":[1390],"tags":[4129,3348,4586,3068,38],"class_list":["post-76826","post","type-post","status-publish","format-standard","has-post-thumbnail","hentry","category-editorias","tag-cabo-frio-rj","tag-covid-19","tag-gabinete-de-solucoes","tag-jose-bonifacio","tag-pdt"],"acf":[],"_links":{"self":[{"href":"https:\/\/pdt-rj.org.br\/index.php\/wp-json\/wp\/v2\/posts\/76826","targetHints":{"allow":["GET"]}}],"collection":[{"href":"https:\/\/pdt-rj.org.br\/index.php\/wp-json\/wp\/v2\/posts"}],"about":[{"href":"https:\/\/pdt-rj.org.br\/index.php\/wp-json\/wp\/v2\/types\/post"}],"author":[{"embeddable":true,"href":"https:\/\/pdt-rj.org.br\/index.php\/wp-json\/wp\/v2\/users\/17"}],"replies":[{"embeddable":true,"href":"https:\/\/pdt-rj.org.br\/index.php\/wp-json\/wp\/v2\/comments?post=76826"}],"version-history":[{"count":1,"href":"https:\/\/pdt-rj.org.br\/index.php\/wp-json\/wp\/v2\/posts\/76826\/revisions"}],"predecessor-version":[{"id":76828,"href":"https:\/\/pdt-rj.org.br\/index.php\/wp-json\/wp\/v2\/posts\/76826\/revisions\/76828"}],"wp:featuredmedia":[{"embeddable":true,"href":"https:\/\/pdt-rj.org.br\/index.php\/wp-json\/wp\/v2\/media\/76827"}],"wp:attachment":[{"href":"https:\/\/pdt-rj.org.br\/index.php\/wp-json\/wp\/v2\/media?parent=76826"}],"wp:term":[{"taxonomy":"category","embeddable":true,"href":"https:\/\/pdt-rj.org.br\/index.php\/wp-json\/wp\/v2\/categories?post=76826"},{"taxonomy":"post_tag","embeddable":true,"href":"https:\/\/pdt-rj.org.br\/index.php\/wp-json\/wp\/v2\/tags?post=76826"}],"curies":[{"name":"wp","href":"https:\/\/api.w.org\/{rel}","templated":true}]}}