{"id":76819,"date":"2021-03-15T17:56:01","date_gmt":"2021-03-15T20:56:01","guid":{"rendered":"http:\/\/pdt-rj.org.br\/?p=76819"},"modified":"2021-03-17T15:43:16","modified_gmt":"2021-03-17T18:43:16","slug":"precisamos-libertar-o-brasil-e-encerrar-a-era-bolsonaro-diz-william-rodrigues","status":"publish","type":"post","link":"https:\/\/pdt-rj.org.br\/index.php\/precisamos-libertar-o-brasil-e-encerrar-a-era-bolsonaro-diz-william-rodrigues\/","title":{"rendered":"\u201cPrecisamos libertar o Brasil e encerrar a era Bolsonaro\u201d, afirma William Rodrigues"},"content":{"rendered":"<div class=\"msg-body P_wpofO mq_AS\" data-test-id=\"message-view-body-content\">\n<div class=\"jb_0 X_6MGW N_6Fd5\">\n<div id=\"yiv8668842650\">\n<div dir=\"ltr\">\n<p class=\"yiv8668842650MsoNormal\"><em><b>Na reuni\u00e3o com lideran\u00e7as estaduais, presidente da Juventude Socialista valorizou o PDT e Ciro Gomes<\/b><\/em><\/p>\n<p class=\"yiv8668842650MsoNormal\">\u201cPrecisamos libertar o Brasil e encerrar a era Bolsonaro\u201d, disse o presidente nacional da Juventude Socialista (JS), William Rodrigues, durante reuni\u00e3o virtual, no s\u00e1bado (13), com os presidentes estaduais do movimento do PDT. Na pauta, o alinhamento das jovens lideran\u00e7as com as a\u00e7\u00f5es estrat\u00e9gicas do partido, incluindo a pr\u00e9-candidatura de Ciro Gomes ao Planalto e o impeachment do presidente da Rep\u00fablica, Jair Bolsonaro.<\/p>\n<p class=\"yiv8668842650MsoNormal\">\u201cFoi um profundo debate para a gente potencializar nossa atua\u00e7\u00e3o em prol do planejamento tra\u00e7ado pela dire\u00e7\u00e3o nacional do PDT, a partir da condu\u00e7\u00e3o do presidente Carlos Lupi\u201d, explicou.<\/p>\n<p class=\"yiv8668842650MsoNormal\">\u201cComo diferencial, temos Ciro Gomes e a milit\u00e2ncia pedetista. Tenho certeza que os jovens dar\u00e3o uma contribui\u00e7\u00e3o fundamental n\u00e3o s\u00f3 nas elei\u00e7\u00f5es de 2022, mas tamb\u00e9m na deposi\u00e7\u00e3o do Bolsonaro\u201d, completou.<\/p>\n<p class=\"yiv8668842650MsoNormal\">Ao relembrar os 40 anos da JS, celebrado no \u00faltimo m\u00eas de fevereiro, William atrela a mobiliza\u00e7\u00e3o da milit\u00e2ncia ao cont\u00ednuo processo de qualifica\u00e7\u00e3o dos quadros em todo o pa\u00eds.<\/p>\n<p class=\"yiv8668842650MsoNormal\">\u201cNossa hist\u00f3ria \u00e9 marcada por batalhas populares. Com organiza\u00e7\u00e3o e dedica\u00e7\u00e3o, seguimos determinados para formar mentes esclarecidas, proteger a democracia e garantir os direitos dos brasileiros\u201d, concluiu.<\/p>\n<\/div>\n<\/div>\n<\/div>\n<\/div>\n<!-- AddThis Advanced Settings generic via filter on the_content --><!-- AddThis Share Buttons generic via filter on the_content -->","protected":false},"excerpt":{"rendered":"<p>Na reuni\u00e3o com lideran\u00e7as estaduais, presidente da Juventude Socialista valorizou o PDT e Ciro Gomes \u201cPrecisamos libertar o Brasil e encerrar a era Bolsonaro\u201d, disse o presidente nacional da Juventude Socialista (JS), William Rodrigues, durante reuni\u00e3o virtual, no s\u00e1bado (13), com os presidentes estaduais do movimento do PDT. Na pauta, o alinhamento das jovens lideran\u00e7as&#8230;<!-- AddThis Advanced Settings generic via filter on wp_trim_excerpt --><!-- AddThis Share Buttons generic via filter on wp_trim_excerpt --><\/p>\n","protected":false},"author":17,"featured_media":76820,"comment_status":"closed","ping_status":"closed","sticky":false,"template":"","format":"standard","meta":{"_monsterinsights_skip_tracking":false,"_monsterinsights_sitenote_active":false,"_monsterinsights_sitenote_note":"","_monsterinsights_sitenote_category":0,"_uf_show_specific_survey":0,"_uf_disable_surveys":false,"footnotes":""},"categories":[1390,1586,1397,976],"tags":[],"class_list":["post-76819","post","type-post","status-publish","format-standard","has-post-thumbnail","hentry","category-editorias","category-juventude-socialista","category-movimentos","category-noticias-em-destaque"],"acf":[],"_links":{"self":[{"href":"https:\/\/pdt-rj.org.br\/index.php\/wp-json\/wp\/v2\/posts\/76819","targetHints":{"allow":["GET"]}}],"collection":[{"href":"https:\/\/pdt-rj.org.br\/index.php\/wp-json\/wp\/v2\/posts"}],"about":[{"href":"https:\/\/pdt-rj.org.br\/index.php\/wp-json\/wp\/v2\/types\/post"}],"author":[{"embeddable":true,"href":"https:\/\/pdt-rj.org.br\/index.php\/wp-json\/wp\/v2\/users\/17"}],"replies":[{"embeddable":true,"href":"https:\/\/pdt-rj.org.br\/index.php\/wp-json\/wp\/v2\/comments?post=76819"}],"version-history":[{"count":3,"href":"https:\/\/pdt-rj.org.br\/index.php\/wp-json\/wp\/v2\/posts\/76819\/revisions"}],"predecessor-version":[{"id":76823,"href":"https:\/\/pdt-rj.org.br\/index.php\/wp-json\/wp\/v2\/posts\/76819\/revisions\/76823"}],"wp:featuredmedia":[{"embeddable":true,"href":"https:\/\/pdt-rj.org.br\/index.php\/wp-json\/wp\/v2\/media\/76820"}],"wp:attachment":[{"href":"https:\/\/pdt-rj.org.br\/index.php\/wp-json\/wp\/v2\/media?parent=76819"}],"wp:term":[{"taxonomy":"category","embeddable":true,"href":"https:\/\/pdt-rj.org.br\/index.php\/wp-json\/wp\/v2\/categories?post=76819"},{"taxonomy":"post_tag","embeddable":true,"href":"https:\/\/pdt-rj.org.br\/index.php\/wp-json\/wp\/v2\/tags?post=76819"}],"curies":[{"name":"wp","href":"https:\/\/api.w.org\/{rel}","templated":true}]}}