{"id":76812,"date":"2021-03-14T12:14:20","date_gmt":"2021-03-14T15:14:20","guid":{"rendered":"http:\/\/pdt-rj.org.br\/?p=76812"},"modified":"2021-05-01T14:12:02","modified_gmt":"2021-05-01T17:12:02","slug":"sim-os-trabalhadores-podem-por-antonio-neto","status":"publish","type":"post","link":"https:\/\/pdt-rj.org.br\/index.php\/sim-os-trabalhadores-podem-por-antonio-neto\/","title":{"rendered":"Sim, os trabalhadores podem &#8211; Por Antonio Neto"},"content":{"rendered":"<p>Joe Biden fez v\u00e1rias mudan\u00e7as na decora\u00e7\u00e3o do Sal\u00e3o Oval logo ap\u00f3s ser empossado como presidente dos Estados Unidos. Uma das que mais me chamou a aten\u00e7\u00e3o foi a coloca\u00e7\u00e3o no local do busto de um sindicalista: C\u00e9sar Ch\u00e1vez (1927-1993), filho de imigrantes mexicanos que liderou um movimento pelos direitos de trabalhadores agr\u00edcolas. O seu lema era \u201cs\u00ed, se puede\u201d, mais tarde adaptado por Obama para \u201cyes, we can\u201d.<\/p>\n<p>Nos primeiros dias de governo, Biden declarou o seguinte: \u201cEstamos come\u00e7ando a trabalhar para reconstruir a espinha dorsal dos EUA: a ind\u00fastria, os sindicatos e a classe m\u00e9dia\u201d. Para o cargo equivalente ao de ministro do Trabalho, ele nomeou um ex-sindicalista. O novo presidente americano ainda assinou uma s\u00e9rie de atos executivos com medidas de prote\u00e7\u00e3o aos trabalhadores e fez um discurso hist\u00f3rico, no final de fevereiro, defendendo o direito de organiza\u00e7\u00e3o sindical, que enfrenta diversos entraves nos EUA.<\/p>\n<p>Teria o liberal Biden enlouquecido? Seria ele um agente comunista infiltrado no imp\u00e9rio americano? A resposta \u00e9 n\u00e3o. A aproxima\u00e7\u00e3o dele com o movimento sindical, apesar de pouco conhecida no Brasil, n\u00e3o come\u00e7ou ontem. E tem raz\u00f5es bem concretas.<\/p>\n<p>A sua campanha \u00e0 Presid\u00eancia foi lan\u00e7ada dentro do poderoso sindicato dos metal\u00fargicos de Pittsburgh, na Pensilv\u00e2nia. Desde o in\u00edcio, o democrata contou com amplo apoio de centrais sindicais, que criaram a A\u00e7\u00e3o Trabalhista para a Defesa da Democracia (LADD). Sindicalistas visitaram centenas de milhares de lares, batendo de porta em porta para pedir votos para o candidato. Quando Trump declarou que n\u00e3o reconheceria a vit\u00f3ria de Biden, o movimento oper\u00e1rio amea\u00e7ou uma greve nacional, algo que n\u00e3o acontece nos Estados Unidos desde a d\u00e9cada de 1940.<\/p>\n<p>Mas por que esse entusiasmo dos trabalhadores pela candidatura de Joe Biden, que n\u00e3o deteve o longo processo de enfraquecimento dos sindicatos quando era vice de Obama? A primeira frase do seu \u201cPlano de Fortalecimento das Organiza\u00e7\u00f5es Trabalhistas, da Negocia\u00e7\u00e3o Coletiva e dos Sindicatos\u201d, parte do seu programa de governo, resume bem a quest\u00e3o: \u201cSindicatos fortes constru\u00edram a grande classe m\u00e9dia americana\u201d.<\/p>\n<p>Demorou, mas em meio \u00e0 tripla trag\u00e9dia da pandemia, da grave crise econ\u00f4mica decorrente dela e do governo Trump, os democratas reconheceram o \u00f3bvio: \u201cN\u00e3o \u00e9 coincid\u00eancia que esse decl\u00ednio [no n\u00famero de trabalhadores sindicalizados] tenha ocorrido ao mesmo tempo em que cresceu a desigualdade de renda. Quando os trabalhadores s\u00e3o impedidos de se organizar e de se envolver em negocia\u00e7\u00f5es coletivas, os resultados previs\u00edveis s\u00e3o sal\u00e1rios estagnados e uma classe m\u00e9dia em decl\u00ednio\u201d, diz outro trecho do documento.<\/p>\n<p>Hoje os sindicalizados nos Estados Unidos representam apenas 10,5% da for\u00e7a de trabalho, contra 35% nos pr\u00f3speros anos 1950. A taxa de sindicaliza\u00e7\u00e3o caiu principalmente ap\u00f3s o governo ultraliberal de Ronald Reagan nos anos 1980, gra\u00e7as a campanhas antissindicais, com respaldo jur\u00eddico, realizadas dentro das empresas, al\u00e9m de constante intimida\u00e7\u00f5es de funcion\u00e1rios sindicalizados.<\/p>\n<p>A consequ\u00eancia n\u00e3o poderia ser outra. Segundo o Relat\u00f3rio da Desigualdade Global 2018, da equipe do economista franc\u00eas Thomas Piketty, os Estados Unidos enfrentam h\u00e1 quase 40 anos estagna\u00e7\u00e3o na renda da metade mais pobre da sua popula\u00e7\u00e3o. Desde 1980, o valor m\u00e9dio dos rendimentos anuais brutos desse segmento aumentou apenas US$ 200. Ao mesmo tempo, a renda m\u00e9dia anual bruta dos 10% mais ricos dobrou (para US$ 311 mil); e a do 1% no topo, triplicou (para US$ 1,3 milh\u00e3o).<\/p>\n<p>Tudo isso explica muita coisa, desde a elei\u00e7\u00e3o \u201csurpresa\u201d de Trump at\u00e9 esse protagonismo pouco antecipado dos sindicatos no governo de Biden. Por isso, Biden se elegeu com uma plataforma com medidas como o aumento de 100% no sal\u00e1rio m\u00ednimo federal, a recupera\u00e7\u00e3o do direito de negocia\u00e7\u00e3o coletiva, fortes controles e san\u00e7\u00f5es para a interfer\u00eancia empresarial na liberdade de sindicaliza\u00e7\u00e3o do seu pessoal e refor\u00e7o do direito de greve, entre outras. Afinal, o \u00fanico jeito de salvar a economia do mercado americano neste momento \u00e9 injetando dinheiro no bolso do trabalhador. E n\u00e3o h\u00e1 maneira mais pr\u00e1tica de fazer isso do que fortalecendo os sindicatos, que por sua vez exercem press\u00e3o sobre as empresas para uma maior valoriza\u00e7\u00e3o dos seus trabalhadores. E n\u00e3o \u00e9 exatamente disso que o Brasil precisa?<\/p>\n<p>A nossa taxa de sindicalizados tamb\u00e9m \u00e9 muito baixa, de apenas 11% \u2013 somente entre 2018 e 2019, depois da reforma trabalhista, perdemos mais de 1 milh\u00e3o de trabalhadores sindicalizados. A reforma foi aprovada com a promessa de cria\u00e7\u00e3o de 2 milh\u00f5es de empregos, e qual foi o resultado? A realidade \u00e9 que chegamos em 2021 com cerca de 14 milh\u00f5es de desempregados, frente os cerca de 11 milh\u00f5es de antes da aprova\u00e7\u00e3o da reforma. E, mesmo antes da pandemia, a taxa de desemprego diminuiu apenas de 12,2% (durante a recess\u00e3o de 2014) para 11,8%, por meio da cria\u00e7\u00e3o de empregos em sua maioria prec\u00e1rios, sem jornada ou sal\u00e1rios fixos.<\/p>\n<p>Outra promessa das reformas neoliberais era a de que o Brasil se tornaria mais competitivo e atraente para empresas e investidores estrangeiros. O resultado? A Ford n\u00e3o est\u00e1 mais a\u00ed para contar. O pa\u00eds perdeu uma multinacional a cada tr\u00eas meses desde 2018, da ind\u00fastria ao varejo \u2013 14 no total. O mercado interno implodiu. O faturamento das empresas do setor automotivo, que j\u00e1 foi de US$ 87 bilh\u00f5es no Brasil em 2013, caiu para US$ 54 bilh\u00f5es em 2019. A participa\u00e7\u00e3o do setor industrial no PIB brasileiro tamb\u00e9m vem caindo ano a ano. Em 2018, a ind\u00fastria de transforma\u00e7\u00e3o representou apenas 11,3% do PIB, quase a metade dos 20% registrados em 1976.<\/p>\n<p>No Brasil, nossa elite vem h\u00e1 muito tempo pressionando para que a pauta liberal seja implantada de reforma em reforma, sempre sob a alega\u00e7\u00e3o da gera\u00e7\u00e3o de empregos e salva\u00e7\u00e3o do Estado. Diversas foram implementadas, e tanto a vida do trabalhador quanto a situa\u00e7\u00e3o do pa\u00eds n\u00e3o param de piorar. Por uma raz\u00e3o simples, tudo isso est\u00e1 errado e est\u00e1 nos levando para baixo do fundo do po\u00e7o.<\/p>\n<p>J\u00e1 que nossa elite adora copiar os modelos americanos, fica a dica: que tal imitar o que Biden se prop\u00f4s a fazer nos Estados Unidos? A retomada do crescimento brasileiro passa necessariamente pela a\u00e7\u00e3o de sindicatos fortes, com estrutura e organiza\u00e7\u00e3o capazes de aumentar a renda, a prote\u00e7\u00e3o e a qualidade de vida dos seus trabalhadores.<\/p>\n<p>&nbsp;<\/p>\n<p><em><strong>*Antonio Neto \u00e9\u00a0<\/strong><\/em><em><strong>Presidente\u00a0<\/strong><\/em><em><strong> da Central dos Sindicatos Brasileiros (CSB) e presidente do PDT na cidade S\u00e3o Paulo (SP)<\/strong><\/em><\/p>\n<!-- AddThis Advanced Settings generic via filter on the_content --><!-- AddThis Share Buttons generic via filter on the_content -->","protected":false},"excerpt":{"rendered":"<p>Joe Biden fez v\u00e1rias mudan\u00e7as na decora\u00e7\u00e3o do Sal\u00e3o Oval logo ap\u00f3s ser empossado como presidente dos Estados Unidos. Uma das que mais me chamou a aten\u00e7\u00e3o foi a coloca\u00e7\u00e3o no local do busto de um sindicalista: C\u00e9sar Ch\u00e1vez (1927-1993), filho de imigrantes mexicanos que liderou um movimento pelos direitos de trabalhadores agr\u00edcolas. O seu&#8230;<!-- AddThis Advanced Settings generic via filter on wp_trim_excerpt --><!-- AddThis Share Buttons generic via filter on wp_trim_excerpt --><\/p>\n","protected":false},"author":17,"featured_media":76813,"comment_status":"closed","ping_status":"closed","sticky":false,"template":"","format":"standard","meta":{"_monsterinsights_skip_tracking":false,"_monsterinsights_sitenote_active":false,"_monsterinsights_sitenote_note":"","_monsterinsights_sitenote_category":0,"_uf_show_specific_survey":0,"_uf_disable_surveys":false,"footnotes":""},"categories":[1584,1390],"tags":[4579,2621,379,4580,4118,1908,4581,1472],"class_list":["post-76812","post","type-post","status-publish","format-standard","has-post-thumbnail","hentry","category-artigos","category-editorias","tag-acao-trabalhista-para-a-defesa-da-democracia","tag-antonio-neto","tag-eua","tag-ford","tag-joe-biden","tag-movimento-sindical","tag-relatorio-da-desigualdade-global-2018","tag-salario-minimo"],"acf":[],"_links":{"self":[{"href":"https:\/\/pdt-rj.org.br\/index.php\/wp-json\/wp\/v2\/posts\/76812","targetHints":{"allow":["GET"]}}],"collection":[{"href":"https:\/\/pdt-rj.org.br\/index.php\/wp-json\/wp\/v2\/posts"}],"about":[{"href":"https:\/\/pdt-rj.org.br\/index.php\/wp-json\/wp\/v2\/types\/post"}],"author":[{"embeddable":true,"href":"https:\/\/pdt-rj.org.br\/index.php\/wp-json\/wp\/v2\/users\/17"}],"replies":[{"embeddable":true,"href":"https:\/\/pdt-rj.org.br\/index.php\/wp-json\/wp\/v2\/comments?post=76812"}],"version-history":[{"count":2,"href":"https:\/\/pdt-rj.org.br\/index.php\/wp-json\/wp\/v2\/posts\/76812\/revisions"}],"predecessor-version":[{"id":77698,"href":"https:\/\/pdt-rj.org.br\/index.php\/wp-json\/wp\/v2\/posts\/76812\/revisions\/77698"}],"wp:featuredmedia":[{"embeddable":true,"href":"https:\/\/pdt-rj.org.br\/index.php\/wp-json\/wp\/v2\/media\/76813"}],"wp:attachment":[{"href":"https:\/\/pdt-rj.org.br\/index.php\/wp-json\/wp\/v2\/media?parent=76812"}],"wp:term":[{"taxonomy":"category","embeddable":true,"href":"https:\/\/pdt-rj.org.br\/index.php\/wp-json\/wp\/v2\/categories?post=76812"},{"taxonomy":"post_tag","embeddable":true,"href":"https:\/\/pdt-rj.org.br\/index.php\/wp-json\/wp\/v2\/tags?post=76812"}],"curies":[{"name":"wp","href":"https:\/\/api.w.org\/{rel}","templated":true}]}}