{"id":76796,"date":"2021-03-13T17:22:56","date_gmt":"2021-03-13T20:22:56","guid":{"rendered":"http:\/\/pdt-rj.org.br\/?p=76796"},"modified":"2021-03-16T16:27:03","modified_gmt":"2021-03-16T19:27:03","slug":"pdt-no-enfretamento-a-pandemia-e-ao-governo-bolsonaro","status":"publish","type":"post","link":"https:\/\/pdt-rj.org.br\/index.php\/pdt-no-enfretamento-a-pandemia-e-ao-governo-bolsonaro\/","title":{"rendered":"PDT no enfretamento \u00e0 pandemia e ao Governo Bolsonaro"},"content":{"rendered":"<h3><em>Com Wolney Queiroz e Axel Grael, Caf\u00e9 com Lupi aborda a\u00e7\u00f5es no Congresso e no Executivo municipal de Niter\u00f3i<\/em><\/h3>\n<p>&nbsp;<\/p>\n<p>A pandemia segue em alta no Brasil e o PDT luta em diversas frentes para contrapor a gest\u00e3o genocida do Governo Federal. Foi esse esfor\u00e7o que dominou o Caf\u00e9 com Lupi deste s\u00e1bado (13). De um lado, o l\u00edder do PDT na C\u00e2mara, deputado Wolney Queiroz, evidenciou a guerra parlamentar em defesa da popula\u00e7\u00e3o brasileira; do outro, o prefeito de Niter\u00f3i (RJ), Axel Grael, exp\u00f4s como uma gest\u00e3o respons\u00e1vel pode reduzir os impactos da crise.<\/p>\n<p>A prefeitura de Niter\u00f3i tem dado exemplo de gest\u00e3o em sua atua\u00e7\u00e3o no combate ao coronav\u00edrus. O munic\u00edpio j\u00e1 investiu mais de R$ 500 milh\u00f5es no enfrentamento \u00e0 pandemia, por meio de recursos pr\u00f3prios, e implantou a Renda B\u00e1sica Emergencial \u2013 aux\u00edlio municipal de R$ 500 reais destinado a cerca de 50 mil fam\u00edlias da cidade.<\/p>\n<p>\u201cDesde o in\u00edcio da pandemia, Niter\u00f3i foi pioneira em v\u00e1rios aspectos. Foi a primeira cidade a estruturar um gabinete de crise, que vem se reunindo sistematicamente desde ent\u00e3o. Fizemos o isolamento social, fechamos v\u00e1rias atividades e implantamos um programa de renda b\u00e1sica [&#8230;] Acabamos de aprovar, na C\u00e2mara dos Vereadores, a extens\u00e3o desse programa at\u00e9 julho desse ano\u201d, informou Axel Grael.<\/p>\n<p>De acordo com o prefeito de Niter\u00f3i, cerca de 30% do valor investido na Renda B\u00e1sica Emergencial ser\u00e1 recuperado na forma de impostos. Al\u00e9m disso, a pol\u00edtica p\u00fablica permite que a economia local continue em movimento. \u201cCom isso, mantemos a cidade ativa, em condi\u00e7\u00f5es de manter empregos, gerar renda para as fam\u00edlias e, ao mesmo tempo, permite que, assim que superarmos essa pandemia, a gente possa recuperar mais rapidamente a economia da cidade\u201d, explicou.<\/p>\n<p>J\u00e1 no Congresso Nacional, a batalha \u00e9 para neutralizar investidas do Governo contra a popula\u00e7\u00e3o brasileira. Na \u00faltima quarta-feira, a PEC Emergencial foi votada na C\u00e2mara dos Deputados. De acordo com o deputado Wolney Queiroz, o texto \u2013 que tem em tese a aprova\u00e7\u00e3o do novo aux\u00edlio emergencial como prioridade \u2013 \u00e9, na verdade, um artif\u00edcio do Executivo Federal para aprovar a impopular reforma administrativa.<\/p>\n<p>\u201cO Governo trouxe para a pauta uma PEC, que chamou de PEC emergencial, onde colocava a aprova\u00e7\u00e3o do auxilio emergencial. Uma p\u00e1gina do texto era sobre auxilio emergencial e o resto, as outras 200 p\u00e1ginas, era sobre uma reforma administrativa que o governo tentava aprovar ali na C\u00e2mara e aprovou\u201d, disse o deputado pedetista.<\/p>\n<p>De todo modo, o texto n\u00e3o passou integralmente. A articula\u00e7\u00e3o da bancada do PDT, sob a lideran\u00e7a de Wolney Queiroz, aprovou destaque que barra a desvincula\u00e7\u00e3o de receitas de impostos e fundos. A interven\u00e7\u00e3o pedetista \u00e9 uma importante vit\u00f3ria, pois impede que o Governo Federal remaneje recursos do meio-ambiente, cultura, avia\u00e7\u00e3o civil, sa\u00fade e \u00e1rea social.<\/p>\n<p>\u201cEsses fundos seriam colocados \u00e0 disposi\u00e7\u00e3o do Governo para pagar d\u00edvida, para pagar aos agiotas nacionais e internacionais. [&#8230;] Em 10 anos, seriam R$ 200 bilh\u00f5es que seriam desvinculados desses fundos para que o Governo metesse a m\u00e3o nesse dinheiro todo. Inclusive o fundo soberano, aquele que n\u00f3s aprovamos dos royalties do pr\u00e9-sal, que tamb\u00e9m o PDT foi autor, vinculando aquele dinheiro para sa\u00fade e educa\u00e7\u00e3o\u201d, afirmou Wolney.<\/p>\n<p>Quer saber mais? Confira o programa na \u00edntegra abaixo.<\/p>\n<p><iframe loading=\"lazy\" src=\"\/\/www.youtube.com\/embed\/zXiMCkmQQIY\" width=\"956\" height=\"538\" frameborder=\"0\" allowfullscreen=\"allowfullscreen\"><\/iframe><\/p>\n<!-- AddThis Advanced Settings generic via filter on the_content --><!-- AddThis Share Buttons generic via filter on the_content -->","protected":false},"excerpt":{"rendered":"<p>Com Wolney Queiroz e Axel Grael, Caf\u00e9 com Lupi aborda a\u00e7\u00f5es no Congresso e no Executivo municipal de Niter\u00f3i &nbsp; A pandemia segue em alta no Brasil e o PDT luta em diversas frentes para contrapor a gest\u00e3o genocida do Governo Federal. Foi esse esfor\u00e7o que dominou o Caf\u00e9 com Lupi deste s\u00e1bado (13). De&#8230;<!-- AddThis Advanced Settings generic via filter on wp_trim_excerpt --><!-- AddThis Share Buttons generic via filter on wp_trim_excerpt --><\/p>\n","protected":false},"author":17,"featured_media":76797,"comment_status":"closed","ping_status":"closed","sticky":false,"template":"","format":"standard","meta":{"_monsterinsights_skip_tracking":false,"_monsterinsights_sitenote_active":false,"_monsterinsights_sitenote_note":"","_monsterinsights_sitenote_category":0,"_uf_show_specific_survey":0,"_uf_disable_surveys":false,"footnotes":""},"categories":[1390,975,976],"tags":[4025,3695,196,3347,38,3939,964],"class_list":["post-76796","post","type-post","status-publish","format-standard","has-post-thumbnail","hentry","category-editorias","category-manchete","category-noticias-em-destaque","tag-axel-grael","tag-cafe-com-lupi","tag-carlos-lupi","tag-congresso","tag-pdt","tag-prefeitura-de-niteroi","tag-wolney-queiroz"],"acf":[],"_links":{"self":[{"href":"https:\/\/pdt-rj.org.br\/index.php\/wp-json\/wp\/v2\/posts\/76796","targetHints":{"allow":["GET"]}}],"collection":[{"href":"https:\/\/pdt-rj.org.br\/index.php\/wp-json\/wp\/v2\/posts"}],"about":[{"href":"https:\/\/pdt-rj.org.br\/index.php\/wp-json\/wp\/v2\/types\/post"}],"author":[{"embeddable":true,"href":"https:\/\/pdt-rj.org.br\/index.php\/wp-json\/wp\/v2\/users\/17"}],"replies":[{"embeddable":true,"href":"https:\/\/pdt-rj.org.br\/index.php\/wp-json\/wp\/v2\/comments?post=76796"}],"version-history":[{"count":3,"href":"https:\/\/pdt-rj.org.br\/index.php\/wp-json\/wp\/v2\/posts\/76796\/revisions"}],"predecessor-version":[{"id":76857,"href":"https:\/\/pdt-rj.org.br\/index.php\/wp-json\/wp\/v2\/posts\/76796\/revisions\/76857"}],"wp:featuredmedia":[{"embeddable":true,"href":"https:\/\/pdt-rj.org.br\/index.php\/wp-json\/wp\/v2\/media\/76797"}],"wp:attachment":[{"href":"https:\/\/pdt-rj.org.br\/index.php\/wp-json\/wp\/v2\/media?parent=76796"}],"wp:term":[{"taxonomy":"category","embeddable":true,"href":"https:\/\/pdt-rj.org.br\/index.php\/wp-json\/wp\/v2\/categories?post=76796"},{"taxonomy":"post_tag","embeddable":true,"href":"https:\/\/pdt-rj.org.br\/index.php\/wp-json\/wp\/v2\/tags?post=76796"}],"curies":[{"name":"wp","href":"https:\/\/api.w.org\/{rel}","templated":true}]}}