{"id":76789,"date":"2021-03-13T02:38:07","date_gmt":"2021-03-13T05:38:07","guid":{"rendered":"http:\/\/pdt-rj.org.br\/?p=76789"},"modified":"2021-03-16T01:05:26","modified_gmt":"2021-03-16T04:05:26","slug":"jango-desgracada-a-democracia-se-tiver-que-ser-defendida-por-tais-democratas","status":"publish","type":"post","link":"https:\/\/pdt-rj.org.br\/index.php\/jango-desgracada-a-democracia-se-tiver-que-ser-defendida-por-tais-democratas\/","title":{"rendered":"Jango: \u201cDesgra\u00e7ada a democracia se tiver que ser defendida por tais democratas\u201d"},"content":{"rendered":"<div class=\"msg-body P_wpofO mq_AS\" data-test-id=\"message-view-body-content\">\n<div class=\"jb_0 X_6MGW N_6Fd5\">\n<div id=\"yiv6294290868\">\n<div dir=\"ltr\">\n<p><em><b>No com\u00edcio das reformas, em 1964, o ent\u00e3o presidente condenou atentados aristocr\u00e1ticos contra o Governo<\/b><\/em><em>\u00a0<\/em><\/p>\n<p>\u201cDesgra\u00e7ada a democracia se tiver que ser defendida por tais democratas.\u201d A frase do presidente da Rep\u00fablica, Jo\u00e3o Goulart (Jango), para mais de 150 mil pessoas na Central do Brasil, no Centro do Rio de Janeiro, em\u00a013 de mar\u00e7o de 1964, explicitou a tentativa de apropria\u00e7\u00e3o e destrui\u00e7\u00e3o, por aristocratas, de um regime pol\u00edtico nacional que buscava efetivar a soberania nas m\u00e3os do pr\u00f3prio povo.<\/p>\n<p>\u201cN\u00e3o tiram o sono as manifesta\u00e7\u00f5es de protesto dos gananciosos, mascarados de frases patri\u00f3ticas, mas que, na realidade, traduzem suas esperan\u00e7as e seus prop\u00f3sitos de restabelecer a impunidade para suas atividades antissociais\u201d, justificou, dias antes do golpe militar.<\/p>\n<p>Na exalta\u00e7\u00e3o das\u00a0organiza\u00e7\u00f5es oper\u00e1rias e lideran\u00e7as populares presentes, que permitiram a supera\u00e7\u00e3o de campanhas de terror ideol\u00f3gico e sabotagem contra o ato e o governo, Jango condenou o boicote de representantes da burguesia, ent\u00e3o alimentado por interesses internacionais.<\/p>\n<p>\u201cDemocracia para esses democratas n\u00e3o \u00e9 o regime da liberdade de reuni\u00e3o para o povo: o que eles querem \u00e9 uma democracia de povo emudecido, amorda\u00e7ado nos seus anseios e sufocado nas suas reivindica\u00e7\u00f5es\u201d, disse.<\/p>\n<p>\u201cA democracia que eles desejam impingir-nos \u00e9 a democracia antipovo, do antissindicato, da antirreforma. Ou seja, aquela que melhor atende aos interesses dos grupos a que eles servem ou representam\u201d, acrescentou.<\/p>\n<p>Sobre o perfil dos opositores, o presidente listou outras medidas que atentavam contra o fortalecimento do Estado. Como exemplo, a busca pela liquida\u00e7\u00e3o da Petrobras e a expans\u00e3o dos monop\u00f3lios privados que, segundo ele, levou ao suic\u00eddio do ex-presidente Get\u00falio Vargas.<\/p>\n<p>\u201cDemocracia \u00e9 o que o meu governo vem procurando realizar, como \u00e9 do seu dever, n\u00e3o s\u00f3 para interpretar os anseios populares, mas tamb\u00e9m conquist\u00e1-los pelos caminhos da legalidade, pelos caminhos do entendimento e da paz social\u201d, comparou.<\/p>\n<p><strong>Contraponto\u00a0<\/strong><\/p>\n<p>Ao ratificar o lema do seu governo \u2013 \u201cprogresso com justi\u00e7a, e desenvolvimento com igualdade\u201d \u2013, o presidente indicou para os trabalhadores a import\u00e2ncia das reformas de base na pavimenta\u00e7\u00e3o do \u201ccaminho do progresso pela paz social\u201d.<\/p>\n<p>\u201cReformar \u00e9 solucionar pacificamente as contradi\u00e7\u00f5es de uma ordem econ\u00f4mica e jur\u00eddica superada pelas realidades do tempo em que vivemos\u201d, ponderou.<\/p>\n<p>\u201cN\u00e3o apenas pela reforma agr\u00e1ria, mas pela reforma tribut\u00e1ria, pela reforma eleitoral ampla, pelo voto do analfabeto, pela elegibilidade de todos os brasileiros, pela pureza da vida democr\u00e1tica, pela emancipa\u00e7\u00e3o econ\u00f4mica, pela justi\u00e7a social e pelo progresso do Brasil\u201d, completou.<\/p>\n<\/div>\n<\/div>\n<\/div>\n<\/div>\n<!-- AddThis Advanced Settings generic via filter on the_content --><!-- AddThis Share Buttons generic via filter on the_content -->","protected":false},"excerpt":{"rendered":"<p>No com\u00edcio das reformas, em 1964, o ent\u00e3o presidente condenou atentados aristocr\u00e1ticos contra o Governo\u00a0 \u201cDesgra\u00e7ada a democracia se tiver que ser defendida por tais democratas.\u201d A frase do presidente da Rep\u00fablica, Jo\u00e3o Goulart (Jango), para mais de 150 mil pessoas na Central do Brasil, no Centro do Rio de Janeiro, em\u00a013 de mar\u00e7o de&#8230;<!-- AddThis Advanced Settings generic via filter on wp_trim_excerpt --><!-- AddThis Share Buttons generic via filter on wp_trim_excerpt --><\/p>\n","protected":false},"author":17,"featured_media":76790,"comment_status":"closed","ping_status":"closed","sticky":false,"template":"","format":"standard","meta":{"_monsterinsights_skip_tracking":false,"_monsterinsights_sitenote_active":false,"_monsterinsights_sitenote_note":"","_monsterinsights_sitenote_category":0,"_uf_show_specific_survey":0,"_uf_disable_surveys":false,"footnotes":""},"categories":[1390,4549,976],"tags":[4578,513,514],"class_list":["post-76789","post","type-post","status-publish","format-standard","has-post-thumbnail","hentry","category-editorias","category-memoria","category-noticias-em-destaque","tag-atentados-aristocraticos","tag-jango","tag-joao-goulart"],"acf":[],"_links":{"self":[{"href":"https:\/\/pdt-rj.org.br\/index.php\/wp-json\/wp\/v2\/posts\/76789","targetHints":{"allow":["GET"]}}],"collection":[{"href":"https:\/\/pdt-rj.org.br\/index.php\/wp-json\/wp\/v2\/posts"}],"about":[{"href":"https:\/\/pdt-rj.org.br\/index.php\/wp-json\/wp\/v2\/types\/post"}],"author":[{"embeddable":true,"href":"https:\/\/pdt-rj.org.br\/index.php\/wp-json\/wp\/v2\/users\/17"}],"replies":[{"embeddable":true,"href":"https:\/\/pdt-rj.org.br\/index.php\/wp-json\/wp\/v2\/comments?post=76789"}],"version-history":[{"count":1,"href":"https:\/\/pdt-rj.org.br\/index.php\/wp-json\/wp\/v2\/posts\/76789\/revisions"}],"predecessor-version":[{"id":76791,"href":"https:\/\/pdt-rj.org.br\/index.php\/wp-json\/wp\/v2\/posts\/76789\/revisions\/76791"}],"wp:featuredmedia":[{"embeddable":true,"href":"https:\/\/pdt-rj.org.br\/index.php\/wp-json\/wp\/v2\/media\/76790"}],"wp:attachment":[{"href":"https:\/\/pdt-rj.org.br\/index.php\/wp-json\/wp\/v2\/media?parent=76789"}],"wp:term":[{"taxonomy":"category","embeddable":true,"href":"https:\/\/pdt-rj.org.br\/index.php\/wp-json\/wp\/v2\/categories?post=76789"},{"taxonomy":"post_tag","embeddable":true,"href":"https:\/\/pdt-rj.org.br\/index.php\/wp-json\/wp\/v2\/tags?post=76789"}],"curies":[{"name":"wp","href":"https:\/\/api.w.org\/{rel}","templated":true}]}}