{"id":76765,"date":"2021-03-12T16:02:36","date_gmt":"2021-03-12T19:02:36","guid":{"rendered":"http:\/\/pdt-rj.org.br\/?p=76765"},"modified":"2021-03-12T16:08:04","modified_gmt":"2021-03-12T19:08:04","slug":"pdt-cobra-que-justica-anule-retaliacao-de-bolsonaro-a-estados-e-municipios","status":"publish","type":"post","link":"https:\/\/pdt-rj.org.br\/index.php\/pdt-cobra-que-justica-anule-retaliacao-de-bolsonaro-a-estados-e-municipios\/","title":{"rendered":"PDT cobra que Justi\u00e7a anule retalia\u00e7\u00e3o de Bolsonaro a estados e munic\u00edpios"},"content":{"rendered":"<p>O PDT acionou, hoje (12), o Supremo Tribunal Federal (STF) contra a Portaria n\u00ba 124, da Secretaria Especial de Cultura, que impede projetos culturais oriundos de entes federativos que adotam medidas de isolamento de participem da Lei Rouanet. O partido alega que essa \u00e9 mais uma medida do Governo Federal em favor do agravamento da pandemia por meio de \u201cpol\u00edtica genocida\u201d.<\/p>\n<p>A portaria n\u00ba 124 \u00e9 clara em sua restri\u00e7\u00e3o: \u201c[&#8230;] s\u00f3 ser\u00e3o analisadas e publicadas no Di\u00e1rio Oficial da Uni\u00e3o as propostas culturais, que envolvam intera\u00e7\u00e3o presencial com o p\u00fablico, cujo local da execu\u00e7\u00e3o n\u00e3o esteja em ente federativo em que haja restri\u00e7\u00e3o de circula\u00e7\u00e3o, toque de recolher, lockdown ou outras a\u00e7\u00f5es que impe\u00e7am a execu\u00e7\u00e3o do projeto\u201d, diz o documento.<\/p>\n<p>De acordo com a A\u00e7\u00e3o de Descumprimento de Preceito Fundamental (ADPF), a medida \u00e9 uma retalia\u00e7\u00e3o do Governo Federal a estados e munic\u00edpios que tem adotado medidas no combate a pandemia e \u201cincita a popula\u00e7\u00e3o, especificamente as pessoas do segmento cultural, a descumprir as medidas restritivas adotadas como forma de prevenir a dissemina\u00e7\u00e3o e cont\u00e1gio da COVID-19\u201d.<\/p>\n<p>O partido afirma tamb\u00e9m que a restri\u00e7\u00e3o desconsidera manifesta\u00e7\u00f5es culturais n\u00e3o presenciais \u2013 como a edi\u00e7\u00e3o de livros, por exemplo \u2013 e adaptadas ao universo das redes, como as transmiss\u00f5es ao vivo. \u201cAs manifesta\u00e7\u00f5es culturais n\u00e3o cessaram, pelo que as formas de fomento e incentivo \u00e0 cultura, enquanto perdurar o per\u00edodo de isolamento social, devem ser reinventadas e adaptadas ao meio digital\u201d, diz a a\u00e7\u00e3o.<\/p>\n<p>Os preceitos fundamentais violados pelo texto da Portaria n\u00ba 124, da Secretaria Especial de Cultura, de acordo com o PDT, s\u00e3o: o princ\u00edpio da legalidade; a igualdade material; o direito \u00e0 liberdade de express\u00e3o da atividade intelectual, art\u00edstica, cient\u00edfica e de comunica\u00e7\u00e3o; o direito \u00e0 preserva\u00e7\u00e3o do patrim\u00f4nio hist\u00f3rico e cultural; o direito \u00e0 diversidade e identidade cultural; e o direito de acesso \u00e0 cultura.<\/p>\n<p>Confira a\u00e7\u00e3o abaixo.<\/p>\n<p><a href=\"http:\/\/pdt-rj.org.br\/wp-content\/uploads\/2021\/03\/PETICAO.INICIAL-Assinado.pdf\">PETICAO.INICIAL<\/a><\/p>\n<!-- AddThis Advanced Settings generic via filter on the_content --><!-- AddThis Share Buttons generic via filter on the_content -->","protected":false},"excerpt":{"rendered":"<p>O PDT acionou, hoje (12), o Supremo Tribunal Federal (STF) contra a Portaria n\u00ba 124, da Secretaria Especial de Cultura, que impede projetos culturais oriundos de entes federativos que adotam medidas de isolamento de participem da Lei Rouanet. O partido alega que essa \u00e9 mais uma medida do Governo Federal em favor do agravamento da&#8230;<!-- AddThis Advanced Settings generic via filter on wp_trim_excerpt --><!-- AddThis Share Buttons generic via filter on wp_trim_excerpt --><\/p>\n","protected":false},"author":17,"featured_media":76767,"comment_status":"closed","ping_status":"closed","sticky":false,"template":"","format":"standard","meta":{"_monsterinsights_skip_tracking":false,"_monsterinsights_sitenote_active":false,"_monsterinsights_sitenote_note":"","_monsterinsights_sitenote_category":0,"_uf_show_specific_survey":0,"_uf_disable_surveys":false,"footnotes":""},"categories":[976],"tags":[3718,1640,4330,38,28],"class_list":["post-76765","post","type-post","status-publish","format-standard","has-post-thumbnail","hentry","category-noticias-em-destaque","tag-adpf","tag-cultura","tag-lei-rouanet","tag-pdt","tag-stf"],"acf":[],"_links":{"self":[{"href":"https:\/\/pdt-rj.org.br\/index.php\/wp-json\/wp\/v2\/posts\/76765","targetHints":{"allow":["GET"]}}],"collection":[{"href":"https:\/\/pdt-rj.org.br\/index.php\/wp-json\/wp\/v2\/posts"}],"about":[{"href":"https:\/\/pdt-rj.org.br\/index.php\/wp-json\/wp\/v2\/types\/post"}],"author":[{"embeddable":true,"href":"https:\/\/pdt-rj.org.br\/index.php\/wp-json\/wp\/v2\/users\/17"}],"replies":[{"embeddable":true,"href":"https:\/\/pdt-rj.org.br\/index.php\/wp-json\/wp\/v2\/comments?post=76765"}],"version-history":[{"count":2,"href":"https:\/\/pdt-rj.org.br\/index.php\/wp-json\/wp\/v2\/posts\/76765\/revisions"}],"predecessor-version":[{"id":76769,"href":"https:\/\/pdt-rj.org.br\/index.php\/wp-json\/wp\/v2\/posts\/76765\/revisions\/76769"}],"wp:featuredmedia":[{"embeddable":true,"href":"https:\/\/pdt-rj.org.br\/index.php\/wp-json\/wp\/v2\/media\/76767"}],"wp:attachment":[{"href":"https:\/\/pdt-rj.org.br\/index.php\/wp-json\/wp\/v2\/media?parent=76765"}],"wp:term":[{"taxonomy":"category","embeddable":true,"href":"https:\/\/pdt-rj.org.br\/index.php\/wp-json\/wp\/v2\/categories?post=76765"},{"taxonomy":"post_tag","embeddable":true,"href":"https:\/\/pdt-rj.org.br\/index.php\/wp-json\/wp\/v2\/tags?post=76765"}],"curies":[{"name":"wp","href":"https:\/\/api.w.org\/{rel}","templated":true}]}}