{"id":76719,"date":"2021-03-14T00:09:22","date_gmt":"2021-03-14T03:09:22","guid":{"rendered":"http:\/\/pdt-rj.org.br\/?p=76719"},"modified":"2021-03-15T18:02:56","modified_gmt":"2021-03-15T21:02:56","slug":"abdias-nascimento-representa-a-intrinseca-busca-pela-segunda-e-verdadeira-abolicao","status":"publish","type":"post","link":"https:\/\/pdt-rj.org.br\/index.php\/abdias-nascimento-representa-a-intrinseca-busca-pela-segunda-e-verdadeira-abolicao\/","title":{"rendered":"Abdias Nascimento: a intr\u00ednseca busca pela \u201csegunda e verdadeira aboli\u00e7\u00e3o\u201d"},"content":{"rendered":"<div class=\"msg-body P_wpofO mq_AS\" data-test-id=\"message-view-body-content\">\n<div class=\"jb_0 X_6MGW N_6Fd5\">\n<div id=\"yiv7393869336\">\n<div dir=\"ltr\">\n<p class=\"yiv7393869336gmail-MsoNoSpacing\"><em><strong>Lideran\u00e7a do PDT impulsionou a atua\u00e7\u00e3o do movimento negro por direitos e contra problemas seculares\u00a0<\/strong><\/em><\/p>\n<p class=\"yiv7393869336gmail-MsoNoSpacing\">Um dos principais \u00edcones do movimento negro no Brasil, Abdias Nascimento, completaria\u00a0 107 anos neste domingo (14). O eco de sua\u00a0 voz atesta a representatividade do ex-senador e ex-deputado federal do PDT na busca pela recorrente concretiza\u00e7\u00e3o da \u201csegunda e verdadeira aboli\u00e7\u00e3o\u201d, edificada por milh\u00f5es de antepassados.<\/p>\n<p class=\"yiv7393869336gmail-MsoNoSpacing\">E a caracter\u00edstica posi\u00e7\u00e3o era observada em cada manifesta\u00e7\u00e3o do tamb\u00e9m cientista econ\u00f4mico e professor universit\u00e1rio. No plen\u00e1rio do Senado em 13 de maio de 1998, Dia da Aboli\u00e7\u00e3o da Escravatura, o pedetista destacou a luta hist\u00f3rica em prol de \u201creivindica\u00e7\u00f5es consistentes e vi\u00e1veis para a solu\u00e7\u00e3o dos seculares problemas\u201d e do impacto da den\u00fancia sobre o aglomerado de injusti\u00e7as.<\/p>\n<p class=\"yiv7393869336gmail-MsoNoSpacing\">\u201cDe escravos, passaram a favelados, meninos de rua, v\u00edtimas preferenciais da viol\u00eancia policial, discriminados nas esferas da justi\u00e7a e do mercado de trabalho, invisibilizados nos meios de comunica\u00e7\u00e3o, negados nos seus valores, na sua religi\u00e3o e na sua cultura. Cidad\u00e3os de uma curiosa &#8220;democracia racial&#8221; em que ocupam, predominantemente, lugar de destaque em todas as estat\u00edsticas que mapeiam a mis\u00e9ria e a destitui\u00e7\u00e3o\u201d, afirmou.<\/p>\n<p class=\"yiv7393869336gmail-MsoNoSpacing\">\u201cSe denuncia a discrimina\u00e7\u00e3o racial de que \u00e9 v\u00edtima, o negro se v\u00ea enquadrado nas categorias de &#8220;complexado&#8221;, &#8220;ressentido&#8221; ou mesmo de &#8220;perturbado mental&#8221;. Algum tempo atr\u00e1s, poder\u00edamos acrescentar as de &#8220;subversivo&#8221; ou &#8220;agente do comunismo internacional&#8221;, acrescentou, ao mencionar o per\u00edodo no ex\u00edlio em fun\u00e7\u00e3o da ditadura militar iniciada em 1964.<\/p>\n<p class=\"yiv7393869336gmail-MsoNoSpacing\"><strong>Progresso<\/strong><\/p>\n<p class=\"yiv7393869336gmail-MsoNoSpacing\">Apesar das dificuldades e resist\u00eancias na sociedade, o movimento negro encontrou apoio em Leonel Brizola. Como governador do Rio de Janeiro na d\u00e9cada de 80, o fundador do PDT foi respons\u00e1vel, segundo Abdias, \u201cpela mais s\u00e9ria e ousada experi\u00eancia de enfrentamento do racismo at\u00e9 hoje empreendida no plano do Estado\u201d.<\/p>\n<p class=\"yiv7393869336gmail-MsoNoSpacing\">Como exemplo, o ativista citou ainda a cria\u00e7\u00e3o da Secretaria Extraordin\u00e1ria de Defesa e Promo\u00e7\u00e3o das Popula\u00e7\u00f5es Afro-Brasileiras, da qual foi o primeiro titular e onde buscou a ado\u00e7\u00e3o de a\u00e7\u00f5es compensat\u00f3rias a partir de pol\u00edticas p\u00fablicas consistentes.<\/p>\n<p class=\"yiv7393869336gmail-MsoNoSpacing\">Seu anseio foi abra\u00e7ado e potencializado por diversas lideran\u00e7as, incluindo Edialeda Salgado do Nascimento (centro da foto), sindicalista e ativista pol\u00edtica que assumiu a Secretaria de Estado de Promo\u00e7\u00e3o Social na gest\u00e3o brizolista.<\/p>\n<\/div>\n<\/div>\n<\/div>\n<\/div>\n<!-- AddThis Advanced Settings generic via filter on the_content --><!-- AddThis Share Buttons generic via filter on the_content -->","protected":false},"excerpt":{"rendered":"<p>Lideran\u00e7a do PDT impulsionou a atua\u00e7\u00e3o do movimento negro por direitos e contra problemas seculares\u00a0 Um dos principais \u00edcones do movimento negro no Brasil, Abdias Nascimento, completaria\u00a0 107 anos neste domingo (14). O eco de sua\u00a0 voz atesta a representatividade do ex-senador e ex-deputado federal do PDT na busca pela recorrente concretiza\u00e7\u00e3o da \u201csegunda e&#8230;<!-- AddThis Advanced Settings generic via filter on wp_trim_excerpt --><!-- AddThis Share Buttons generic via filter on wp_trim_excerpt --><\/p>\n","protected":false},"author":17,"featured_media":76720,"comment_status":"closed","ping_status":"closed","sticky":false,"template":"","format":"standard","meta":{"_monsterinsights_skip_tracking":false,"_monsterinsights_sitenote_active":false,"_monsterinsights_sitenote_note":"","_monsterinsights_sitenote_category":0,"_uf_show_specific_survey":0,"_uf_disable_surveys":false,"footnotes":""},"categories":[1390,4549],"tags":[1940,1939,4562,3599,565,38],"class_list":["post-76719","post","type-post","status-publish","format-standard","has-post-thumbnail","hentry","category-editorias","category-memoria","tag-abdias-nascimento","tag-democracia-racial","tag-dia-da-abolicao-da-escravatura","tag-edialeda-salgado-do-nascimento","tag-leonel-brizola","tag-pdt"],"acf":[],"_links":{"self":[{"href":"https:\/\/pdt-rj.org.br\/index.php\/wp-json\/wp\/v2\/posts\/76719","targetHints":{"allow":["GET"]}}],"collection":[{"href":"https:\/\/pdt-rj.org.br\/index.php\/wp-json\/wp\/v2\/posts"}],"about":[{"href":"https:\/\/pdt-rj.org.br\/index.php\/wp-json\/wp\/v2\/types\/post"}],"author":[{"embeddable":true,"href":"https:\/\/pdt-rj.org.br\/index.php\/wp-json\/wp\/v2\/users\/17"}],"replies":[{"embeddable":true,"href":"https:\/\/pdt-rj.org.br\/index.php\/wp-json\/wp\/v2\/comments?post=76719"}],"version-history":[{"count":6,"href":"https:\/\/pdt-rj.org.br\/index.php\/wp-json\/wp\/v2\/posts\/76719\/revisions"}],"predecessor-version":[{"id":76805,"href":"https:\/\/pdt-rj.org.br\/index.php\/wp-json\/wp\/v2\/posts\/76719\/revisions\/76805"}],"wp:featuredmedia":[{"embeddable":true,"href":"https:\/\/pdt-rj.org.br\/index.php\/wp-json\/wp\/v2\/media\/76720"}],"wp:attachment":[{"href":"https:\/\/pdt-rj.org.br\/index.php\/wp-json\/wp\/v2\/media?parent=76719"}],"wp:term":[{"taxonomy":"category","embeddable":true,"href":"https:\/\/pdt-rj.org.br\/index.php\/wp-json\/wp\/v2\/categories?post=76719"},{"taxonomy":"post_tag","embeddable":true,"href":"https:\/\/pdt-rj.org.br\/index.php\/wp-json\/wp\/v2\/tags?post=76719"}],"curies":[{"name":"wp","href":"https:\/\/api.w.org\/{rel}","templated":true}]}}