{"id":76709,"date":"2021-03-11T14:33:25","date_gmt":"2021-03-11T17:33:25","guid":{"rendered":"http:\/\/pdt-rj.org.br\/?p=76709"},"modified":"2021-03-11T14:34:06","modified_gmt":"2021-03-11T17:34:06","slug":"prefeito-jose-bonifacio-fecha-convenio-para-obras-de-infraestrutura-em-cabo-frio-rj","status":"publish","type":"post","link":"https:\/\/pdt-rj.org.br\/index.php\/prefeito-jose-bonifacio-fecha-convenio-para-obras-de-infraestrutura-em-cabo-frio-rj\/","title":{"rendered":"Prefeito Jos\u00e9 Bonif\u00e1cio fecha conv\u00eanio para obras de infraestrutura em Cabo Frio (RJ)"},"content":{"rendered":"<p class=\"yiv1654474721gmail-MsoNoSpacing\"><em><b>Gest\u00e3o do PDT receber\u00e1 do DER insumos e materiais para reparo de ruas na cidade fluminense<\/b><\/em><b><\/b><\/p>\n<p class=\"yiv1654474721gmail-MsoNoSpacing\"><em>\u00a0<\/em>O prefeito de Cabo Frio (RJ), Jos\u00e9 Bonif\u00e1cio (PDT), fechou um conv\u00eanio com o Departamento de Estradas de Rodagens do Estado do Rio de Janeiro (DER-RJ) que viabilizar\u00e1 novos insumos e materiais para a execu\u00e7\u00e3o de obras nas ruas da cidade. A defini\u00e7\u00e3o ocorreu nessa quarta-feira (10), no Rio de Janeiro, durante reuni\u00e3o do gestor municipal com o presidente do \u00f3rg\u00e3o, Luiz Roberto Pereira de Souza.<\/p>\n<p class=\"yiv1654474721gmail-MsoNoSpacing\">\u201cDesde o come\u00e7o do mandato, estamos nos esfor\u00e7ando para realizar reparos emergenciais em diversos locais da cidade. Com este conv\u00eanio, poderemos receber materiais para acelerar este processo\u201d, explica Bonif\u00e1cio, que estava acompanhado do diretor financeiro da Assembleia Legislativa do Estado do Rio de Janeiro (Alerj), J\u00e2nio Mendes.<\/p>\n<p class=\"yiv1654474721gmail-MsoNoSpacing\">O conv\u00eanio \u2013 com dura\u00e7\u00e3o de 12 meses \u2013 prev\u00ea o fornecimento pelo DER-RJ, conforme disponibilidade, de materiais como asfalto, manilhas, ligantes e outros insumos essenciais para servi\u00e7os de recapeamento das ruas. Para isso, o munic\u00edpio ter\u00e1 que atender a uma s\u00e9rie de exig\u00eancias contratuais, incluindo a apresenta\u00e7\u00e3o do plano de trabalho das obras e a presta\u00e7\u00e3o de contas ao final de cada servi\u00e7o.<\/p>\n<p class=\"yiv1654474721gmail-MsoNoSpacing\">Segundo a secret\u00e1ria municipal de Obras e Servi\u00e7os P\u00fablicos, Tita Calvet, o conv\u00eanio \u00e9 fundamental para o progresso da cidade da Regi\u00e3o dos Lagos.<\/p>\n<p class=\"yiv1654474721gmail-MsoNoSpacing\">\u201cEstamos trabalhando em v\u00e1rias frentes, em diferentes bairros, para solucionar os problemas de buracos nas ruas. Com esse conv\u00eanio, teremos como trabalhar com mais efici\u00eancia no atendimento \u00e0s demandas da popula\u00e7\u00e3o\u201d, disse Calvet.<\/p>\n<!-- AddThis Advanced Settings generic via filter on the_content --><!-- AddThis Share Buttons generic via filter on the_content -->","protected":false},"excerpt":{"rendered":"<p>Gest\u00e3o do PDT receber\u00e1 do DER insumos e materiais para reparo de ruas na cidade fluminense \u00a0O prefeito de Cabo Frio (RJ), Jos\u00e9 Bonif\u00e1cio (PDT), fechou um conv\u00eanio com o Departamento de Estradas de Rodagens do Estado do Rio de Janeiro (DER-RJ) que viabilizar\u00e1 novos insumos e materiais para a execu\u00e7\u00e3o de obras nas ruas&#8230;<!-- AddThis Advanced Settings generic via filter on wp_trim_excerpt --><!-- AddThis Share Buttons generic via filter on wp_trim_excerpt --><\/p>\n","protected":false},"author":17,"featured_media":76710,"comment_status":"closed","ping_status":"closed","sticky":false,"template":"","format":"standard","meta":{"_monsterinsights_skip_tracking":false,"_monsterinsights_sitenote_active":false,"_monsterinsights_sitenote_note":"","_monsterinsights_sitenote_category":0,"_uf_show_specific_survey":0,"_uf_disable_surveys":false,"footnotes":""},"categories":[1390],"tags":[4129,4561,494,3068],"class_list":["post-76709","post","type-post","status-publish","format-standard","has-post-thumbnail","hentry","category-editorias","tag-cabo-frio-rj","tag-departamento-de-estradas-de-rodagens-do-estado-do-rio-de-janeiro","tag-infraestrutura","tag-jose-bonifacio"],"acf":[],"_links":{"self":[{"href":"https:\/\/pdt-rj.org.br\/index.php\/wp-json\/wp\/v2\/posts\/76709","targetHints":{"allow":["GET"]}}],"collection":[{"href":"https:\/\/pdt-rj.org.br\/index.php\/wp-json\/wp\/v2\/posts"}],"about":[{"href":"https:\/\/pdt-rj.org.br\/index.php\/wp-json\/wp\/v2\/types\/post"}],"author":[{"embeddable":true,"href":"https:\/\/pdt-rj.org.br\/index.php\/wp-json\/wp\/v2\/users\/17"}],"replies":[{"embeddable":true,"href":"https:\/\/pdt-rj.org.br\/index.php\/wp-json\/wp\/v2\/comments?post=76709"}],"version-history":[{"count":1,"href":"https:\/\/pdt-rj.org.br\/index.php\/wp-json\/wp\/v2\/posts\/76709\/revisions"}],"predecessor-version":[{"id":76711,"href":"https:\/\/pdt-rj.org.br\/index.php\/wp-json\/wp\/v2\/posts\/76709\/revisions\/76711"}],"wp:featuredmedia":[{"embeddable":true,"href":"https:\/\/pdt-rj.org.br\/index.php\/wp-json\/wp\/v2\/media\/76710"}],"wp:attachment":[{"href":"https:\/\/pdt-rj.org.br\/index.php\/wp-json\/wp\/v2\/media?parent=76709"}],"wp:term":[{"taxonomy":"category","embeddable":true,"href":"https:\/\/pdt-rj.org.br\/index.php\/wp-json\/wp\/v2\/categories?post=76709"},{"taxonomy":"post_tag","embeddable":true,"href":"https:\/\/pdt-rj.org.br\/index.php\/wp-json\/wp\/v2\/tags?post=76709"}],"curies":[{"name":"wp","href":"https:\/\/api.w.org\/{rel}","templated":true}]}}