{"id":76703,"date":"2021-03-11T14:06:05","date_gmt":"2021-03-11T17:06:05","guid":{"rendered":"http:\/\/pdt-rj.org.br\/?p=76703"},"modified":"2021-03-11T14:10:52","modified_gmt":"2021-03-11T17:10:52","slug":"movimento-cultural-darcy-ribeiro-incentiva-empoderamento-das-mulheres-na-pratica","status":"publish","type":"post","link":"https:\/\/pdt-rj.org.br\/index.php\/movimento-cultural-darcy-ribeiro-incentiva-empoderamento-das-mulheres-na-pratica\/","title":{"rendered":"Movimento Cultural Darcy Ribeiro incentiva empoderamento das mulheres na pr\u00e1tica"},"content":{"rendered":"<div class=\"msg-body P_wpofO mq_AS\" data-test-id=\"message-view-body-content\">\n<div class=\"jb_0 X_6MGW N_6Fd5\">\n<div id=\"yiv0761746136\">\n<div dir=\"ltr\">\n<p><em><strong>Ao longo deste m\u00eas de mar\u00e7o, organiza\u00e7\u00e3o ser\u00e1 conduzida nacionalmente por lideran\u00e7as femininas<\/strong><\/em><\/p>\n<p>Para marcar o processo de amplia\u00e7\u00e3o do empoderamento feminino na pr\u00e1tica, em alus\u00e3o ao Dia Internacional da Mulher, comemorado no dia 8 de mar\u00e7o, ao longo de todo o m\u00eas, Movimento Cultural Darcy Ribeiro (MCDR) ser\u00e1 conduzido exclusivamente por mulheres. Na dire\u00e7\u00e3o nacional, assume a presid\u00eancia a atual vice-presidente, Meirejane Lima.<\/p>\n<p>Premissa da gest\u00e3o iniciada em 2017, a contribui\u00e7\u00e3o de pedetistas na condu\u00e7\u00e3o da organiza\u00e7\u00e3o de coopera\u00e7\u00e3o acumula resultados expressivos, como a forma\u00e7\u00e3o de executivas e n\u00facleos de base em todas as regi\u00f5es do pa\u00eds. Ao longo de quatro anos, tamb\u00e9m investiram na promo\u00e7\u00e3o de a\u00e7\u00f5es integradoras com novos membros em ambientes presenciais e virtuais.<\/p>\n<p>Ao exaltar conquistas hist\u00f3ricas, como o direito ao voto feminino, Meirejane Lima exp\u00f4s a necessidade cont\u00ednua de amplia\u00e7\u00e3o de horizontes e espa\u00e7os, que \u00e9 uma reflex\u00e3o difundida pelo MCDR.<\/p>\n<p>\u201cTudo \u00e9 conquistado. A luta, voz e espa\u00e7o da mulher despontam acompanhados de muito enfrentamento e trabalho. Com posicionamento, mostramos que, juntos (com os homens), podemos construir uma sociedade mais justa e igualit\u00e1ria\u201d, disse.<\/p>\n<p>\u201cO movimento debate cultura como caminho para emancipa\u00e7\u00e3o popular, tendo seus quadros formados, em sua maioria, por mulheres que contribuem para o fortalecimento do partido nas cidades e bases\u201d, completou, mencionando a participa\u00e7\u00e3o de candidatas nas elei\u00e7\u00f5es de 2020.<\/p>\n<p>Presidente nacional licenciado, Roberto Viana refor\u00e7a que a equidade de g\u00eanero, replicada nos estados, ratifica o pensamento j\u00e1 existente no partido.<\/p>\n<p>\u201cValorizamos a import\u00e2ncia feminina na pr\u00e1tica. A amplitude do MCDR foi solidificada com esfor\u00e7o e compet\u00eancia de cada uma das nossas militantes. \u00c9 um orgulho poder estar ao lado delas nessa luta em prol do Brasil que sonhamos\u201d, comentou.<\/p>\n<\/div>\n<\/div>\n<\/div>\n<\/div>\n<!-- AddThis Advanced Settings generic via filter on the_content --><!-- AddThis Share Buttons generic via filter on the_content -->","protected":false},"excerpt":{"rendered":"<p>Ao longo deste m\u00eas de mar\u00e7o, organiza\u00e7\u00e3o ser\u00e1 conduzida nacionalmente por lideran\u00e7as femininas Para marcar o processo de amplia\u00e7\u00e3o do empoderamento feminino na pr\u00e1tica, em alus\u00e3o ao Dia Internacional da Mulher, comemorado no dia 8 de mar\u00e7o, ao longo de todo o m\u00eas, Movimento Cultural Darcy Ribeiro (MCDR) ser\u00e1 conduzido exclusivamente por mulheres. Na dire\u00e7\u00e3o&#8230;<!-- AddThis Advanced Settings generic via filter on wp_trim_excerpt --><!-- AddThis Share Buttons generic via filter on wp_trim_excerpt --><\/p>\n","protected":false},"author":17,"featured_media":76704,"comment_status":"closed","ping_status":"closed","sticky":false,"template":"","format":"standard","meta":{"_monsterinsights_skip_tracking":false,"_monsterinsights_sitenote_active":false,"_monsterinsights_sitenote_note":"","_monsterinsights_sitenote_category":0,"_uf_show_specific_survey":0,"_uf_disable_surveys":false,"footnotes":""},"categories":[1390,2606,1397],"tags":[2450,2602],"class_list":["post-76703","post","type-post","status-publish","format-standard","has-post-thumbnail","hentry","category-editorias","category-movimento-cultural-darcy-ribeiro","category-movimentos","tag-movimento-cultural-darcy-ribeiro","tag-roberto-viana"],"acf":[],"_links":{"self":[{"href":"https:\/\/pdt-rj.org.br\/index.php\/wp-json\/wp\/v2\/posts\/76703","targetHints":{"allow":["GET"]}}],"collection":[{"href":"https:\/\/pdt-rj.org.br\/index.php\/wp-json\/wp\/v2\/posts"}],"about":[{"href":"https:\/\/pdt-rj.org.br\/index.php\/wp-json\/wp\/v2\/types\/post"}],"author":[{"embeddable":true,"href":"https:\/\/pdt-rj.org.br\/index.php\/wp-json\/wp\/v2\/users\/17"}],"replies":[{"embeddable":true,"href":"https:\/\/pdt-rj.org.br\/index.php\/wp-json\/wp\/v2\/comments?post=76703"}],"version-history":[{"count":4,"href":"https:\/\/pdt-rj.org.br\/index.php\/wp-json\/wp\/v2\/posts\/76703\/revisions"}],"predecessor-version":[{"id":76708,"href":"https:\/\/pdt-rj.org.br\/index.php\/wp-json\/wp\/v2\/posts\/76703\/revisions\/76708"}],"wp:featuredmedia":[{"embeddable":true,"href":"https:\/\/pdt-rj.org.br\/index.php\/wp-json\/wp\/v2\/media\/76704"}],"wp:attachment":[{"href":"https:\/\/pdt-rj.org.br\/index.php\/wp-json\/wp\/v2\/media?parent=76703"}],"wp:term":[{"taxonomy":"category","embeddable":true,"href":"https:\/\/pdt-rj.org.br\/index.php\/wp-json\/wp\/v2\/categories?post=76703"},{"taxonomy":"post_tag","embeddable":true,"href":"https:\/\/pdt-rj.org.br\/index.php\/wp-json\/wp\/v2\/tags?post=76703"}],"curies":[{"name":"wp","href":"https:\/\/api.w.org\/{rel}","templated":true}]}}