{"id":76699,"date":"2021-03-10T19:56:38","date_gmt":"2021-03-10T22:56:38","guid":{"rendered":"http:\/\/pdt-rj.org.br\/?p=76699"},"modified":"2021-03-12T15:34:13","modified_gmt":"2021-03-12T18:34:13","slug":"wolney-queiroz-e-reeleito-como-lider-do-pdt-na-camara-dos-deputados","status":"publish","type":"post","link":"https:\/\/pdt-rj.org.br\/index.php\/wolney-queiroz-e-reeleito-como-lider-do-pdt-na-camara-dos-deputados\/","title":{"rendered":"Wolney Queiroz \u00e9 reeleito como l\u00edder do PDT na C\u00e2mara dos Deputados"},"content":{"rendered":"<div class=\"kvgmc6g5 cxmmr5t8 oygrvhab hcukyx3x c1et5uql ii04i59q\">\n<div dir=\"auto\">O deputado federal Wolney Queiroz foi reeleito na manh\u00e3 de hoje, por aclama\u00e7\u00e3o, como l\u00edder do PDT na C\u00e2mara dos Deputados. Em seu sexto mandato, o pedetista vem conduzindo uma bancada de 27 parlamentares em um dos momentos mais dif\u00edceis da hist\u00f3ria do pa\u00eds, em meio a uma grave pandemia e crise social, pol\u00edtica e econ\u00f4mica.<\/div>\n<div dir=\"auto\"><\/div>\n<div dir=\"auto\">Nesses \u00faltimos 12 meses, a bancada esteve no front da resist\u00eancia aos in\u00fameros retrocessos debatidos na C\u00e2mara dos Deputados e atuou na aprova\u00e7\u00e3o de importantes pautas para minimizar os impactos e consequ\u00eancias contra a Covid-19. Filiado ao partido desde 1992, Wolney j\u00e1 foi vice-l\u00edder da bancada pedetista, presidente da Comiss\u00e3o de Trabalho, Administra\u00e7\u00e3o e Servi\u00e7o P\u00fablico e \u00e9 considerado pelo Departamento Intersindical de Assessoria Parlamentar (Diap) um dos \u201cCabe\u00e7as do Congresso Nacional\u201d.<\/div>\n<div dir=\"auto\"><\/div>\n<div dir=\"auto\">O parlamentar pernambucano, que tamb\u00e9m \u00e9 presidente estadual do partido, reafirma o compromisso com os ideais partid\u00e1rios, na luta pela democracia e pelo projeto nacional de desenvolvimento, atuando sempre no di\u00e1logo com todos os parlamentares para a constru\u00e7\u00e3o de consensos.<\/div>\n<div dir=\"auto\"><\/div>\n<div dir=\"auto\">\u201c\u00c9 uma grande honra estar \u00e0 frente dessa bancada. Teremos nos pr\u00f3ximos meses importantes debates e \u00e9 confortante saber que temos um grupo aguerrido e comprometido com o futuro da na\u00e7\u00e3o. Seguiremos na resist\u00eancia, trabalhando pelo Brasil e pelos brasileiros!\u201d declarou.<\/div>\n<\/div>\n<!-- AddThis Advanced Settings generic via filter on the_content --><!-- AddThis Share Buttons generic via filter on the_content -->","protected":false},"excerpt":{"rendered":"<p>O deputado federal Wolney Queiroz foi reeleito na manh\u00e3 de hoje, por aclama\u00e7\u00e3o, como l\u00edder do PDT na C\u00e2mara dos Deputados. Em seu sexto mandato, o pedetista vem conduzindo uma bancada de 27 parlamentares em um dos momentos mais dif\u00edceis da hist\u00f3ria do pa\u00eds, em meio a uma grave pandemia e crise social, pol\u00edtica e&#8230;<!-- AddThis Advanced Settings generic via filter on wp_trim_excerpt --><!-- AddThis Share Buttons generic via filter on wp_trim_excerpt --><\/p>\n","protected":false},"author":17,"featured_media":76700,"comment_status":"closed","ping_status":"closed","sticky":false,"template":"","format":"standard","meta":{"_monsterinsights_skip_tracking":false,"_monsterinsights_sitenote_active":false,"_monsterinsights_sitenote_note":"","_monsterinsights_sitenote_category":0,"_uf_show_specific_survey":0,"_uf_disable_surveys":false,"footnotes":""},"categories":[1390,1459],"tags":[4560,964],"class_list":["post-76699","post","type-post","status-publish","format-standard","has-post-thumbnail","hentry","category-editorias","category-congresso","tag-lider-do-pdt-na-camara-dos-deputados","tag-wolney-queiroz"],"acf":[],"_links":{"self":[{"href":"https:\/\/pdt-rj.org.br\/index.php\/wp-json\/wp\/v2\/posts\/76699","targetHints":{"allow":["GET"]}}],"collection":[{"href":"https:\/\/pdt-rj.org.br\/index.php\/wp-json\/wp\/v2\/posts"}],"about":[{"href":"https:\/\/pdt-rj.org.br\/index.php\/wp-json\/wp\/v2\/types\/post"}],"author":[{"embeddable":true,"href":"https:\/\/pdt-rj.org.br\/index.php\/wp-json\/wp\/v2\/users\/17"}],"replies":[{"embeddable":true,"href":"https:\/\/pdt-rj.org.br\/index.php\/wp-json\/wp\/v2\/comments?post=76699"}],"version-history":[{"count":1,"href":"https:\/\/pdt-rj.org.br\/index.php\/wp-json\/wp\/v2\/posts\/76699\/revisions"}],"predecessor-version":[{"id":76701,"href":"https:\/\/pdt-rj.org.br\/index.php\/wp-json\/wp\/v2\/posts\/76699\/revisions\/76701"}],"wp:featuredmedia":[{"embeddable":true,"href":"https:\/\/pdt-rj.org.br\/index.php\/wp-json\/wp\/v2\/media\/76700"}],"wp:attachment":[{"href":"https:\/\/pdt-rj.org.br\/index.php\/wp-json\/wp\/v2\/media?parent=76699"}],"wp:term":[{"taxonomy":"category","embeddable":true,"href":"https:\/\/pdt-rj.org.br\/index.php\/wp-json\/wp\/v2\/categories?post=76699"},{"taxonomy":"post_tag","embeddable":true,"href":"https:\/\/pdt-rj.org.br\/index.php\/wp-json\/wp\/v2\/tags?post=76699"}],"curies":[{"name":"wp","href":"https:\/\/api.w.org\/{rel}","templated":true}]}}