{"id":76695,"date":"2021-03-10T19:14:06","date_gmt":"2021-03-10T22:14:06","guid":{"rendered":"http:\/\/pdt-rj.org.br\/?p=76695"},"modified":"2021-03-12T16:03:55","modified_gmt":"2021-03-12T19:03:55","slug":"ciro-gomes-busca-centro-esquerda-para-se-fortalecer-na-disputa-de-2022","status":"publish","type":"post","link":"https:\/\/pdt-rj.org.br\/index.php\/ciro-gomes-busca-centro-esquerda-para-se-fortalecer-na-disputa-de-2022\/","title":{"rendered":"Ciro Gomes busca centro-esquerda para se fortalecer na disputa de 2022"},"content":{"rendered":"<div class=\"msg-body P_wpofO mq_AS\" data-test-id=\"message-view-body-content\">\n<div class=\"jb_0 X_6MGW N_6Fd5\">\n<div id=\"yiv3345456890\">\n<div dir=\"ltr\">\n<p class=\"yiv3345456890MsoNormal\"><em><b>Em entrevista ao jornalista Marco Antonio Villa, pr\u00e9-candidato do PDT apresentou o projeto nacional, constru\u00eddo e viabilizado em bases progressistas \u00a0<\/b><\/em><\/p>\n<p class=\"yiv3345456890MsoNormal\">Reunir for\u00e7as da centro-esquerda para promover o Projeto Nacional de Desenvolvimento (PND) e catalisar sua participa\u00e7\u00e3o na disputa at\u00e9 o Planalto, em 2022. Nesta estrat\u00e9gia, o pr\u00e9-candidato a presidente pelo PDT, Ciro Gomes, mostrou o\u00a0 planejamento tra\u00e7ado em entrevista, nesta quarta-feira (10), ao jornalista Marco Antonio Villa.<\/p>\n<p class=\"yiv3345456890MsoNormal\">Entre os principais elos priorizados, o ex-governador do Cear\u00e1 citou o di\u00e1logo produtivo com trabalhadores, jovens, empres\u00e1rios e agricultores para criar um v\u00ednculo dissociado de \u201c\u00f3dios e paix\u00f5es\u201d por gestores do passado e do presente.<\/p>\n<p class=\"yiv3345456890MsoNormal\">\u201cEu vou buscar essa alian\u00e7a de centro-esquerda na base da sociedade brasileira, que significa m\u00e9dio, pequeno e grande empres\u00e1rio nacional \u2013 com quem eu tenho conversado muito \u2013; a agricultura moderna, n\u00e3o escravista e n\u00e3o predadora do meio ambiente, que sabe dos boicotes que sofrer\u00e1; trabalhadores e a juventude\u201d, lista, indicando o \u00eaxito no contato.<\/p>\n<p class=\"yiv3345456890MsoNormal\">\u201cTem 55% do eleitorado que n\u00e3o se representa nesta confronta\u00e7\u00e3o odienta que nos remete ao passado. A\u00ed tem uma grande confus\u00e3o buscando esses 55%. E a vida est\u00e1 ficando cruel para alguns amadores. Vamos ver se o Sergio Moro escapa e se o Luciano Huck larga o contrato com a Globo\u201d, analisou.<\/p>\n<p class=\"yiv3345456890MsoNormal\"><strong>Governo<\/strong><\/p>\n<p class=\"yiv3345456890MsoNormal\">Sobre Jair Bolsonaro, Ciro entende que o presidente acumular\u00e1 o \u00f4nus gerado por a\u00e7\u00f5es inapropriadas e que levaram o pa\u00eds a graves crises sanit\u00e1rias, econ\u00f4micas e sociais.<\/p>\n<p class=\"yiv3345456890MsoNormal\">\u201cEle vai pagar muito caro por esse encontro macabro da forma tr\u00e1gica e genocida que administra a quest\u00e3o da vacina, do socorro emergencial e da trag\u00e9dia econ\u00f4mica\u201d, afirma o pedetista.<\/p>\n<p class=\"yiv3345456890MsoNormal\">\u201cN\u00e3o d\u00e1 para o Paulo Guedes empurrar com a barriga e conversa fiada, pois a realidade vai se impor. N\u00f3s temos 54% de aumento da gasolina e 41% do \u00f3leo diesel. Veja bem onde ir\u00e3o a infla\u00e7\u00e3o e o c\u00e2mbio\u201d, pondera.<\/p>\n<p class=\"yiv3345456890MsoNormal\">Confira a \u00edntegra da entrevista\u00a0<a href=\"https:\/\/www.youtube.com\/watch?v=9JfnMkoGBMg\" target=\"_blank\" rel=\"nofollow noopener noreferrer\">aqui<\/a>.<\/p>\n<\/div>\n<\/div>\n<\/div>\n<\/div>\n<!-- AddThis Advanced Settings generic via filter on the_content --><!-- AddThis Share Buttons generic via filter on the_content -->","protected":false},"excerpt":{"rendered":"<p>Em entrevista ao jornalista Marco Antonio Villa, pr\u00e9-candidato do PDT apresentou o projeto nacional, constru\u00eddo e viabilizado em bases progressistas \u00a0 Reunir for\u00e7as da centro-esquerda para promover o Projeto Nacional de Desenvolvimento (PND) e catalisar sua participa\u00e7\u00e3o na disputa at\u00e9 o Planalto, em 2022. Nesta estrat\u00e9gia, o pr\u00e9-candidato a presidente pelo PDT, Ciro Gomes, mostrou&#8230;<!-- AddThis Advanced Settings generic via filter on wp_trim_excerpt --><!-- AddThis Share Buttons generic via filter on wp_trim_excerpt --><\/p>\n","protected":false},"author":17,"featured_media":76696,"comment_status":"closed","ping_status":"closed","sticky":false,"template":"","format":"standard","meta":{"_monsterinsights_skip_tracking":false,"_monsterinsights_sitenote_active":false,"_monsterinsights_sitenote_note":"","_monsterinsights_sitenote_category":0,"_uf_show_specific_survey":0,"_uf_disable_surveys":false,"footnotes":""},"categories":[1390],"tags":[4559,220,1541],"class_list":["post-76695","post","type-post","status-publish","format-standard","has-post-thumbnail","hentry","category-editorias","tag-bases-progressistas","tag-ciro-gomes","tag-projeto-nacional-de-desenvolvimento"],"acf":[],"_links":{"self":[{"href":"https:\/\/pdt-rj.org.br\/index.php\/wp-json\/wp\/v2\/posts\/76695","targetHints":{"allow":["GET"]}}],"collection":[{"href":"https:\/\/pdt-rj.org.br\/index.php\/wp-json\/wp\/v2\/posts"}],"about":[{"href":"https:\/\/pdt-rj.org.br\/index.php\/wp-json\/wp\/v2\/types\/post"}],"author":[{"embeddable":true,"href":"https:\/\/pdt-rj.org.br\/index.php\/wp-json\/wp\/v2\/users\/17"}],"replies":[{"embeddable":true,"href":"https:\/\/pdt-rj.org.br\/index.php\/wp-json\/wp\/v2\/comments?post=76695"}],"version-history":[{"count":1,"href":"https:\/\/pdt-rj.org.br\/index.php\/wp-json\/wp\/v2\/posts\/76695\/revisions"}],"predecessor-version":[{"id":76697,"href":"https:\/\/pdt-rj.org.br\/index.php\/wp-json\/wp\/v2\/posts\/76695\/revisions\/76697"}],"wp:featuredmedia":[{"embeddable":true,"href":"https:\/\/pdt-rj.org.br\/index.php\/wp-json\/wp\/v2\/media\/76696"}],"wp:attachment":[{"href":"https:\/\/pdt-rj.org.br\/index.php\/wp-json\/wp\/v2\/media?parent=76695"}],"wp:term":[{"taxonomy":"category","embeddable":true,"href":"https:\/\/pdt-rj.org.br\/index.php\/wp-json\/wp\/v2\/categories?post=76695"},{"taxonomy":"post_tag","embeddable":true,"href":"https:\/\/pdt-rj.org.br\/index.php\/wp-json\/wp\/v2\/tags?post=76695"}],"curies":[{"name":"wp","href":"https:\/\/api.w.org\/{rel}","templated":true}]}}