{"id":76689,"date":"2021-03-10T18:44:33","date_gmt":"2021-03-10T21:44:33","guid":{"rendered":"http:\/\/pdt-rj.org.br\/?p=76689"},"modified":"2021-03-10T18:51:23","modified_gmt":"2021-03-10T21:51:23","slug":"as-tarefas-dos-tempos-dificeis","status":"publish","type":"post","link":"https:\/\/pdt-rj.org.br\/index.php\/as-tarefas-dos-tempos-dificeis\/","title":{"rendered":"As tarefas dos tempos dif\u00edceis"},"content":{"rendered":"<p class=\"yiv9589174605gmail-MsoNoSpacing\"><em><b>O \u00f3dio, o rancor, o obscurantismo, o desprezo pela Ci\u00eancia, o descaso pela vida, a absoluta incapacidade de empatia, s\u00e3o os fundamentos sinistros do modus operandi do governo.<\/b><\/em><\/p>\n<p class=\"yiv9589174605gmail-MsoNoSpacing\">O exerc\u00edcio da pol\u00edtica em uma democracia pressup\u00f5e a possibilidade da diverg\u00eancia e do consenso; o confronto de ideias e, muitas vezes, o enfrentamento entre advers\u00e1rios que t\u00eam vis\u00f5es distintas sobre a finalidade \u00faltima e mais importante da Rep\u00fablica: encontrar o caminho do bem comum e da justi\u00e7a social dentro dos princ\u00edpios pactuados entre a comunidade.<\/p>\n<p class=\"yiv9589174605gmail-MsoNoSpacing\">O que se v\u00ea hoje no Brasil n\u00e3o \u00e9 isso. Estamos mergulhados em uma crise sem precedentes, governados por um presidente incapaz de divergir de forma civilizada e republicana. O \u00f3dio, o rancor, o obscurantismo, o sentimento de vingan\u00e7a, o desprezo pela Ci\u00eancia, o descaso pela vida, a absoluta incapacidade de empatia, s\u00e3o os fundamentos sinistros do modus operandi do governo.<\/p>\n<p class=\"yiv9589174605gmail-MsoNoSpacing\">O escritor baiano Jorge Amado, deputado constituinte pela bancada comunista em 1946, costumava ressaltar o fato de que, no congresso, os parlamentares de esquerda conviviam, divergiam, debatiam firmemente suas diferen\u00e7as, com parlamentares de centro e de direita que, a despeito das vis\u00f5es distintas sobre o Brasil, tinham argumentos para o bom combate e o senso de que o interesse nacional deveria pautar o debate p\u00fablico.<\/p>\n<p class=\"yiv9589174605gmail-MsoNoSpacing\">O que vemos hoje est\u00e1 longe disso. A estupidez, a incapacidade de argumentar, o proselitismo religioso mais rasteiro, os del\u00edrios persecut\u00f3rios mais tacanhos, s\u00e3o representados por uma extrema-direita absolutamente incapaz, cognitivamente limitada, desprovida de esp\u00edrito p\u00fablico para pensar algum projeto nacional consistente e soberano.<\/p>\n<p class=\"yiv9589174605gmail-MsoNoSpacing\">Estamos vivendo uma conjuntura extremamente dif\u00edcil. \u00c0 pandemia da Covid-19 juntou-se o governo Bolsonaro para colocar o Brasil em um labirinto que exige aten\u00e7\u00e3o, uni\u00e3o, colabora\u00e7\u00e3o e esp\u00edrito p\u00fablico para que encontremos uma sa\u00edda. Essa tarefa \u00e9 incompat\u00edvel com filigranas, vaidades pessoais e algumas intransig\u00eancias que apenas v\u00e3o fragilizar o campo progressista em um momento especialmente dram\u00e1tico.<\/p>\n<p class=\"yiv9589174605gmail-MsoNoSpacing\">N\u00e3o podemos abrir m\u00e3o do SUS, precisamos agilizar a vacina\u00e7\u00e3o, \u00e9 urgente defender o patrim\u00f4nio p\u00fablico da sanha privatista dos arautos das reformas, \u00e9 fundamental garantir pol\u00edticas consistentes e duradouras de bem-estar social que auxiliem os mais necessitados.<\/p>\n<p class=\"yiv9589174605gmail-MsoNoSpacing\">A oposi\u00e7\u00e3o firme ao desmonte de pol\u00edticas p\u00fablicas que, com grandes dificuldades, o Brasil estruturou ao longo de d\u00e9cadas e a garantia dos direitos das minorias promovidos pela Constitui\u00e7\u00e3o de 1988 tamb\u00e9m precisam da nossa defesa intransigente. O pessimismo n\u00e3o pode nos imobilizar e o otimismo escapista n\u00e3o pode nos afastar da luta. A hora imp\u00f5e uma postura realista que, reconhecendo as enormes dificuldades da conjuntura, deve nos encaminhar para o combate em nome da soberania do Brasil e dos direitos das brasileiras e brasileiros.<\/p>\n<p>&nbsp;<\/p>\n<p class=\"yiv9589174605gmail-MsoNoSpacing\"><i>*<b>Chico D&#8217;Angelo \u00e9 m\u00e9dico, professor, <\/b><strong>deputado federal pelo PDT do Rio de Janeiro e ex-secret\u00e1rio Municipal de Sa\u00fade em Niter\u00f3i (SC).<\/strong><\/i><\/p>\n<!-- AddThis Advanced Settings generic via filter on the_content --><!-- AddThis Share Buttons generic via filter on the_content -->","protected":false},"excerpt":{"rendered":"<p>O \u00f3dio, o rancor, o obscurantismo, o desprezo pela Ci\u00eancia, o descaso pela vida, a absoluta incapacidade de empatia, s\u00e3o os fundamentos sinistros do modus operandi do governo. O exerc\u00edcio da pol\u00edtica em uma democracia pressup\u00f5e a possibilidade da diverg\u00eancia e do consenso; o confronto de ideias e, muitas vezes, o enfrentamento entre advers\u00e1rios que&#8230;<!-- AddThis Advanced Settings generic via filter on wp_trim_excerpt --><!-- AddThis Share Buttons generic via filter on wp_trim_excerpt --><\/p>\n","protected":false},"author":17,"featured_media":76690,"comment_status":"closed","ping_status":"closed","sticky":false,"template":"","format":"standard","meta":{"_monsterinsights_skip_tracking":false,"_monsterinsights_sitenote_active":false,"_monsterinsights_sitenote_note":"","_monsterinsights_sitenote_category":0,"_uf_show_specific_survey":0,"_uf_disable_surveys":false,"footnotes":""},"categories":[1584,1390],"tags":[2854,3348],"class_list":["post-76689","post","type-post","status-publish","format-standard","has-post-thumbnail","hentry","category-artigos","category-editorias","tag-chico-dangelo","tag-covid-19"],"acf":[],"_links":{"self":[{"href":"https:\/\/pdt-rj.org.br\/index.php\/wp-json\/wp\/v2\/posts\/76689","targetHints":{"allow":["GET"]}}],"collection":[{"href":"https:\/\/pdt-rj.org.br\/index.php\/wp-json\/wp\/v2\/posts"}],"about":[{"href":"https:\/\/pdt-rj.org.br\/index.php\/wp-json\/wp\/v2\/types\/post"}],"author":[{"embeddable":true,"href":"https:\/\/pdt-rj.org.br\/index.php\/wp-json\/wp\/v2\/users\/17"}],"replies":[{"embeddable":true,"href":"https:\/\/pdt-rj.org.br\/index.php\/wp-json\/wp\/v2\/comments?post=76689"}],"version-history":[{"count":3,"href":"https:\/\/pdt-rj.org.br\/index.php\/wp-json\/wp\/v2\/posts\/76689\/revisions"}],"predecessor-version":[{"id":76694,"href":"https:\/\/pdt-rj.org.br\/index.php\/wp-json\/wp\/v2\/posts\/76689\/revisions\/76694"}],"wp:featuredmedia":[{"embeddable":true,"href":"https:\/\/pdt-rj.org.br\/index.php\/wp-json\/wp\/v2\/media\/76690"}],"wp:attachment":[{"href":"https:\/\/pdt-rj.org.br\/index.php\/wp-json\/wp\/v2\/media?parent=76689"}],"wp:term":[{"taxonomy":"category","embeddable":true,"href":"https:\/\/pdt-rj.org.br\/index.php\/wp-json\/wp\/v2\/categories?post=76689"},{"taxonomy":"post_tag","embeddable":true,"href":"https:\/\/pdt-rj.org.br\/index.php\/wp-json\/wp\/v2\/tags?post=76689"}],"curies":[{"name":"wp","href":"https:\/\/api.w.org\/{rel}","templated":true}]}}