{"id":76667,"date":"2021-03-09T20:47:40","date_gmt":"2021-03-09T23:47:40","guid":{"rendered":"http:\/\/pdt-rj.org.br\/?p=76667"},"modified":"2021-03-11T19:09:09","modified_gmt":"2021-03-11T22:09:09","slug":"volta-de-lula-abre-espaco-para-ciro-e-enterra-huck-e-moro-afirma-lupi","status":"publish","type":"post","link":"https:\/\/pdt-rj.org.br\/index.php\/volta-de-lula-abre-espaco-para-ciro-e-enterra-huck-e-moro-afirma-lupi\/","title":{"rendered":"Volta de Lula abre espa\u00e7o para Ciro e enterra Huck e Moro, afirma Lupi"},"content":{"rendered":"<p><em><strong>Candidatura do ex-presidente refor\u00e7ar\u00e1 a polariza\u00e7\u00e3o entre PT e Bolsonaro e abrir\u00e1 caminho para o centro<\/strong><\/em><\/p>\n<p>A prov\u00e1vel candidatura de Lula em 2022, ap\u00f3s decis\u00e3o do ministro Edson Fachin, do STF, de anular as condena\u00e7\u00f5es do ex-presidente no \u00e2mbito da Opera\u00e7\u00e3o Lava Jato, foi recebida no PDT como uma oportunidade para Ciro Gomes, prov\u00e1vel advers\u00e1rio do petista na disputa.<\/p>\n<p>Na avalia\u00e7\u00e3o de Carlos Lupi, presidente nacional da sigla, a volta de Lula refor\u00e7ar\u00e1 a polariza\u00e7\u00e3o entre PT e Bolsonaro e abrir\u00e1 um caminho para um candidato de centro.<\/p>\n<p><a href=\"https:\/\/www.cartacapital.com.br\/cartaexpressa\/volta-do-lula-abre-espaco-para-ciro-e-enterra-huck-e-moro-avalia-pdt\/\">Em conversa com Carta Capital<\/a>, Lupi descartou uma alian\u00e7a entre Lula e Ciro e afirmou que pretende formar um acordo com a centro esquerda.<\/p>\n<p>\u201cA volta do Lula abre um espa\u00e7o para o Ciro, pois o \u00f3dio que vai se nutrir na campanha entre Lula e Bolsonaro<\/p>\n<p>elimina de cara dois candidatos: Luciano Huck e Sergio Moro\u201d, avaliou.<\/p>\n<p>\u201cO campo do Ciro vai crescer e , e a gente conseguir fazer uma alian\u00e7a de centro esquerda, ele pode conseguir furar essa polariza\u00e7\u00e3o e ser a grande alternativa para o Brasil\u201d, aposta Lupi.<\/p>\n<!-- AddThis Advanced Settings generic via filter on the_content --><!-- AddThis Share Buttons generic via filter on the_content -->","protected":false},"excerpt":{"rendered":"<p>Candidatura do ex-presidente refor\u00e7ar\u00e1 a polariza\u00e7\u00e3o entre PT e Bolsonaro e abrir\u00e1 caminho para o centro A prov\u00e1vel candidatura de Lula em 2022, ap\u00f3s decis\u00e3o do ministro Edson Fachin, do STF, de anular as condena\u00e7\u00f5es do ex-presidente no \u00e2mbito da Opera\u00e7\u00e3o Lava Jato, foi recebida no PDT como uma oportunidade para Ciro Gomes, prov\u00e1vel advers\u00e1rio&#8230;<!-- AddThis Advanced Settings generic via filter on wp_trim_excerpt --><!-- AddThis Share Buttons generic via filter on wp_trim_excerpt --><\/p>\n","protected":false},"author":17,"featured_media":68090,"comment_status":"closed","ping_status":"closed","sticky":false,"template":"","format":"standard","meta":{"_monsterinsights_skip_tracking":false,"_monsterinsights_sitenote_active":false,"_monsterinsights_sitenote_note":"","_monsterinsights_sitenote_category":0,"_uf_show_specific_survey":0,"_uf_disable_surveys":false,"footnotes":""},"categories":[1390],"tags":[196,4423,220,670],"class_list":["post-76667","post","type-post","status-publish","format-standard","has-post-thumbnail","hentry","category-editorias","tag-carlos-lupi","tag-carta-capital","tag-ciro-gomes","tag-operacao-lava-jato"],"acf":[],"_links":{"self":[{"href":"https:\/\/pdt-rj.org.br\/index.php\/wp-json\/wp\/v2\/posts\/76667","targetHints":{"allow":["GET"]}}],"collection":[{"href":"https:\/\/pdt-rj.org.br\/index.php\/wp-json\/wp\/v2\/posts"}],"about":[{"href":"https:\/\/pdt-rj.org.br\/index.php\/wp-json\/wp\/v2\/types\/post"}],"author":[{"embeddable":true,"href":"https:\/\/pdt-rj.org.br\/index.php\/wp-json\/wp\/v2\/users\/17"}],"replies":[{"embeddable":true,"href":"https:\/\/pdt-rj.org.br\/index.php\/wp-json\/wp\/v2\/comments?post=76667"}],"version-history":[{"count":4,"href":"https:\/\/pdt-rj.org.br\/index.php\/wp-json\/wp\/v2\/posts\/76667\/revisions"}],"predecessor-version":[{"id":76673,"href":"https:\/\/pdt-rj.org.br\/index.php\/wp-json\/wp\/v2\/posts\/76667\/revisions\/76673"}],"wp:featuredmedia":[{"embeddable":true,"href":"https:\/\/pdt-rj.org.br\/index.php\/wp-json\/wp\/v2\/media\/68090"}],"wp:attachment":[{"href":"https:\/\/pdt-rj.org.br\/index.php\/wp-json\/wp\/v2\/media?parent=76667"}],"wp:term":[{"taxonomy":"category","embeddable":true,"href":"https:\/\/pdt-rj.org.br\/index.php\/wp-json\/wp\/v2\/categories?post=76667"},{"taxonomy":"post_tag","embeddable":true,"href":"https:\/\/pdt-rj.org.br\/index.php\/wp-json\/wp\/v2\/tags?post=76667"}],"curies":[{"name":"wp","href":"https:\/\/api.w.org\/{rel}","templated":true}]}}