{"id":76650,"date":"2021-03-09T14:54:10","date_gmt":"2021-03-09T17:54:10","guid":{"rendered":"http:\/\/pdt-rj.org.br\/?p=76650"},"modified":"2021-03-09T14:54:10","modified_gmt":"2021-03-09T17:54:10","slug":"axel-grael-anuncia-investimento-de-r-164-milhoes-para-prorrogacao-de-programas-sociais-em-niteroi-rj","status":"publish","type":"post","link":"https:\/\/pdt-rj.org.br\/index.php\/axel-grael-anuncia-investimento-de-r-164-milhoes-para-prorrogacao-de-programas-sociais-em-niteroi-rj\/","title":{"rendered":"Axel Grael anuncia investimento de R$ 164 milh\u00f5es para prorroga\u00e7\u00e3o de programas sociais em Niter\u00f3i (RJ)"},"content":{"rendered":"<p>O prefeito de Niter\u00f3i (RJ), Axel Grael (PDT), anunciou que solicitar\u00e1 ao Legislativo municipal a prorroga\u00e7\u00e3o dos programas Renda B\u00e1sica Tempor\u00e1ria, Busca Ativa e Empresa Cidad\u00e3 no munic\u00edpio, durante pronunciamento nas redes sociais, nessa segunda-feira (08). Ao todo, ser\u00e3o R$ 164 milh\u00f5es em investimento para extens\u00e3o dos benef\u00edcios emergenciais por mais quatro meses.<\/p>\n<p>Desde 2020, as iniciativas auxiliam fam\u00edlias, trabalhadores e empreendedores da cidade a passar com mais seguran\u00e7a pela pandemia da Covid-19. O an\u00fancio vem no momento em que novo decreto da prefeitura ampliou por 15 dias as restri\u00e7\u00f5es para conter a propaga\u00e7\u00e3o do coronav\u00edrus.<\/p>\n<p>O Renda B\u00e1sica Tempor\u00e1ria e Busca Ativa atendem cerca de 50 mil fam\u00edlias, que recebem um cart\u00e3o que pode ser usado em mercados e farm\u00e1cias. Todo m\u00eas \u00e9 depositada a quantia de R$ 500 pela prefeitura. J\u00e1 o Empresa Cidad\u00e3 \u00e9 destinado ao pagamento de um sal\u00e1rio m\u00ednimo para determinado n\u00famero de funcion\u00e1rios de micro e pequenas empresas da cidade. A previs\u00e3o de investimento com a prorroga\u00e7\u00e3o dos programas por mais quatro meses \u00e9 de aproximadamente R$ 164 milh\u00f5es.<\/p>\n<p>Em sua fala, Axel Grael explicou que os programas de aux\u00edlio foram desenvolvidos pela Prefeitura de Niter\u00f3i para mitigar os impactos sociais e econ\u00f4micos da pandemia do coronav\u00edrus.<\/p>\n<p>\u201cNiter\u00f3i \u00e9 a \u00fanica cidade a fazer um programa com essa amplitude e com esse investimento, abrangendo praticamente metade da popula\u00e7\u00e3o. Isso tem feito muita diferen\u00e7a no enfrentamento \u00e0 Covid-19. Estamos investindo na sa\u00fade e na economia da cidade, com recursos da prefeitura. Vamos superar esse momento, que \u00e9 a maior crise da nossa gera\u00e7\u00e3o. Seguimos no esfor\u00e7o para salvar vidas\u201d, destacou o gestor.<\/p>\n<p>Axel Grael lembrou ainda que Niter\u00f3i, ao mesmo tempo em que coloca em pr\u00e1tica medidas que restringem mais a circula\u00e7\u00e3o de pessoas e o hor\u00e1rio de funcionamento de estabelecimentos comerciais, trabalha para auxiliar as pessoas que mais precisam e tamb\u00e9m as empresas que geram empregos para o munic\u00edpio.<\/p>\n<p>\u201cEstamos vendo outras cidades e estados em situa\u00e7\u00e3o muito dif\u00edcil, com pessoas sem conseguir encontrar um leito hospitalar. Nossa preocupa\u00e7\u00e3o \u00e9 manter, com a\u00e7\u00f5es preventivas, nossa cidade protegida desse caos. O esfor\u00e7o da Prefeitura \u00e9 para isso e estamos fazendo a nossa parte. A popula\u00e7\u00e3o da cidade tamb\u00e9m mostrou sua consci\u00eancia c\u00edvica, respeitando as restri\u00e7\u00f5es anunciadas na semana passada para diminuir a circula\u00e7\u00e3o do v\u00edrus. Temos uma metodologia para analisar a condi\u00e7\u00e3o sanit\u00e1ria da nossa cidade, que est\u00e1 sendo acompanhada muito de perto\u201d, pontuou o prefeito.<\/p>\n<p>O pacote de iniciativas da prefeitura inclui, ainda, a distribui\u00e7\u00e3o de mais um milh\u00e3o de m\u00e1scaras para a popula\u00e7\u00e3o e a intensifica\u00e7\u00e3o do trabalho de sanitiza\u00e7\u00e3o das ruas da cidade.<\/p>\n<p><strong>Cons\u00f3rcio <\/strong><\/p>\n<p>O prefeito Axel Grael ainda anunciou que nesta quarta-feira (09) ser\u00e1 encaminhado ao legislativo um projeto de lei para ades\u00e3o ao cons\u00f3rcio de munic\u00edpios que vai realizar a compra de doses de vacinas contra a Covid-19.<\/p>\n<!-- AddThis Advanced Settings generic via filter on the_content --><!-- AddThis Share Buttons generic via filter on the_content -->","protected":false},"excerpt":{"rendered":"<p>O prefeito de Niter\u00f3i (RJ), Axel Grael (PDT), anunciou que solicitar\u00e1 ao Legislativo municipal a prorroga\u00e7\u00e3o dos programas Renda B\u00e1sica Tempor\u00e1ria, Busca Ativa e Empresa Cidad\u00e3 no munic\u00edpio, durante pronunciamento nas redes sociais, nessa segunda-feira (08). Ao todo, ser\u00e3o R$ 164 milh\u00f5es em investimento para extens\u00e3o dos benef\u00edcios emergenciais por mais quatro meses. Desde 2020,&#8230;<!-- AddThis Advanced Settings generic via filter on wp_trim_excerpt --><!-- AddThis Share Buttons generic via filter on wp_trim_excerpt --><\/p>\n","protected":false},"author":17,"featured_media":76652,"comment_status":"closed","ping_status":"closed","sticky":false,"template":"","format":"standard","meta":{"_monsterinsights_skip_tracking":false,"_monsterinsights_sitenote_active":false,"_monsterinsights_sitenote_note":"","_monsterinsights_sitenote_category":0,"_uf_show_specific_survey":0,"_uf_disable_surveys":false,"footnotes":""},"categories":[1390,1402],"tags":[4025,4548,4546,4547,4545,781,3475],"class_list":["post-76650","post","type-post","status-publish","format-standard","has-post-thumbnail","hentry","category-editorias","category-cidades","tag-axel-grael","tag-beneficios-emergenciais","tag-busca-ativa","tag-empresa-cidada","tag-prefeitura-de-niteroi-rj","tag-programas-sociais","tag-renda-basica-temporaria"],"acf":[],"_links":{"self":[{"href":"https:\/\/pdt-rj.org.br\/index.php\/wp-json\/wp\/v2\/posts\/76650","targetHints":{"allow":["GET"]}}],"collection":[{"href":"https:\/\/pdt-rj.org.br\/index.php\/wp-json\/wp\/v2\/posts"}],"about":[{"href":"https:\/\/pdt-rj.org.br\/index.php\/wp-json\/wp\/v2\/types\/post"}],"author":[{"embeddable":true,"href":"https:\/\/pdt-rj.org.br\/index.php\/wp-json\/wp\/v2\/users\/17"}],"replies":[{"embeddable":true,"href":"https:\/\/pdt-rj.org.br\/index.php\/wp-json\/wp\/v2\/comments?post=76650"}],"version-history":[{"count":4,"href":"https:\/\/pdt-rj.org.br\/index.php\/wp-json\/wp\/v2\/posts\/76650\/revisions"}],"predecessor-version":[{"id":76655,"href":"https:\/\/pdt-rj.org.br\/index.php\/wp-json\/wp\/v2\/posts\/76650\/revisions\/76655"}],"wp:featuredmedia":[{"embeddable":true,"href":"https:\/\/pdt-rj.org.br\/index.php\/wp-json\/wp\/v2\/media\/76652"}],"wp:attachment":[{"href":"https:\/\/pdt-rj.org.br\/index.php\/wp-json\/wp\/v2\/media?parent=76650"}],"wp:term":[{"taxonomy":"category","embeddable":true,"href":"https:\/\/pdt-rj.org.br\/index.php\/wp-json\/wp\/v2\/categories?post=76650"},{"taxonomy":"post_tag","embeddable":true,"href":"https:\/\/pdt-rj.org.br\/index.php\/wp-json\/wp\/v2\/tags?post=76650"}],"curies":[{"name":"wp","href":"https:\/\/api.w.org\/{rel}","templated":true}]}}