{"id":76626,"date":"2021-03-09T12:57:45","date_gmt":"2021-03-09T15:57:45","guid":{"rendered":"http:\/\/pdt-rj.org.br\/?p=76626"},"modified":"2021-03-10T19:57:31","modified_gmt":"2021-03-10T22:57:31","slug":"seguir-o-exemplo-de-portugal","status":"publish","type":"post","link":"https:\/\/pdt-rj.org.br\/index.php\/seguir-o-exemplo-de-portugal\/","title":{"rendered":"Seguir o exemplo de Portugal"},"content":{"rendered":"<div class=\"msg-body P_wpofO mq_AS\" data-test-id=\"message-view-body-content\">\n<div class=\"jb_0 X_6MGW N_6Fd5\">\n<div id=\"yiv7471575920\">\n<div dir=\"ltr\">\n<p class=\"yiv7471575920gmail-MsoNoSpacing\"><em><b>\u00c9 preciso unir o Pa\u00eds, ouvir a Ci\u00eancia, aproveitar a retomada do aux\u00edlio emergencial entendendo-o tamb\u00e9m como medida sanit\u00e1ria, convocando os brasileiros ao lockdown por algumas semanas e evitar a devasta\u00e7\u00e3o final do Brasil<\/b><\/em><\/p>\n<p class=\"yiv7471575920gmail-MsoNoSpacing\"><i>\u00a0<\/i>No in\u00edcio de janeiro, a convite do Centro de Estudos Sociais da Universidade de Coimbra, iniciei pesquisa acad\u00eamica sobre pandemia e cidades e o futuro da democracia. Queria entender melhor as raz\u00f5es do \u00eaxito de Portugal no combate \u00e0 Covid-19 e o bem sucedido modelo pol\u00edtico da geringon\u00e7a, uma coaliz\u00e3o de centro-esquerda e esquerda que coabita com um presidente conservador de centro direita, que governa o pa\u00eds desde 2015 com estabilidade pol\u00edtica, crescimento econ\u00f4mico maior do que a Europa e a retomada no s\u00e9culo XXI de um Estado de em-estar Social.<\/p>\n<p class=\"yiv7471575920gmail-MsoNoSpacing\">Para minha surpresa, naqueles dias iniciais de janeiro, Portugal estava passando pela pior situa\u00e7\u00e3o na pandemia com recordes di\u00e1rios de \u00f3bitos e novos casos do pa\u00eds em fun\u00e7\u00e3o da nova variante brit\u00e2nica, do inverno mais rigoroso, das aglomera\u00e7\u00f5es excessivas de Natal e Ano Novo decorrentes da autoconfian\u00e7a com o \u00eaxito na primeira onda e relaxamento dos cidad\u00e3os nas medidas de preven\u00e7\u00e3o com o in\u00edcio da vacina\u00e7\u00e3o em dezembro.<\/p>\n<p class=\"yiv7471575920gmail-MsoNoSpacing\">A situa\u00e7\u00e3o era dram\u00e1tica a ponto de pacientes graves do continente terem que ser levados para atendimento nas ilhas da Madeira e A\u00e7ores, pois os hospitais estavam com quase 100% de ocupa\u00e7\u00e3o dos leitos.<\/p>\n<p class=\"yiv7471575920gmail-MsoNoSpacing\">Foi ent\u00e3o que assisti o pronunciamento hist\u00f3rico do presidente da Rep\u00fablica afirmando que \u201cnenhuma das nega\u00e7\u00f5es resolve as esperas infind\u00e1veis, o sufoco das unidades intensivas, o sofrimento dos doentes. Temos de ser mais firmes no que fizemos. Sabemos que o custo de medidas mais duras \u00e9 inferior ao custo de uma sociedade destru\u00edda por uma pandemia\u201d. Junto com o primeiro-ministro, de centro-esquerda, convocaram os portugueses ao <em>lockdown<\/em> diante do \u201cper\u00edodo mais dif\u00edcil da pandemia\u201d.<\/p>\n<p class=\"yiv7471575920gmail-MsoNoSpacing\">Ap\u00f3s algumas semanas de rigoroso confinamento, todos indicadores epidemiol\u00f3gicos apontam para a retomada do controle da situa\u00e7\u00e3o em Portugal, com menos casos novos, cerca de 45 \u00f3bitos-dia, e menos de 35% de ocupa\u00e7\u00e3o dos leitos. Com o Plano de Reestrutura\u00e7\u00e3o e Resili\u00eancia come\u00e7am a debater a execu\u00e7\u00e3o de expressivos investimentos em energias renov\u00e1veis, transi\u00e7\u00e3o digital, Sa\u00fade, transporte e habita\u00e7\u00e3o, para a retomada do p\u00f3s pandemia, pois como diz o soci\u00f3logo portugu\u00eas Boaventura de Sousa Santos \u201co novo s\u00e9culo come\u00e7a agora\u201d.<\/p>\n<p class=\"yiv7471575920gmail-MsoNoSpacing\">Diante, infelizmente, da previs\u00edvel trag\u00e9dia humanit\u00e1ria e sanit\u00e1ria do Brasil com recordes di\u00e1rios de mortos e explos\u00e3o das UTIs nas cidades, \u00e9 fundamental seguir o exemplo de Portugal. Unir o pa\u00eds, ouvir a Ci\u00eancia, aproveitar a retomada do aux\u00edlio emergencial entendendo-o tamb\u00e9m como medida sanit\u00e1ria, convocando os brasileiros ao lockdown por algumas semanas e evitar a devasta\u00e7\u00e3o final do Brasil.<\/p>\n<p class=\"yiv7471575920gmail-MsoNoSpacing\">Em \u201cRa\u00edzes do Brasil\u201d, S\u00e9rgio Buarque de Holanda problematiza com o homem cordial a coloniza\u00e7\u00e3o portuguesa. Hoje os portugueses descobriram o caminho para enfrentar a pandemia e \u00e9 preciso seguir Portugal.<\/p>\n<p class=\"yiv7471575920gmail-MsoNoSpacing\"><strong><i>*Rodrigo Neves \u00e9 soci\u00f3logo e ex-prefeito de Niter\u00f3i (RJ) pelo PDT.\u00a0<\/i><\/strong><\/p>\n<\/div>\n<\/div>\n<\/div>\n<\/div>\n<!-- AddThis Advanced Settings generic via filter on the_content --><!-- AddThis Share Buttons generic via filter on the_content -->","protected":false},"excerpt":{"rendered":"<p>\u00c9 preciso unir o Pa\u00eds, ouvir a Ci\u00eancia, aproveitar a retomada do aux\u00edlio emergencial entendendo-o tamb\u00e9m como medida sanit\u00e1ria, convocando os brasileiros ao lockdown por algumas semanas e evitar a devasta\u00e7\u00e3o final do Brasil \u00a0No in\u00edcio de janeiro, a convite do Centro de Estudos Sociais da Universidade de Coimbra, iniciei pesquisa acad\u00eamica sobre pandemia e&#8230;<!-- AddThis Advanced Settings generic via filter on wp_trim_excerpt --><!-- AddThis Share Buttons generic via filter on wp_trim_excerpt --><\/p>\n","protected":false},"author":17,"featured_media":76627,"comment_status":"closed","ping_status":"closed","sticky":false,"template":"","format":"standard","meta":{"_monsterinsights_skip_tracking":false,"_monsterinsights_sitenote_active":false,"_monsterinsights_sitenote_note":"","_monsterinsights_sitenote_category":0,"_uf_show_specific_survey":0,"_uf_disable_surveys":false,"footnotes":""},"categories":[1584,1390],"tags":[3348,3465,2463,4241,3169],"class_list":["post-76626","post","type-post","status-publish","format-standard","has-post-thumbnail","hentry","category-artigos","category-editorias","tag-covid-19","tag-lockdown","tag-niteroi-rj","tag-portugal","tag-rodrigo-neves"],"acf":[],"_links":{"self":[{"href":"https:\/\/pdt-rj.org.br\/index.php\/wp-json\/wp\/v2\/posts\/76626","targetHints":{"allow":["GET"]}}],"collection":[{"href":"https:\/\/pdt-rj.org.br\/index.php\/wp-json\/wp\/v2\/posts"}],"about":[{"href":"https:\/\/pdt-rj.org.br\/index.php\/wp-json\/wp\/v2\/types\/post"}],"author":[{"embeddable":true,"href":"https:\/\/pdt-rj.org.br\/index.php\/wp-json\/wp\/v2\/users\/17"}],"replies":[{"embeddable":true,"href":"https:\/\/pdt-rj.org.br\/index.php\/wp-json\/wp\/v2\/comments?post=76626"}],"version-history":[{"count":4,"href":"https:\/\/pdt-rj.org.br\/index.php\/wp-json\/wp\/v2\/posts\/76626\/revisions"}],"predecessor-version":[{"id":76702,"href":"https:\/\/pdt-rj.org.br\/index.php\/wp-json\/wp\/v2\/posts\/76626\/revisions\/76702"}],"wp:featuredmedia":[{"embeddable":true,"href":"https:\/\/pdt-rj.org.br\/index.php\/wp-json\/wp\/v2\/media\/76627"}],"wp:attachment":[{"href":"https:\/\/pdt-rj.org.br\/index.php\/wp-json\/wp\/v2\/media?parent=76626"}],"wp:term":[{"taxonomy":"category","embeddable":true,"href":"https:\/\/pdt-rj.org.br\/index.php\/wp-json\/wp\/v2\/categories?post=76626"},{"taxonomy":"post_tag","embeddable":true,"href":"https:\/\/pdt-rj.org.br\/index.php\/wp-json\/wp\/v2\/tags?post=76626"}],"curies":[{"name":"wp","href":"https:\/\/api.w.org\/{rel}","templated":true}]}}